{"id":361336,"date":"2024-07-29T05:00:00","date_gmt":"2024-07-29T03:00:00","guid":{"rendered":"https:\/\/www.focolare.org\/?p=361336"},"modified":"2024-07-24T14:36:07","modified_gmt":"2024-07-24T12:36:07","slug":"um-condominio-original","status":"publish","type":"post","link":"https:\/\/www.focolare.org\/pt-pt\/um-condominio-original\/","title":{"rendered":"Um condom\u00ednio original"},"content":{"rendered":"\n<p>Em 112 hectares de terra, 23 organiza\u00e7\u00f5es &#8211; comunidades cat\u00f3licas e institutos &#8211; escolheram viver uma experi\u00eancia de comunh\u00e3o entre carismas. H\u00e1 24 anos, essa experi\u00eancia \u00e9 conhecida como <strong><a href=\"\" target=\"\" rel=\"noopener\">Condom\u00ednio Espiritual Uirapuru (CEU)<\/a><\/strong>, acr\u00f4nimo que significa &#8220;c\u00e9u&#8221; em portugu\u00eas. <\/p>\n\n<p>Margaret Karram e Jes\u00fas Mor\u00e1n continuam sua jornada no Brasil, agora em Fortaleza, para participar de encontros com diferentes realidades carism\u00e1ticas da Igreja. No CEU, a presidente e o co-presidente se reuniram com l\u00edderes de outras comunidades, entre eles Nelson Giovanelli e Frei Hans, da Fazenda da Esperan\u00e7a, Moys\u00e9s Azevedo, da Comunidade Shalom, e Daniela Martucci, da Novos Horizontes.  <\/p>\n\n<figure class=\"wp-block-gallery has-nested-images columns-default is-cropped wp-block-gallery-1 is-layout-flex wp-block-gallery-is-layout-flex\">\n<figure class=\"wp-block-image size-large\"><img alt=\"\" alt=\"\" loading=\"lazy\" decoding=\"async\" width=\"768\" height=\"471\" data-id=\"361007\" src=\"https:\/\/www.focolare.org\/wp-content\/uploads\/2024\/07\/CEU.jpg\" alt=\"\" class=\"wp-image-361007\" srcset=\"https:\/\/www.focolare.org\/wp-content\/uploads\/2024\/07\/CEU.jpg 768w, https:\/\/www.focolare.org\/wp-content\/uploads\/2024\/07\/CEU-480x294.jpg 480w\" sizes=\"(min-width: 0px) and (max-width: 480px) 480px, (min-width: 481px) 768px, 100vw\" \/><\/figure>\n\n\n\n<figure class=\"wp-block-image size-large\"><img alt=\"\" alt=\"\" loading=\"lazy\" decoding=\"async\" width=\"1024\" height=\"682\" data-id=\"361004\" src=\"https:\/\/www.focolare.org\/wp-content\/uploads\/2024\/07\/4945178701725806010-1024x682.jpg\" alt=\"\" class=\"wp-image-361004\" srcset=\"https:\/\/www.focolare.org\/wp-content\/uploads\/2024\/07\/4945178701725806010-1024x682.jpg 1024w, https:\/\/www.focolare.org\/wp-content\/uploads\/2024\/07\/4945178701725806010-980x653.jpg 980w, https:\/\/www.focolare.org\/wp-content\/uploads\/2024\/07\/4945178701725806010-480x320.jpg 480w\" sizes=\"(min-width: 0px) and (max-width: 480px) 480px, (min-width: 481px) and (max-width: 980px) 980px, (min-width: 981px) 1024px, 100vw\" \/><\/figure>\n\n\n\n<figure class=\"wp-block-image size-large\"><img alt=\"\" alt=\"\" loading=\"lazy\" decoding=\"async\" width=\"1024\" height=\"682\" data-id=\"361003\" src=\"https:\/\/www.focolare.org\/wp-content\/uploads\/2024\/07\/4945178701725806008-1024x682.jpg\" alt=\"\" class=\"wp-image-361003\" srcset=\"https:\/\/www.focolare.org\/wp-content\/uploads\/2024\/07\/4945178701725806008-1024x682.jpg 1024w, https:\/\/www.focolare.org\/wp-content\/uploads\/2024\/07\/4945178701725806008-980x653.jpg 980w, https:\/\/www.focolare.org\/wp-content\/uploads\/2024\/07\/4945178701725806008-480x320.jpg 480w\" sizes=\"(min-width: 0px) and (max-width: 480px) 480px, (min-width: 481px) and (max-width: 980px) 980px, (min-width: 981px) 1024px, 100vw\" \/><\/figure>\n<\/figure>\n\n<div style=\"height:18px\" aria-hidden=\"true\" class=\"wp-block-spacer\"><\/div>\n\n<p>Atrav\u00e9s das organiza\u00e7\u00f5es que o comp\u00f5em, o CEU realiza diversas a\u00e7\u00f5es de amparo e prote\u00e7\u00e3o da pessoa humana, desde a inf\u00e2ncia vulner\u00e1vel e ferida pelo abuso e explora\u00e7\u00e3o sexual at\u00e9 jovens e adultos em situa\u00e7\u00e3o de rua e depend\u00eancia qu\u00edmica. A uni\u00e3o dos carismas ali presentes \u00e9 express\u00e3o do amor que possibilita o desenvolvimento de atividades de resgate e valoriza\u00e7\u00e3o da dignidade humana, particularmente junto \u00e0queles mais necessitados. <\/p>\n\n<p><em>&#8220;O CEU \u00e9 a realiza\u00e7\u00e3o do sonho que Chiara Lubich prometeu ao Papa Jo\u00e3o Paulo II em 1998, trabalhar pela unidade dos movimentos e novas comunidades&#8221; <\/em>lembra Nelson Giovanelli, fundador da Fazenda da Esperan\u00e7a e rec\u00e9m-eleito presidente do condom\u00ednio. O carisma da unidade, difundido por Chiara Lubich, guia o cumprimento da miss\u00e3o por diversas comunidades ali presentes. Jes\u00fas Mor\u00e1n acrescenta, <em>&#8220;Se existe um lugar em que se pode entender a experi\u00eancia da Igreja \u00e9 aqui no CEU. Essa \u00e9 a Igreja, tantos carismas, pequenos ou grandes, mas todos caminham juntos pela realiza\u00e7\u00e3o do Reino de Deus&#8221;.<\/em>  <\/p>\n\n<p>S\u00e3o 230 habitantes do CEU, entre crian\u00e7as e adolescentes, jovens e adultos em recupera\u00e7\u00e3o, e mais de 500 volunt\u00e1rios. No \u00faltimo fim de semana, a comunidade Obra Lumen organizou o encontro <em>\u201cCom Deus Tem Jeito\u201d<\/em>, que recuperou 250 dependentes qu\u00edmicos da rua e os encaminhou para tratamento terap\u00eautico em diversas comunidades parceiras, como a Fazenda da Esperan\u00e7a. O espa\u00e7o tamb\u00e9m \u00e9 palco de atividades culturais que possibilitam a ressocializa\u00e7\u00e3o por meio da arte, como o Festival Halleluya da Comunidade Shalom, que re\u00fane mais de 400 mil pessoas todos os anos.  <\/p>\n\n<figure class=\"wp-block-gallery has-nested-images columns-default is-cropped wp-block-gallery-2 is-layout-flex wp-block-gallery-is-layout-flex\">\n<figure class=\"wp-block-image size-large\"><img alt=\"\" alt=\"\" loading=\"lazy\" decoding=\"async\" width=\"1024\" height=\"768\" data-id=\"361018\" src=\"https:\/\/www.focolare.org\/wp-content\/uploads\/2024\/07\/fd77c726-ef09-442f-996d-868707e424ed-1024x768.jpg\" alt=\"\" class=\"wp-image-361018\" srcset=\"https:\/\/www.focolare.org\/wp-content\/uploads\/2024\/07\/fd77c726-ef09-442f-996d-868707e424ed-1024x768.jpg 1024w, https:\/\/www.focolare.org\/wp-content\/uploads\/2024\/07\/fd77c726-ef09-442f-996d-868707e424ed-980x735.jpg 980w, https:\/\/www.focolare.org\/wp-content\/uploads\/2024\/07\/fd77c726-ef09-442f-996d-868707e424ed-480x360.jpg 480w\" sizes=\"(min-width: 0px) and (max-width: 480px) 480px, (min-width: 481px) and (max-width: 980px) 980px, (min-width: 981px) 1024px, 100vw\" \/><\/figure>\n\n\n\n<figure class=\"wp-block-image size-large\"><img alt=\"\" alt=\"\" loading=\"lazy\" decoding=\"async\" width=\"1024\" height=\"683\" data-id=\"361028\" src=\"https:\/\/www.focolare.org\/wp-content\/uploads\/2024\/07\/IMG_6951-1024x683.jpg\" alt=\"\" class=\"wp-image-361028\" srcset=\"https:\/\/www.focolare.org\/wp-content\/uploads\/2024\/07\/IMG_6951-980x653.jpg 980w, https:\/\/www.focolare.org\/wp-content\/uploads\/2024\/07\/IMG_6951-480x320.jpg 480w\" sizes=\"(min-width: 0px) and (max-width: 480px) 480px, (min-width: 481px) and (max-width: 980px) 980px, (min-width: 981px) 1024px, 100vw\" \/><\/figure>\n\n\n\n<figure class=\"wp-block-image size-large\"><img alt=\"\" alt=\"\" loading=\"lazy\" decoding=\"async\" width=\"1024\" height=\"683\" data-id=\"361033\" src=\"https:\/\/www.focolare.org\/wp-content\/uploads\/2024\/07\/IMG_6990-1024x683.jpg\" alt=\"\" class=\"wp-image-361033\" srcset=\"https:\/\/www.focolare.org\/wp-content\/uploads\/2024\/07\/IMG_6990-980x653.jpg 980w, https:\/\/www.focolare.org\/wp-content\/uploads\/2024\/07\/IMG_6990-480x320.jpg 480w\" sizes=\"(min-width: 0px) and (max-width: 480px) 480px, (min-width: 481px) and (max-width: 980px) 980px, (min-width: 981px) 1024px, 100vw\" \/><\/figure>\n\n\n\n<figure class=\"wp-block-image size-large\"><img alt=\"\" alt=\"\" loading=\"lazy\" decoding=\"async\" width=\"1024\" height=\"683\" data-id=\"361038\" src=\"https:\/\/www.focolare.org\/wp-content\/uploads\/2024\/07\/IMG_7008-1024x683.jpg\" alt=\"\" class=\"wp-image-361038\" srcset=\"https:\/\/www.focolare.org\/wp-content\/uploads\/2024\/07\/IMG_7008-980x653.jpg 980w, https:\/\/www.focolare.org\/wp-content\/uploads\/2024\/07\/IMG_7008-480x320.jpg 480w\" sizes=\"(min-width: 0px) and (max-width: 480px) 480px, (min-width: 481px) and (max-width: 980px) 980px, (min-width: 981px) 1024px, 100vw\" \/><\/figure>\n\n\n\n<figure class=\"wp-block-image size-large\"><img alt=\"\" alt=\"\" loading=\"lazy\" decoding=\"async\" width=\"1024\" height=\"770\" data-id=\"361043\" src=\"https:\/\/www.focolare.org\/wp-content\/uploads\/2024\/07\/WhatsApp-Image-2024-07-14-at-15.37.21-1024x770.jpeg\" alt=\"\" class=\"wp-image-361043\" srcset=\"https:\/\/www.focolare.org\/wp-content\/uploads\/2024\/07\/WhatsApp-Image-2024-07-14-at-15.37.21-1024x770.jpeg 1024w, https:\/\/www.focolare.org\/wp-content\/uploads\/2024\/07\/WhatsApp-Image-2024-07-14-at-15.37.21-980x737.jpeg 980w, https:\/\/www.focolare.org\/wp-content\/uploads\/2024\/07\/WhatsApp-Image-2024-07-14-at-15.37.21-480x361.jpeg 480w\" sizes=\"(min-width: 0px) and (max-width: 480px) 480px, (min-width: 481px) and (max-width: 980px) 980px, (min-width: 981px) 1024px, 100vw\" \/><\/figure>\n<\/figure>\n\n<div style=\"height:18px\" aria-hidden=\"true\" class=\"wp-block-spacer\"><\/div>\n\n<p>Nestes dias, tamb\u00e9m no Brasil, est\u00e1 acontecendo o Genfest, evento da Juventude do Movimento dos Focolares. <em>\u201cJuntos para cuidar\u201d<\/em> \u00e9 o lema desta edi\u00e7\u00e3o, que ter\u00e1 um evento internacional no Brasil e mais de 40 Genfests locais em v\u00e1rios pa\u00edses do mundo. Cada um deles come\u00e7ar\u00e1 com uma primeira fase em que os jovens ganhar\u00e3o experi\u00eancia de voluntariado e solidariedade em v\u00e1rias organiza\u00e7\u00f5es sociais. Entre elas est\u00e1 o CEU. Aqui, entre 12 e 18 de julho, um grupo de 60 jovens participantes do GenFest p\u00f4de conhecer as diferentes comunidades e realizar v\u00e1rias actividades. <em>\u201cTodas estas comunidades j\u00e1 fazem trabalho de assist\u00eancia a pessoas marginalizadas e vulner\u00e1veis. A nossa proposta foi juntarmo-nos a elas, como um la\u00e7o de uni\u00e3o. Quanto mais nos entreg\u00e1mos, mais nos abrimos aos outros, mais descobrimos a nossa ess\u00eancia\u201d<\/em>, diz Pedro \u00cdcaro, um participante do GenFest que viveu no CEU durante quatro meses com jovens de diferentes pa\u00edses.   <\/p>\n\n<p><em>&#8220;Quando essa comunh\u00e3o dos carismas incendeia o cora\u00e7\u00e3o dos nossos jovens, eles s\u00e3o capazes de transformar o mundo. Essa \u00e9 a finalidades desses eventos que fazemos no CEU, como o GenFest&#8221;<\/em> conta Moys\u00e9s Azevedo, fundador da Comunidade Shalom.<\/p>\n\n<p class=\"has-text-align-right\"><em>Ana Clara Giovani<\/em><\/p>\n","protected":false},"excerpt":{"rendered":"<p>Inspirados pelo carisma da unidade, comunidades cat\u00f3licas convivem e colaboram pelo resgate, prote\u00e7\u00e3o e valoriza\u00e7\u00e3o da dignidade humana<\/p>\n","protected":false},"author":34,"featured_media":360998,"comment_status":"open","ping_status":"open","sticky":false,"template":"","format":"standard","meta":{"give_campaign_id":0,"_seopress_robots_primary_cat":"","_seopress_titles_title":"","_seopress_titles_desc":"","_seopress_robots_index":"","_et_pb_use_builder":"","_et_pb_old_content":"","_et_gb_content_width":"","footnotes":""},"categories":[2951],"tags":[4094,3198],"class_list":["post-361336","post","type-post","status-publish","format-standard","has-post-thumbnail","hentry","category-chiesa-3","tag-di1","tag-ppg-pt-pt"],"_links":{"self":[{"href":"https:\/\/www.focolare.org\/pt-pt\/wp-json\/wp\/v2\/posts\/361336","targetHints":{"allow":["GET"]}}],"collection":[{"href":"https:\/\/www.focolare.org\/pt-pt\/wp-json\/wp\/v2\/posts"}],"about":[{"href":"https:\/\/www.focolare.org\/pt-pt\/wp-json\/wp\/v2\/types\/post"}],"author":[{"embeddable":true,"href":"https:\/\/www.focolare.org\/pt-pt\/wp-json\/wp\/v2\/users\/34"}],"replies":[{"embeddable":true,"href":"https:\/\/www.focolare.org\/pt-pt\/wp-json\/wp\/v2\/comments?post=361336"}],"version-history":[{"count":0,"href":"https:\/\/www.focolare.org\/pt-pt\/wp-json\/wp\/v2\/posts\/361336\/revisions"}],"wp:featuredmedia":[{"embeddable":true,"href":"https:\/\/www.focolare.org\/pt-pt\/wp-json\/wp\/v2\/media\/360998"}],"wp:attachment":[{"href":"https:\/\/www.focolare.org\/pt-pt\/wp-json\/wp\/v2\/media?parent=361336"}],"wp:term":[{"taxonomy":"category","embeddable":true,"href":"https:\/\/www.focolare.org\/pt-pt\/wp-json\/wp\/v2\/categories?post=361336"},{"taxonomy":"post_tag","embeddable":true,"href":"https:\/\/www.focolare.org\/pt-pt\/wp-json\/wp\/v2\/tags?post=361336"}],"curies":[{"name":"wp","href":"https:\/\/api.w.org\/{rel}","templated":true}]}}