{"id":362055,"date":"2024-08-10T05:00:00","date_gmt":"2024-08-10T03:00:00","guid":{"rendered":"https:\/\/www.focolare.org\/?p=362055"},"modified":"2024-08-10T09:22:16","modified_gmt":"2024-08-10T07:22:16","slug":"a-partir-da-comunidade-trinacional-um-futuro-de-fraternidade-para-a-america-latina","status":"publish","type":"post","link":"https:\/\/www.focolare.org\/pt-pt\/a-partir-da-comunidade-trinacional-um-futuro-de-fraternidade-para-a-america-latina\/","title":{"rendered":"A partir da comunidade \u201ctrinacional\u201d, um futuro de fraternidade para a Am\u00e9rica Latina"},"content":{"rendered":"\n<p><\/p>\n\n\n\n<p>Nesta encruzilhada de pa\u00edses, onde confluem os rios Igua\u00e7u e Paran\u00e1, fica a fronteira mais transitada da Am\u00e9rica Latina. A \u00e1rea \u00e9 caracterizada por uma grande diversidade cultural e pela presen\u00e7a secular de povos ind\u00edgenas, como o grande povo Guarani. O turismo \u00e9 o maior recurso econ\u00f4mico desta grande regi\u00e3o, \u00e0 qual as pessoas v\u00eam para visitar as Cataratas do Igua\u00e7u, que s\u00e3o as mais extensas do mundo, com uma largura de 7.65 km, e s\u00e3o consideradas uma das sete maravilhas naturais do planeta. <\/p>\n\n\n\n<figure class=\"wp-block-gallery has-nested-images columns-default is-cropped wp-block-gallery-1 is-layout-flex wp-block-gallery-is-layout-flex\">\n<figure class=\"wp-block-image size-large\"><img alt=\"\" alt=\"\" loading=\"lazy\" decoding=\"async\" width=\"1024\" height=\"769\" data-id=\"362075\" src=\"https:\/\/www.focolare.org\/wp-content\/uploads\/2024\/08\/IMG-20240804-WA0004-1024x769.jpg\" alt=\"\" class=\"wp-image-362075\" srcset=\"https:\/\/www.focolare.org\/wp-content\/uploads\/2024\/08\/IMG-20240804-WA0004-980x736.jpg 980w, https:\/\/www.focolare.org\/wp-content\/uploads\/2024\/08\/IMG-20240804-WA0004-480x361.jpg 480w\" sizes=\"(min-width: 0px) and (max-width: 480px) 480px, (min-width: 481px) and (max-width: 980px) 980px, (min-width: 981px) 1024px, 100vw\" \/><\/figure>\n\n\n\n<figure class=\"wp-block-image size-large\"><img alt=\"\" alt=\"\" loading=\"lazy\" decoding=\"async\" width=\"1024\" height=\"296\" data-id=\"362074\" src=\"https:\/\/www.focolare.org\/wp-content\/uploads\/2024\/08\/IMG-20240804-WA0006-1024x296.jpg\" alt=\"\" class=\"wp-image-362074\" srcset=\"https:\/\/www.focolare.org\/wp-content\/uploads\/2024\/08\/IMG-20240804-WA0006-980x283.jpg 980w, https:\/\/www.focolare.org\/wp-content\/uploads\/2024\/08\/IMG-20240804-WA0006-480x139.jpg 480w\" sizes=\"(min-width: 0px) and (max-width: 480px) 480px, (min-width: 481px) and (max-width: 980px) 980px, (min-width: 981px) 1024px, 100vw\" \/><\/figure>\n\n\n\n<figure class=\"wp-block-image size-large\"><img alt=\"\" alt=\"\" loading=\"lazy\" decoding=\"async\" width=\"1024\" height=\"332\" data-id=\"362084\" src=\"https:\/\/www.focolare.org\/wp-content\/uploads\/2024\/08\/IMG-20240804-WA0005-1024x332.jpg\" alt=\"\" class=\"wp-image-362084\" srcset=\"https:\/\/www.focolare.org\/wp-content\/uploads\/2024\/08\/IMG-20240804-WA0005-980x317.jpg 980w, https:\/\/www.focolare.org\/wp-content\/uploads\/2024\/08\/IMG-20240804-WA0005-480x155.jpg 480w\" sizes=\"(min-width: 0px) and (max-width: 480px) 480px, (min-width: 481px) and (max-width: 980px) 980px, (min-width: 981px) 1024px, 100vw\" \/><\/figure>\n<\/figure>\n\n\n\n<div style=\"height:16px\" aria-hidden=\"true\" class=\"wp-block-spacer\"><\/div>\n\n\n\n<p><\/p>\n\n\n\n<p>Na sua mensagem de boas-vindas, Tamara Cardoso Andr\u00e9, presidente do Centro para os Direitos Humanos e a mem\u00f3ria popular de Foz do Igua\u00e7u (CDHMP-FI), explicou que neste lugar desejam dar um significado diferente \u00e0s fronteiras nacionais: \u201cQueremos que a nossa tr\u00edplice fronteira se torne cada vez mais um local de integra\u00e7\u00e3o, uma terra que todos considerem sua, conforme o entendimento dos povos originais que n\u00e3o conhecem barreiras\u201d.<\/p>\n\n\n\n<p><strong>Foz do Igua\u00e7u, a \u00faltima etapa<\/strong><\/p>\n\n\n\n<p>Aqui termina a viagem pelo Brasil de Margaret Karram e Jes\u00fas Mor\u00e1n, presidente e copresidente do Movimento dos Focolares. Eles percorreram o pa\u00eds de Norte a Sul: visitaram a Amaz\u00f4nia brasileira, passaram por Fortaleza, Aparecida, pela Mari\u00e1polis Ginetta em Vargem Grande Paulista, pela Fazenda da Esperan\u00e7a em Pedrinhas e Guaratinguet\u00e1 (SP), at\u00e9 Foz do Igua\u00e7u.<br>Neste local, a fam\u00edlia &#8220;ampliada&#8221; da comunidade trinacional dos Focolares celebra a sua jovem hist\u00f3ria e narra a contribui\u00e7\u00e3o \u00e0 unidade que este lugar pode oferecer. O abra\u00e7o de tr\u00eas povos que a espiritualidade da unidade re\u00fane em um s\u00f3, transcende as fronteiras nacionais, embora cada um mantenha a pr\u00f3pria identidade cultural espec\u00edfica. Na ocasi\u00e3o, tamb\u00e9m estiveram presentes o card. Adalberto Martinez, arcebispo de Assun\u00e7\u00e3o (Paraguai), o bispo local dom S\u00e9rgio de Deus Borges, dom Mario Spaki, bispo de Paranava\u00ed, e dom Anuar Battisti, bispo em\u00e9rito de Maring\u00e1. Tamb\u00e9m esteve presente um grupo da comunidade isl\u00e2mica de Foz do Igua\u00e7u, com a qual h\u00e1 muito tempo existe uma rela\u00e7\u00e3o de amizade fraterna.<\/p>\n\n\n\n<p><strong>Povos com ra\u00edzes em comum<\/strong><\/p>\n\n\n\n<p>Arami Ojeda Aveiro, uma estudante de Media\u00e7\u00e3o Cultural na Universidade Federal da Integra\u00e7\u00e3o Latino-Americana (UNILA), ilustra a trajet\u00f3ria hist\u00f3rica desses povos e as graves feridas que se acumularam ao longo dos s\u00e9culos. O conflito entre Paraguai, de um lado, e Argentina, Brasil e Uruguai, de outro (1864-1870), foi um dos mais sangrentos da Am\u00e9rica do Sul em termos de vidas humanas, com consequ\u00eancias sociais e pol\u00edticas para toda a regi\u00e3o. Por outro lado, h\u00e1 tamb\u00e9m muitos fatores culturais em comum, como a m\u00fasica, a gastronomia, as tradi\u00e7\u00f5es populares derivadas da mesma raiz cultural ind\u00edgena, como o mate guarani, uma bebida t\u00edpica dos tr\u00eas povos.  <\/p>\n\n\n\n<p>A cultura guarani \u00e9 uma das mais ricas e representativas da Am\u00e9rica do Sul; \u00e9 um testemunho vivo da resili\u00eancia e da versatilidade de um povo que conseguiu preservar sua identidade ao longo dos s\u00e9culos com uma cosmogonia \u00fanica, em que a conex\u00e3o com a natureza e o respeito \u00e0s tradi\u00e7\u00f5es s\u00e3o fundamentais e podem ser uma grande riqueza para toda a humanidade.<\/p>\n\n\n\n<p>Arami Ojeda Aveiro conclui assim: \u201cPor isso, a regi\u00e3o da tr\u00edplice fronteira n\u00e3o representa somente um limite geogr\u00e1fico, mas um espa\u00e7o multicultural e de coopera\u00e7\u00e3o que fortalece toda esta regi\u00e3o\u201d.<\/p>\n\n\n\n<p><strong>A comunidade &#8220;trinacional&#8221; do Movimento dos Focolares<\/strong><\/p>\n\n\n\n<p>De todas as comunidades do Movimento dos Focolares no mundo, esta tem um car\u00e1ter \u00fanico: &#8220;Seria imposs\u00edvel sentir que somos uma fam\u00edlia se olh\u00e1ssemos apenas para as nossas hist\u00f3rias nacionais&#8221;, diz uma jovem argentina. M\u00f4nica, do Paraguai, uma das pioneiras da comunidade com F\u00e1tima Langbeck, do Brasil, conta que tudo come\u00e7ou com uma ora\u00e7\u00e3o di\u00e1ria: &#8220;\u2018Senhor, abre-nos o caminho para que possamos estabelecer uma presen\u00e7a mais s\u00f3lida do focolare e para que o teu carisma de unidade flores\u00e7a entre n\u00f3s\u2019. Desde 2013, somos uma \u00fanica comunidade e queremos escrever outra hist\u00f3ria para esta terra, que testemunhe que a fraternidade \u00e9 mais forte do que os preconceitos e as feridas seculares. Estamos unidos pela palavra da unidade de Chiara Lubich, quando ela disse que a verdadeira socialidade supera a integra\u00e7\u00e3o, porque \u00e9 o amor m\u00fatuo em a\u00e7\u00e3o, como foi anunciado no Evangelho. As nossas peculiaridades e diferen\u00e7as nos tornam mais atentos uns aos outros, e as feridas das nossas hist\u00f3rias nacionais nos ensinaram a nos perdoarmos&#8221;. <\/p>\n\n\n\n<p>As apresenta\u00e7\u00f5es art\u00edsticas demonstram a vitalidade e a atualidade das ra\u00edzes culturais dos povos que moram nesta regi\u00e3o: as can\u00e7\u00f5es da comunidade argentina que chegou do <em>litoral<\/em>; o &#8220;El Sapukai&#8221;, dan\u00e7a paraguaia muito ritmada, que \u00e9 dan\u00e7ada com at\u00e9 tr\u00eas garrafas na cabe\u00e7a; a representa\u00e7\u00e3o do povo Guarani, que entoa uma can\u00e7\u00e3o no pr\u00f3prio idioma, louvando a &#8220;grande m\u00e3e&#8221;, a floresta, que deve ser protegida, que produz bons frutos e d\u00e1 vida a todas as criaturas. <\/p>\n\n\n\n<figure class=\"wp-block-gallery has-nested-images columns-default is-cropped wp-block-gallery-2 is-layout-flex wp-block-gallery-is-layout-flex\">\n<figure class=\"wp-block-image size-large\"><img alt=\"\" alt=\"\" loading=\"lazy\" decoding=\"async\" width=\"1024\" height=\"766\" data-id=\"362064\" src=\"https:\/\/www.focolare.org\/wp-content\/uploads\/2024\/08\/photo_5856931741053338440_y-1024x766.jpg\" alt=\"\" class=\"wp-image-362064\" srcset=\"https:\/\/www.focolare.org\/wp-content\/uploads\/2024\/08\/photo_5856931741053338440_y-1024x766.jpg 1024w, https:\/\/www.focolare.org\/wp-content\/uploads\/2024\/08\/photo_5856931741053338440_y-980x733.jpg 980w, https:\/\/www.focolare.org\/wp-content\/uploads\/2024\/08\/photo_5856931741053338440_y-480x359.jpg 480w\" sizes=\"(min-width: 0px) and (max-width: 480px) 480px, (min-width: 481px) and (max-width: 980px) 980px, (min-width: 981px) 1024px, 100vw\" \/><\/figure>\n\n\n\n<figure class=\"wp-block-image size-large\"><img alt=\"\" alt=\"\" loading=\"lazy\" decoding=\"async\" width=\"1024\" height=\"768\" data-id=\"362069\" src=\"https:\/\/www.focolare.org\/wp-content\/uploads\/2024\/08\/photo_5866249775681224621_y-1-1024x768.jpg\" alt=\"\" class=\"wp-image-362069\" srcset=\"https:\/\/www.focolare.org\/wp-content\/uploads\/2024\/08\/photo_5866249775681224621_y-1-1024x768.jpg 1024w, https:\/\/www.focolare.org\/wp-content\/uploads\/2024\/08\/photo_5866249775681224621_y-1-980x735.jpg 980w, https:\/\/www.focolare.org\/wp-content\/uploads\/2024\/08\/photo_5866249775681224621_y-1-480x360.jpg 480w\" sizes=\"(min-width: 0px) and (max-width: 480px) 480px, (min-width: 481px) and (max-width: 980px) 980px, (min-width: 981px) 1024px, 100vw\" \/><\/figure>\n<\/figure>\n\n\n\n<div style=\"height:16px\" aria-hidden=\"true\" class=\"wp-block-spacer\"><\/div>\n\n\n\n<p><\/p>\n\n\n\n<p>Padre Valdir Ant\u00f4nio Riboldi, sacerdote da diocese de Foz do Igua\u00e7u, que conheceu o Movimento dos Focolares em 1976, continua a narrar a hist\u00f3ria por escrito: &#8220;Os focolares de Curitiba, no Brasil, e de Assun\u00e7\u00e3o, no Paraguai, come\u00e7aram a promover eventos envolvendo pessoas dos tr\u00eas pa\u00edses vizinhos, uma experi\u00eancia que chamamos de &#8216;Focolare Trinacional&#8217;. A vida eclesial aqui tamb\u00e9m est\u00e1 caminhando na dire\u00e7\u00e3o da comunh\u00e3o, promovendo iniciativas conjuntas entre as diversas dioceses\u201d.<\/p>\n\n\n\n<p>\u00c9 evidente que a vida desta regi\u00e3o e da comunidade local do Movimento dos Focolares n\u00e3o expressa somente a Am\u00e9rica Latina, mas o mundo inteiro. E manifesta que \u00e9 poss\u00edvel caminhar juntos, mesmo sendo diferentes. \u00c9 a espiritualidade da unidade que entra em contato com a ess\u00eancia mais profunda da identidade das pessoas e dos povos, fazendo florescer a humanidade comum e a fraternidade. <\/p>\n\n\n\n<p><strong>As palavras de Margaret Karram e Jes\u00fas Mor\u00e1n<\/strong><\/p>\n\n\n\n<p>\u201cEu me senti abra\u00e7ada n\u00e3o por um, mas por tr\u00eas povos&#8221;, disse Margaret Karram. \u201cDurante toda a minha vida, o meu sonho era viver em um mundo sem fronteiras. Aqui, tive a impress\u00e3o de ver esse meu desejo profundo realizado, e \u00e9 por isso que me sinto parte de voc\u00eas. Voc\u00eas s\u00e3o a confirma\u00e7\u00e3o de que somente o amor remove todos os obst\u00e1culos e elimina as fronteiras.&#8221;<\/p>\n\n\n\n<p>&#8220;Eu vivi 27 anos na Am\u00e9rica Latina&#8221;, contou Jes\u00fas Mor\u00e1n, &#8220;mas nunca estive nesta regi\u00e3o. Voc\u00eas passaram por muito sofrimento: os guaranis foram despojados de suas terras e dispersos. O que voc\u00eas est\u00e3o fazendo hoje \u00e9 importante, mesmo que seja pequeno. N\u00e3o podemos reescrever a hist\u00f3ria, mas podemos seguir em frente e curar as feridas, acolhendo o grito de Jesus Abandonado. As feridas s\u00e3o curadas mediante novos relacionamentos inter-regionais tamb\u00e9m com os povos origin\u00e1rios, porque eles s\u00e3o, de fato, os \u00fanicos genuinamente &#8220;trinacionais&#8221;. Eles tamb\u00e9m receberam a luz de Cristo; n\u00e3o nos esque\u00e7amos do trabalho de evangeliza\u00e7\u00e3o e promo\u00e7\u00e3o humana que os jesu\u00edtas realizaram nesta regi\u00e3o com &#8220;<em>las Reducione<\/em>s&#8221;, entre os anos 1600 e 1700. Hoje estamos conectados a essa hist\u00f3ria, a tudo o que a Igreja faz, e sabemos que a unidade \u00e9 a resposta em um mundo que precisa de uma alma e de bra\u00e7os para fazer uma verdadeira globaliza\u00e7\u00e3o \u00e0 altura da dignidade humana&#8221;.    <\/p>\n\n\n\n<p><\/p>\n\n\n\n<p>Na conclus\u00e3o, retomando a palavra, Margaret compartilhou aquilo que vivenciou neste m\u00eas: &#8220;Esta viagem aumentou em mim a f\u00e9, a esperan\u00e7a e a caridade. Na Amaz\u00f4nia, nos confins do mundo, a \u2018f\u00e9\u2019 emergiu com muita for\u00e7a. Conheci pessoas que acreditam firmemente que tudo \u00e9 poss\u00edvel, mesmo as coisas mais dif\u00edceis. Elas sonham e realizam! Gostaria de ter nem que fosse uma pitada da f\u00e9 delas, como diz o Evangelho: \u2018Em verdade vos digo: se tiverdes f\u00e9 como um gr\u00e3o de mostarda, direis a esta montanha: transporta-te daqui para l\u00e1, e ela se transportar\u00e1, e nada vos ser\u00e1 imposs\u00edvel\u2019 (<em>Mt 17,20<\/em>). De l\u00e1, levo essa f\u00e9 que move montanhas e a coragem de sonhar com grandes coisas. Em seguida, a palavra do Genfest, que n\u00e3o pode ser outra sen\u00e3o \u2018esperan\u00e7a\u2019. Vivemos juntos essa experi\u00eancia: todo o Movimento estava comprometido com os jovens e para os jovens. Foi tamb\u00e9m um evento ecum\u00eanico e inter-religioso que deu muita esperan\u00e7a.   <\/p>\n\n\n\n<p>E, por fim, a \u2018caridade\u2019, que vi hoje aqui entre voc\u00eas e que tocamos com as pr\u00f3prias m\u00e3os nas muitas organiza\u00e7\u00f5es sociais com as quais entramos em contato este m\u00eas: a Fazenda da Esperan\u00e7a, os in\u00fameros movimentos e as novas comunidades eclesiais com as quais nos reunimos em Fortaleza, o encontro da UniRedes, que re\u00fane todas as organiza\u00e7\u00f5es sociais e ag\u00eancias culturais da Am\u00e9rica Latina inspiradas pelo Carisma da Unidade [sobre as quais escreveremos \u00e0 parte]. Tudo isso expressa \u2018caridade\u2019, porque toda realidade social nasce do amor ao pr\u00f3ximo, do desejo de dar a vida pela pr\u00f3pria gente. <\/p>\n\n\n\n<p>Desta fronteira, nasce uma esperan\u00e7a para todas as comunidades do Movimento dos Focolares no mundo, mas n\u00e3o s\u00f3 no Movimento. Em dezembro passado, sugeri o projeto &#8220;Mediterr\u00e2neo da fraternidade&#8221;, para recolher todas as a\u00e7\u00f5es j\u00e1 em andamento e aquelas que surgir\u00e3o, a fim de construir a paz naquela regi\u00e3o que sofre tanto com a guerra. Tamb\u00e9m poderia partir daqui um <strong>projeto de &#8216;fraternidade para a Am\u00e9rica Latina&#8217;,<\/strong> que possa ser estendido a todos os seus pa\u00edses. Vamos confi\u00e1-lo a Maria!&#8221;.  <\/p>\n\n\n\n<p class=\"has-text-align-right\"><em>Stefania <\/em><em>Tanesini<\/em><\/p>\n\n\n\n<figure class=\"wp-block-gallery has-nested-images columns-default is-cropped wp-block-gallery-3 is-layout-flex wp-block-gallery-is-layout-flex\">\n<figure class=\"wp-block-image size-large\"><img alt=\"\" alt=\"\" loading=\"lazy\" decoding=\"async\" width=\"1280\" height=\"720\" data-id=\"362116\" src=\"https:\/\/www.focolare.org\/wp-content\/uploads\/2024\/08\/photo_5856931741053338577_y-edited.jpg\" alt=\"\" class=\"wp-image-362116\" srcset=\"https:\/\/www.focolare.org\/wp-content\/uploads\/2024\/08\/photo_5856931741053338577_y-edited.jpg 1280w, https:\/\/www.focolare.org\/wp-content\/uploads\/2024\/08\/photo_5856931741053338577_y-edited-980x551.jpg 980w, https:\/\/www.focolare.org\/wp-content\/uploads\/2024\/08\/photo_5856931741053338577_y-edited-480x270.jpg 480w\" sizes=\"(min-width: 0px) and (max-width: 480px) 480px, (min-width: 481px) and (max-width: 980px) 980px, (min-width: 981px) 1280px, 100vw\" \/><\/figure>\n\n\n\n<figure class=\"wp-block-image size-large\"><img alt=\"\" alt=\"\" loading=\"lazy\" decoding=\"async\" width=\"1024\" height=\"766\" data-id=\"362111\" src=\"https:\/\/www.focolare.org\/wp-content\/uploads\/2024\/08\/photo_5856931741053338434_y-1024x766.jpg\" alt=\"\" class=\"wp-image-362111\" srcset=\"https:\/\/www.focolare.org\/wp-content\/uploads\/2024\/08\/photo_5856931741053338434_y-1024x766.jpg 1024w, https:\/\/www.focolare.org\/wp-content\/uploads\/2024\/08\/photo_5856931741053338434_y-980x733.jpg 980w, https:\/\/www.focolare.org\/wp-content\/uploads\/2024\/08\/photo_5856931741053338434_y-480x359.jpg 480w\" sizes=\"(min-width: 0px) and (max-width: 480px) 480px, (min-width: 481px) and (max-width: 980px) 980px, (min-width: 981px) 1024px, 100vw\" \/><\/figure>\n\n\n\n<figure class=\"wp-block-image size-large\"><img alt=\"\" alt=\"\" loading=\"lazy\" decoding=\"async\" width=\"1024\" height=\"766\" data-id=\"362121\" src=\"https:\/\/www.focolare.org\/wp-content\/uploads\/2024\/08\/photo_5856931741053338574_y-1024x766.jpg\" alt=\"\" class=\"wp-image-362121\" srcset=\"https:\/\/www.focolare.org\/wp-content\/uploads\/2024\/08\/photo_5856931741053338574_y-1024x766.jpg 1024w, https:\/\/www.focolare.org\/wp-content\/uploads\/2024\/08\/photo_5856931741053338574_y-980x733.jpg 980w, https:\/\/www.focolare.org\/wp-content\/uploads\/2024\/08\/photo_5856931741053338574_y-480x359.jpg 480w\" sizes=\"(min-width: 0px) and (max-width: 480px) 480px, (min-width: 481px) and (max-width: 980px) 980px, (min-width: 981px) 1024px, 100vw\" \/><\/figure>\n<\/figure>\n","protected":false},"excerpt":{"rendered":"<p>No dia 30 de julho passado, entre os 430 participantes do encontro da comunidade do Movimentos dos Focolares que vive no territ\u00f3rio da \u201ctr\u00edplice fronteira\u201d entre Brasil, Argentina e Paraguai, estavam presentes alguns que enfrentaram at\u00e9 20 horas de viagem. <\/p>\n","protected":false},"author":33,"featured_media":362050,"comment_status":"open","ping_status":"open","sticky":false,"template":"","format":"standard","meta":{"give_campaign_id":0,"_seopress_robots_primary_cat":"","_seopress_titles_title":"","_seopress_titles_desc":"","_seopress_robots_index":"","_et_pb_use_builder":"","_et_pb_old_content":"","_et_gb_content_width":"","footnotes":""},"categories":[909,2941,129,3288],"tags":[3347,3198],"class_list":["post-362055","post","type-post","status-publish","format-standard","has-post-thumbnail","hentry","category-focolare-worldwide-2-4","category-focolari-nel-mondo-3","category-sem-categoria","category-testimonianze-di-vita-pt-pt","tag-notifiche-pt-pt","tag-ppg-pt-pt"],"_links":{"self":[{"href":"https:\/\/www.focolare.org\/pt-pt\/wp-json\/wp\/v2\/posts\/362055","targetHints":{"allow":["GET"]}}],"collection":[{"href":"https:\/\/www.focolare.org\/pt-pt\/wp-json\/wp\/v2\/posts"}],"about":[{"href":"https:\/\/www.focolare.org\/pt-pt\/wp-json\/wp\/v2\/types\/post"}],"author":[{"embeddable":true,"href":"https:\/\/www.focolare.org\/pt-pt\/wp-json\/wp\/v2\/users\/33"}],"replies":[{"embeddable":true,"href":"https:\/\/www.focolare.org\/pt-pt\/wp-json\/wp\/v2\/comments?post=362055"}],"version-history":[{"count":0,"href":"https:\/\/www.focolare.org\/pt-pt\/wp-json\/wp\/v2\/posts\/362055\/revisions"}],"wp:featuredmedia":[{"embeddable":true,"href":"https:\/\/www.focolare.org\/pt-pt\/wp-json\/wp\/v2\/media\/362050"}],"wp:attachment":[{"href":"https:\/\/www.focolare.org\/pt-pt\/wp-json\/wp\/v2\/media?parent=362055"}],"wp:term":[{"taxonomy":"category","embeddable":true,"href":"https:\/\/www.focolare.org\/pt-pt\/wp-json\/wp\/v2\/categories?post=362055"},{"taxonomy":"post_tag","embeddable":true,"href":"https:\/\/www.focolare.org\/pt-pt\/wp-json\/wp\/v2\/tags?post=362055"}],"curies":[{"name":"wp","href":"https:\/\/api.w.org\/{rel}","templated":true}]}}