{"id":362173,"date":"2024-08-16T05:00:00","date_gmt":"2024-08-16T03:00:00","guid":{"rendered":"https:\/\/www.focolare.org\/?p=362173"},"modified":"2024-08-19T15:46:04","modified_gmt":"2024-08-19T13:46:04","slug":"evangelho-vivido-senhor-e-bom-ficarmos-aqui-mt-174","status":"publish","type":"post","link":"https:\/\/www.focolare.org\/pt-pt\/evangelho-vivido-senhor-e-bom-ficarmos-aqui-mt-174\/","title":{"rendered":"Evangelho vivido: \u201cSenhor, \u00e9 bom ficarmos aqui\u201d (Mt 17,4)"},"content":{"rendered":"\n<p><strong>No momento certo<\/strong><\/p>\n\n<p>Um dia, uma pessoa que \u00e9 colaboradora do nosso centro recebeu um par de t\u00eanis novos n\u00famero 43. Mas a quem poderia servir? Naquele mesmo dia, ficamos sabendo que um garoto de 14 anos que conhecemos precisava justamente de um par de t\u00eanis e cal\u00e7ava aquele n\u00famero! Ele \u00e9 filho de uma amiga que estava no hospital naquele per\u00edodo. Inclusive, a outra filha tinha visitado o nosso centro naquele dia e soubemos que precisavam de roupas e rem\u00e9dios. Havia nos contado que precisava de um celular para ficar em contato com a m\u00e3e no hospital. E&#8230; hav\u00edamos recebido um alguns dias antes! \u00c9 impressionante ver como sempre tem \u201cAlgu\u00e9m\u201d que nos fornece justamente <em>aquelas coisas<\/em> que depois podemos doar!        <\/p>\n\n<p><strong>Uma cama em dois minutos<\/strong><\/p>\n\n<p>Est\u00e1vamos nos despedindo em um domingo que passamos \u201cem fam\u00edlia\u201d (\u00e9 um modo de dizer, porque havia uma centena de pessoas) com atividades para arrecadar fundos para os nossos jovens. Um amigo venezuelano, um dos primeiros que conheci h\u00e1 alguns anos, havia me apresentado um jovem de 18 anos: Jesus. Ele j\u00e1 tinha me contado algumas coisas que viveu desde que havia partido da Venezuela com 16 anos, sozinho! Eram dois anos de aventuras suficientes para fazer um filme de a\u00e7\u00e3o, com muitos momentos de suspense. Estava no Peru h\u00e1 quinze dias. Falando com ele, descobri que dormia em um colchonete no ch\u00e3o! Com o primeiro sal\u00e1rio (havia encontrado um trabalho rapidamente no Peru), havia programado, de forma diligente, resolver o problema com os documentos e depois pensaria na cama. Naquele momento, eu n\u00e3o tinha uma solu\u00e7\u00e3o para oferecer, mas combinamos de manter contato. Um tempo depois de termos nos despedido, encontrei uma colaboradora nossa que, sem saber de nada das exig\u00eancias de Jesus, me perguntou: \u201cEnt\u00e3o, o que fazemos com aquela cama?\u201d. \u201cMas como? Ainda est\u00e1 ali?\u201d, perguntei surpreso. \u201cSim!\u201d, ela me respondeu. Chamei Jesus que estava saindo do Centro. Ele veio imediatamente e, com a not\u00edcia de que j\u00e1 havia uma cama para ele, vi o seu olhar se iluminar. N\u00e3o havia passado nem dois minutos desde que havia lhe dito que procuraria uma solu\u00e7\u00e3o para a necessidade dele!             <\/p>\n\n<p><strong>Ultrassom gr\u00e1tis<\/strong><\/p>\n\n<p>Muitos dos imigrantes que chegam ao nosso centro precisam de cuidados m\u00e9dicos e, \u00e0s vezes, tamb\u00e9m de exames. H\u00e1 um tempo, tivemos mais uma b\u00ean\u00e7\u00e3o do c\u00e9u: um centro m\u00e9dico aqui perto nos ofereceu a possibilidade de fazer ultrassons de gra\u00e7a. Querem oferecer essa possibilidade \u00e0queles que n\u00e3o t\u00eam como pagar esses exames. \u00c9 realmente um presente para muitos dos nossos pacientes.   <\/p>\n\n<p class=\"has-text-align-right\"><em>Silvano R. \u2013 Peru<\/em><\/p>\n","protected":false},"excerpt":{"rendered":"<p>Os Evangelhos contam as experi\u00eancias inesquec\u00edveis que os disc\u00edpulos viveram com Jesus, seja de alegria seja de luz, e como as protegeram, tirando for\u00e7as delas nos momentos de dificuldade. N\u00f3s tamb\u00e9m talvez tenhamos experimentado com surpresa e emo\u00e7\u00e3o a presen\u00e7a e a\u00e7\u00e3o de Deus na nossa vida. Descobrir sua interven\u00e7\u00e3o de Amor no nosso cotidiano nos traz alegria. Como aconteceu no Peru, em um centro que trabalha h\u00e1 anos com o acolhimento e acompanhamento de imigrantes provenientes principalmente da Venezuela.    <\/p>\n","protected":false},"author":33,"featured_media":362395,"comment_status":"open","ping_status":"open","sticky":false,"template":"","format":"standard","meta":{"give_campaign_id":0,"_seopress_robots_primary_cat":"","_seopress_titles_title":"","_seopress_titles_desc":"","_seopress_robots_index":"","_et_pb_use_builder":"","_et_pb_old_content":"","_et_gb_content_width":"","footnotes":""},"categories":[3288,3310],"tags":[3347,3198],"class_list":["post-362173","post","type-post","status-publish","format-standard","has-post-thumbnail","hentry","category-testimonianze-di-vita-pt-pt","category-vite-vissute-pt-pt","tag-notifiche-pt-pt","tag-ppg-pt-pt"],"_links":{"self":[{"href":"https:\/\/www.focolare.org\/pt-pt\/wp-json\/wp\/v2\/posts\/362173","targetHints":{"allow":["GET"]}}],"collection":[{"href":"https:\/\/www.focolare.org\/pt-pt\/wp-json\/wp\/v2\/posts"}],"about":[{"href":"https:\/\/www.focolare.org\/pt-pt\/wp-json\/wp\/v2\/types\/post"}],"author":[{"embeddable":true,"href":"https:\/\/www.focolare.org\/pt-pt\/wp-json\/wp\/v2\/users\/33"}],"replies":[{"embeddable":true,"href":"https:\/\/www.focolare.org\/pt-pt\/wp-json\/wp\/v2\/comments?post=362173"}],"version-history":[{"count":0,"href":"https:\/\/www.focolare.org\/pt-pt\/wp-json\/wp\/v2\/posts\/362173\/revisions"}],"wp:featuredmedia":[{"embeddable":true,"href":"https:\/\/www.focolare.org\/pt-pt\/wp-json\/wp\/v2\/media\/362395"}],"wp:attachment":[{"href":"https:\/\/www.focolare.org\/pt-pt\/wp-json\/wp\/v2\/media?parent=362173"}],"wp:term":[{"taxonomy":"category","embeddable":true,"href":"https:\/\/www.focolare.org\/pt-pt\/wp-json\/wp\/v2\/categories?post=362173"},{"taxonomy":"post_tag","embeddable":true,"href":"https:\/\/www.focolare.org\/pt-pt\/wp-json\/wp\/v2\/tags?post=362173"}],"curies":[{"name":"wp","href":"https:\/\/api.w.org\/{rel}","templated":true}]}}