{"id":362418,"date":"2024-08-20T14:00:00","date_gmt":"2024-08-20T12:00:00","guid":{"rendered":"https:\/\/www.focolare.org\/?p=362418"},"modified":"2024-08-20T14:02:53","modified_gmt":"2024-08-20T12:02:53","slug":"trieste-e-o-acolhimento-dos-imigrantes","status":"publish","type":"post","link":"https:\/\/www.focolare.org\/pt-pt\/trieste-e-o-acolhimento-dos-imigrantes\/","title":{"rendered":"Trieste e o acolhimento dos imigrantes"},"content":{"rendered":"\n<p>Trieste \u00e9 uma cidade que fica no nordeste da It\u00e1lia, na divisa com a Eslov\u00eania. Historicamente, representa um encontro de culturas, l\u00ednguas, religi\u00f5es. E hoje \u00e9 um dos primeiros pontos de chegada da Europa para imigrantes que transitam pela rota balc\u00e2nica. Pessoas com bagagem de sofrimento, guerras e persegui\u00e7\u00f5es.   <\/p>\n\n<p>Em Trieste, a comunidade do Movimento dos Focolares, em sinergia com outras institui\u00e7\u00f5es, se esfor\u00e7a para acolher os imigrantes.<\/p>\n\n<p>\u201cO maior problema \u00e9 a percep\u00e7\u00e3o do problema em si\u201d, conta Claudia, da comunidade local. \u201cN\u00e3o se trata, de fato, de uma emerg\u00eancia, uma invas\u00e3o que n\u00e3o pode ser administrada como se diz frequentemente, mas \u00e9 um fen\u00f4meno estrutural que \u00e9 a realidade deste nosso presente hist\u00f3rico. \u00c9 um fluxo cont\u00ednuo de pessoas chegando que, se s\u00e3o acolhidas adequadamente e redistribu\u00eddas, podem at\u00e9 se tornar talentos para a nossa cidade e para o nosso pa\u00eds. Se o fen\u00f4meno migrat\u00f3rio n\u00e3o for entendido e abordado com os instrumentos adequados, \u00e9 destinado a gerar desconfian\u00e7a, medo, sofrimento, rejei\u00e7\u00e3o.\u201d <\/p>\n\n<p>No outono do ano passado, prevendo o frio, o <strong>Bispo de Trieste, monsenhor Enrico Trevisi,<\/strong> expressou o desejo de abrir um dormit\u00f3rio como resposta concreta para acolher os imigrantes. Um grupo de pessoas do Movimento dos Focolares respondeu ao apelo do bispo, oferecendo-se como volunt\u00e1rios com outras associa\u00e7\u00f5es cat\u00f3licas e cidad\u00e3os. \u201cPara n\u00f3s, n\u00e3o se trata s\u00f3 de um mero servi\u00e7o de caridade\u201d, explica Claudia, \u201cmas \u00e9 a oportunidade de encontrar em cada pr\u00f3ximo um irm\u00e3o, uma irm\u00e3 a ser amado, inclusive nas pequenas coisas: um sorriso ao oferecer uma refei\u00e7\u00e3o, a troca de palavras. Frequentemente esses irm\u00e3os nos contam uma parte da sua hist\u00f3ria, suas dores, suas esperan\u00e7as, nos mostram fotos dos filhos, mas tamb\u00e9m h\u00e1 momentos de descontra\u00e7\u00e3o e compartilhamos o tempo com serenidade. Alguns de n\u00f3s, al\u00e9m disso, acompanharam os imigrantes mais de perto, seja no caso de alguma recupera\u00e7\u00e3o m\u00e9dica seja ficando ao lado deles para montar um <em>curr\u00edculo <\/em>para que procurem emprego\u201d.    <\/p>\n\n<p>Sandra, da comunidade do Movimento dos Focolares, acrescenta: \u201cEncontramos tempo para conhecer os imigrantes, suas hist\u00f3rias, suas necessidades. Est\u00e3o nascendo experi\u00eancias pequenas e grandes que nos envolveram em ajudar tamb\u00e9m fora do turno dos dormit\u00f3rios, e elas nos estimulam muito a continuar. Os turnos nos permitiram nos doar com os outros volunt\u00e1rios e descobrir que muitos deles, mesmo n\u00e3o frequentando associa\u00e7\u00f5es ou par\u00f3quias responderam ao apelo do bispo\u201d.<\/p>\n\n<p>\u201cAos poucos, os relacionamentos crescem, um sinal de unidade tamb\u00e9m para a Igreja local\u201d, acrescenta Claudia. \u201cEssa experi\u00eancia, juntamente com a recente <a href=\"https:\/\/www.settimanesociali.it\/\">Settimana Sociale dei Cattolici Italiani <\/a>(Semana Social dos Cat\u00f3licos Italianos), com a presen\u00e7a do papa Francisco, dar\u00e1 um grande sustento a esta nossa cidade de fronteira.\u201d <\/p>\n\n<p>\u201cEm Trieste conheci os melhores volunt\u00e1rios, que n\u00e3o se limitam a distribuir comida\u201d, conta um h\u00f3spede do dormit\u00f3rio diocesano. \u201cMatar a fome dos necessitados e curar as feridas dos doentes s\u00e3o tarefas nobres porque s\u00e3o as mais urgentes e necess\u00e1rias. Por\u00e9m, existem outras necessidades extremamente importantes para o ser humano: a sa\u00fade de suas emo\u00e7\u00f5es, sintomas do estado da alma. N\u00e3o \u00e9 uma quest\u00e3o individual ou menor, \u00e9 o que faz a diferen\u00e7a entre as a\u00e7\u00f5es que t\u00eam um impacto moment\u00e2neo e aquelas que persistem e permeiam toda a sociedade. Os melhores volunt\u00e1rios\u201d, continua, \u201cagem porque t\u00eam a consci\u00eancia de que os necessitados n\u00e3o s\u00e3o deposit\u00e1rios de caridade, somos pessoas com uma hist\u00f3ria que vale a pena escutar. Sabem que cada imigrante traz dentro de si um luto pelas ra\u00edzes perdidas, ao mesmo tempo, uma esperan\u00e7a que golpeia os muros do sistema e uma luta incessante pela sobreviv\u00eancia. Os melhores volunt\u00e1rios\u201d, conclui, \u201cse comovem diante desta humanidade adolescente e s\u00e3o encorajados a escutar nossas hist\u00f3rias sem parar diante de barreiras lingu\u00edsticas: ensinam italiano, aprendem espanhol, usam a tecnologia, renunciam ao seu tempo pessoal, investem a energia no bem comum, sonham com uma comunidade na qual todos possam oferecer o melhor de si mesmos\u201d.  <\/p>\n\n<p class=\"has-text-align-right\"><em>Lorenzo Russo<\/em><\/p>\n","protected":false},"excerpt":{"rendered":"<p>A comunidade local do Movimento dos Focolares se doa todos os dias para ajudar aqueles que chegam \u00e0 cidade italiana de fronteira, fugindo de guerras, persegui\u00e7\u00f5es e dores de todos os tipos.<\/p>\n","protected":false},"author":33,"featured_media":362413,"comment_status":"open","ping_status":"open","sticky":false,"template":"","format":"standard","meta":{"give_campaign_id":0,"_seopress_robots_primary_cat":"","_seopress_titles_title":"","_seopress_titles_desc":"","_seopress_robots_index":"","_et_pb_use_builder":"","_et_pb_old_content":"","_et_gb_content_width":"","footnotes":""},"categories":[3176,3288],"tags":[3347,3198],"class_list":["post-362418","post","type-post","status-publish","format-standard","has-post-thumbnail","hentry","category-social","category-testimonianze-di-vita-pt-pt","tag-notifiche-pt-pt","tag-ppg-pt-pt"],"_links":{"self":[{"href":"https:\/\/www.focolare.org\/pt-pt\/wp-json\/wp\/v2\/posts\/362418","targetHints":{"allow":["GET"]}}],"collection":[{"href":"https:\/\/www.focolare.org\/pt-pt\/wp-json\/wp\/v2\/posts"}],"about":[{"href":"https:\/\/www.focolare.org\/pt-pt\/wp-json\/wp\/v2\/types\/post"}],"author":[{"embeddable":true,"href":"https:\/\/www.focolare.org\/pt-pt\/wp-json\/wp\/v2\/users\/33"}],"replies":[{"embeddable":true,"href":"https:\/\/www.focolare.org\/pt-pt\/wp-json\/wp\/v2\/comments?post=362418"}],"version-history":[{"count":0,"href":"https:\/\/www.focolare.org\/pt-pt\/wp-json\/wp\/v2\/posts\/362418\/revisions"}],"wp:featuredmedia":[{"embeddable":true,"href":"https:\/\/www.focolare.org\/pt-pt\/wp-json\/wp\/v2\/media\/362413"}],"wp:attachment":[{"href":"https:\/\/www.focolare.org\/pt-pt\/wp-json\/wp\/v2\/media?parent=362418"}],"wp:term":[{"taxonomy":"category","embeddable":true,"href":"https:\/\/www.focolare.org\/pt-pt\/wp-json\/wp\/v2\/categories?post=362418"},{"taxonomy":"post_tag","embeddable":true,"href":"https:\/\/www.focolare.org\/pt-pt\/wp-json\/wp\/v2\/tags?post=362418"}],"curies":[{"name":"wp","href":"https:\/\/api.w.org\/{rel}","templated":true}]}}