{"id":363605,"date":"2024-09-20T16:25:10","date_gmt":"2024-09-20T14:25:10","guid":{"rendered":"https:\/\/www.focolare.org\/rumo-a-celebracao-da-pascoa-juntos\/"},"modified":"2024-09-21T15:14:40","modified_gmt":"2024-09-21T13:14:40","slug":"rumo-a-celebracao-da-pascoa-juntos","status":"publish","type":"post","link":"https:\/\/www.focolare.org\/pt-pt\/rumo-a-celebracao-da-pascoa-juntos\/","title":{"rendered":"Rumo \u00e0 celebra\u00e7\u00e3o da P\u00e1scoa juntos"},"content":{"rendered":"\n<p>\u201c<em>Temos certeza de que a coopera\u00e7\u00e3o do mundo crist\u00e3o \u00e9 essencial e que a celebra\u00e7\u00e3o comum da P\u00e1scoa de 2025, com todos os crist\u00e3os, paralelamente aos eventos do anivers\u00e1rio do Primeiro Conc\u00edlio de Niceia, pode ser um ponto de partida significativo para enfrentarmos juntos os desafios da humanidade e promover a\u00e7\u00f5es conjuntas. Esperamos poder organizar um encontro de representantes do mundo crist\u00e3o com a presen\u00e7a de voc\u00eas, no lugar onde se realizou originalmente o Conc\u00edlio de Niceia  <\/em>\u201d.<\/p>\n\n<p>Com essa perspectiva, o grupo ecum\u00eanico \u201cP\u00e1scoa Together 2025\u201d (PT2025), que re\u00fane realidades e comunidades de diversas confiss\u00f5es crist\u00e3s, esteve primeiramente em Istambul (Turquia), em audi\u00eancia com o patriarca ecum\u00eanico de Constantinopla, Bartolomeu I, e depois no Vaticano com o papa Francisco, nos dias 14 e 19 de setembro, respectivamente.<\/p>\n\n<p>O grupo pediu aos dois l\u00edderes crist\u00e3os que a celebra\u00e7\u00e3o comum da Ressurrei\u00e7\u00e3o no pr\u00f3ximo ano n\u00e3o seja uma exce\u00e7\u00e3o, mas que se torne habitual para todas as Igrejas crist\u00e3s. \u00c9 um passo a mais rumo \u00e0 unidade, em prepara\u00e7\u00e3o para o pr\u00f3ximo <em>Segundo Mil\u00eanio da Reden\u00e7\u00e3o<\/em>, em 2033, que marcar\u00e1 os 2000 anos da ressurrei\u00e7\u00e3o de Cristo.<\/p>\n\n<p> \u201cP\u00e1scoa Together 2025\u201d nasceu precisamente em vista dessa pr\u00f3xima comemora\u00e7\u00e3o excepcional, visto que, em 2025, a data da P\u00e1scoa coincidir\u00e1 nos dois calend\u00e1rios, o gregoriano e o juliano. Sendo assim, os crist\u00e3os da Igrejas do Ocidente e da Igreja Ortodoxa a celebrar\u00e3o no mesmo dia. Al\u00e9m disso, ser\u00e1 lembrado o anivers\u00e1rio de 1.700 anos do Conc\u00edlio Ecum\u00eanico de Niceia, que promulgou o S\u00edmbolo da F\u00e9 (o Credo) e abordou o tema da data da P\u00e1scoa. <\/p>\n\n<figure class=\"wp-block-image size-large\"><img alt=\"\" alt=\"\" loading=\"lazy\" decoding=\"async\" width=\"1024\" height=\"576\" src=\"https:\/\/www.focolare.org\/wp-content\/uploads\/2024\/09\/Immagine-WhatsApp-2024-09-20-ore-15.21.28_ab200bf8-1024x576.jpg\" alt=\"\" class=\"wp-image-363507\" srcset=\"https:\/\/www.focolare.org\/wp-content\/uploads\/2024\/09\/Immagine-WhatsApp-2024-09-20-ore-15.21.28_ab200bf8-980x551.jpg 980w, https:\/\/www.focolare.org\/wp-content\/uploads\/2024\/09\/Immagine-WhatsApp-2024-09-20-ore-15.21.28_ab200bf8-480x270.jpg 480w\" sizes=\"(min-width: 0px) and (max-width: 480px) 480px, (min-width: 481px) and (max-width: 980px) 980px, (min-width: 981px) 1024px, 100vw\" \/><\/figure>\n\n<p>O grupo \u00e9 formado por representantes de v\u00e1rias igrejas crist\u00e3s, al\u00e9m de movimentos pol\u00edticos e sociais crist\u00e3os, como a Assembleia Interparlamentar Ortodoxa (IAO), que foi a promotora; o projeto \u201cJuntos pela Europa\u201d, o movimento \u201cJesus Cristo 2033\u201d e o \u201cCentro Uno\u201d do Movimento dos Focolares. H\u00e1 dois anos, o grupo vem trilhando um caminho comum, que os levou a assinar uma declara\u00e7\u00e3o conjunta que sanciona o compromisso de trabalhar para que todas as igrejas crist\u00e3s possam celebrar juntas o evento pascal. Al\u00e9m do Patriarca de Constantinopla e do Papa, o documento foi entregue anteriormente ao secret\u00e1rio geral do Conselho Mundial de Igrejas, rev. Jerry Pillay e ao ex-secret\u00e1rio geral da Alian\u00e7a Evang\u00e9lica Mundial, bispo Thomas Schirrmacher. Est\u00e3o em prepara\u00e7\u00e3o os contatos com outros l\u00edderes crist\u00e3os.   <\/p>\n\n<p>O patriarca Bartolomeu I anunciou que uma comiss\u00e3o conjunta, composta por quatro ortodoxos e quatro cat\u00f3licos romanos, j\u00e1 est\u00e1 trabalhando na elabora\u00e7\u00e3o do programa para a celebra\u00e7\u00e3o do 1.700\u00ba anivers\u00e1rio do primeiro Conc\u00edlio Ecum\u00eanico, que ser\u00e1 em Iznick \u2013 o nome turco da antiga Niceia \u2013, onde a comiss\u00e3o j\u00e1 esteve para examinar a viabilidade. Ele informou que o prefeito da cidade \u00e9 favor\u00e1vel e est\u00e1 pronto para colaborar. Logicamente, o convite foi estendido ao papa Francisco, e este seria o d\u00e9cimo terceiro encontro deles.  <\/p>\n\n<p>O Patriarca ressaltou que a data da P\u00e1scoa n\u00e3o \u00e9 uma quest\u00e3o de dogma ou de f\u00e9, mas \u00e9 o resultado de um c\u00e1lculo da astronomia.<\/p>\n\n<figure class=\"wp-block-gallery has-nested-images columns-default is-cropped wp-block-gallery-1 is-layout-flex wp-block-gallery-is-layout-flex\">\n<figure class=\"wp-block-image size-large\"><img alt=\"\" alt=\"\" loading=\"lazy\" decoding=\"async\" width=\"1024\" height=\"736\" data-id=\"363569\" src=\"https:\/\/www.focolare.org\/wp-content\/uploads\/2024\/09\/2024-09-20-ore-15.18.59_cacbad9c-1024x736.jpg\" alt=\"\" class=\"wp-image-363569\" srcset=\"https:\/\/www.focolare.org\/wp-content\/uploads\/2024\/09\/2024-09-20-ore-15.18.59_cacbad9c-980x704.jpg 980w, https:\/\/www.focolare.org\/wp-content\/uploads\/2024\/09\/2024-09-20-ore-15.18.59_cacbad9c-480x345.jpg 480w\" sizes=\"(min-width: 0px) and (max-width: 480px) 480px, (min-width: 481px) and (max-width: 980px) 980px, (min-width: 981px) 1024px, 100vw\" \/><\/figure>\n\n\n\n<figure class=\"wp-block-image size-large\"><img alt=\"\" alt=\"\" loading=\"lazy\" decoding=\"async\" width=\"1000\" height=\"667\" data-id=\"363581\" src=\"https:\/\/www.focolare.org\/wp-content\/uploads\/2024\/09\/DSC_3863R.jpg\" alt=\"\" class=\"wp-image-363581\" srcset=\"https:\/\/www.focolare.org\/wp-content\/uploads\/2024\/09\/DSC_3863R.jpg 1000w, https:\/\/www.focolare.org\/wp-content\/uploads\/2024\/09\/DSC_3863R-980x654.jpg 980w, https:\/\/www.focolare.org\/wp-content\/uploads\/2024\/09\/DSC_3863R-480x320.jpg 480w\" sizes=\"(min-width: 0px) and (max-width: 480px) 480px, (min-width: 481px) and (max-width: 980px) 980px, (min-width: 981px) 1000px, 100vw\" \/><\/figure>\n<\/figure>\n\n<div style=\"height:18px\" aria-hidden=\"true\" class=\"wp-block-spacer\"><\/div>\n\n<p>O papa Francisco, em seu discurso, reiterou que \u201ca P\u00e1scoa n\u00e3o acontece por alguma iniciativa nossa, por um calend\u00e1rio ou outro. O evento pascal ocorreu porque Deus \u2018amou tanto o mundo que deu o seu Filho unig\u00eanito, para que todo o que nele crer n\u00e3o pere\u00e7a, mas tenha a vida eterna\u2019. N\u00e3o esque\u00e7amos o primado de Deus, o seu \u2018<em>primerear<\/em>\u2019, o fato que Ele deu o primeiro passo. N\u00e3o nos fechemos em nossos esquemas, em nossos projetos, em nossos calend\u00e1rios, em \u2018nossa\u2019 P\u00e1scoa. A P\u00e1scoa \u00e9 de Cristo!\u201d   <\/p>\n\n<p>O Papa nos convida a partilhar, a projetar e a \u201ccaminhar juntos\u201d. E lan\u00e7a um convite: \u201crecome\u00e7ar de Jerusal\u00e9m, como os ap\u00f3stolos, pois \u00e9 o lugar de onde o an\u00fancio da Ressurrei\u00e7\u00e3o se difundiu para o mundo\u201d. O Papa nos exorta a voltar l\u00e1 \u201ce rezar ao Pr\u00edncipe da Paz para que nos d\u00ea hoje a sua paz\u201d. <\/p>\n\n<p>\u00c9 um convite que evoca aquilo que o patriarca ecum\u00eanico Bartolomeu I j\u00e1 havia expressado quando exortou o grupo PT2025 a promover a\u00e7\u00f5es para defender os direitos humanos e uma conviv\u00eancia pac\u00edfica entre todos os povos, rezando assim: \u201cImploramos ao Senhor que ilumine os cora\u00e7\u00f5es dos respons\u00e1veis e os guie no caminho da justi\u00e7a e do amor, para que possamos sanar essas divis\u00f5es e restabelecer a unidade que est\u00e1 no centro da nossa f\u00e9\u201d.<\/p>\n\n<p class=\"has-text-align-right\"><em>Stefania Tanesini<\/em><br\/><em>Foto: \u00a9 Vatican Media y Centro Uno<\/em><\/p>\n","protected":false},"excerpt":{"rendered":"<p>O grupo ecum\u00eanico \u201cP\u00e1scoa Together 2025\u201d visitou o Patriarca Ecum\u00eanico de Constantinopla e o papa Francisco, a fim de oferecer o pr\u00f3prio comprometimento para que todos os crist\u00e3os possam celebrar a P\u00e1scoa juntos. No pr\u00f3ximo ano, a data da P\u00e1scoa ortodoxa e a das outras denomina\u00e7\u00f5es crist\u00e3s coincidir\u00e1, e ser\u00e1 tamb\u00e9m a comemora\u00e7\u00e3o dos 1.700 anos do Conc\u00edlio Ecum\u00eanico de Niceia. <\/p>\n","protected":false},"author":34,"featured_media":363578,"comment_status":"open","ping_status":"open","sticky":false,"template":"","format":"standard","meta":{"give_campaign_id":0,"_seopress_robots_primary_cat":"","_seopress_titles_title":"","_seopress_titles_desc":"","_seopress_robots_index":"","_et_pb_use_builder":"","_et_pb_old_content":"","_et_gb_content_width":"","footnotes":""},"categories":[2951,3193],"tags":[3457,3347,3198],"class_list":["post-363605","post","type-post","status-publish","format-standard","has-post-thumbnail","hentry","category-chiesa-3","category-ecumenismo-pt-pt","tag-dialogo-ecumenico-pt-pt","tag-notifiche-pt-pt","tag-ppg-pt-pt"],"_links":{"self":[{"href":"https:\/\/www.focolare.org\/pt-pt\/wp-json\/wp\/v2\/posts\/363605","targetHints":{"allow":["GET"]}}],"collection":[{"href":"https:\/\/www.focolare.org\/pt-pt\/wp-json\/wp\/v2\/posts"}],"about":[{"href":"https:\/\/www.focolare.org\/pt-pt\/wp-json\/wp\/v2\/types\/post"}],"author":[{"embeddable":true,"href":"https:\/\/www.focolare.org\/pt-pt\/wp-json\/wp\/v2\/users\/34"}],"replies":[{"embeddable":true,"href":"https:\/\/www.focolare.org\/pt-pt\/wp-json\/wp\/v2\/comments?post=363605"}],"version-history":[{"count":0,"href":"https:\/\/www.focolare.org\/pt-pt\/wp-json\/wp\/v2\/posts\/363605\/revisions"}],"wp:featuredmedia":[{"embeddable":true,"href":"https:\/\/www.focolare.org\/pt-pt\/wp-json\/wp\/v2\/media\/363578"}],"wp:attachment":[{"href":"https:\/\/www.focolare.org\/pt-pt\/wp-json\/wp\/v2\/media?parent=363605"}],"wp:term":[{"taxonomy":"category","embeddable":true,"href":"https:\/\/www.focolare.org\/pt-pt\/wp-json\/wp\/v2\/categories?post=363605"},{"taxonomy":"post_tag","embeddable":true,"href":"https:\/\/www.focolare.org\/pt-pt\/wp-json\/wp\/v2\/tags?post=363605"}],"curies":[{"name":"wp","href":"https:\/\/api.w.org\/{rel}","templated":true}]}}