{"id":364798,"date":"2024-11-01T00:05:00","date_gmt":"2024-10-31T23:05:00","guid":{"rendered":"https:\/\/www.focolare.org\/?p=364798"},"modified":"2024-11-01T16:07:56","modified_gmt":"2024-11-01T15:07:56","slug":"ela-da-sua-pobreza-ofereceu-tudo-o-que-tinha-para-viver-mc-1243","status":"publish","type":"post","link":"https:\/\/www.focolare.org\/pt-pt\/ela-da-sua-pobreza-ofereceu-tudo-o-que-tinha-para-viver-mc-1243\/","title":{"rendered":"\u201cEla, da sua pobreza, ofereceu tudo o que tinha para viver.\u201d (Mc 12,43)"},"content":{"rendered":"\n<p>Estamos na conclus\u00e3o do cap\u00edtulo 12 do Evangelho de Marcos. Jesus est\u00e1 no templo de Jerusal\u00e9m, observa e ensina. Atrav\u00e9s do seu olhar, assistimos a uma cena repleta de personagens: pessoas indo e vindo, os encarregados do culto, figuras ilustres com longas t\u00fanicas, pessoas ricas depositando suas fartas oferendas no tesouro do templo.  <\/p>\n\n<p>De repente entra em cena uma vi\u00fava. Ela faz parte de uma categoria de pessoas social e economicamente desfavorecidas. Despercebida na multid\u00e3o, ela deposita duas moedinhas no tesouro. Mas Jesus a percebe, chama seus disc\u00edpulos e os instrui:  <\/p>\n\n<p><strong>\u201cEla, da sua pobreza, ofereceu tudo o que tinha para viver.\u201d<\/strong><\/p>\n\n<p>\u201cEm verdade eu vos digo\u2026\u201d S\u00e3o essas as palavras que introduzem os ensinamentos importantes. O olhar de Jesus, concentrado na vi\u00fava pobre, convida-nos a olhar na mesma dire\u00e7\u00e3o: \u00e9 ela o verdadeiro modelo do disc\u00edpulo. <\/p>\n\n<p>A sua f\u00e9 no amor de Deus \u00e9 incondicional: seu tesouro \u00e9 o pr\u00f3prio Deus. E, ao entregar-se totalmente a Ele, a vi\u00fava deseja tamb\u00e9m doar tudo o que pode em favor dos mais pobres. Esse abandono confiante no Pai \u00e9, de certo modo, a antecipa\u00e7\u00e3o do mesmo dom de si que Jesus realizaria em breve com a sua paix\u00e3o e morte. \u00c9 a \u201cpobreza em esp\u00edrito\u201d e a \u201cpureza de cora\u00e7\u00e3o\u201d que Jesus proclamou e viveu.   <\/p>\n\n<p>Isso significa \u201cdepositar a nossa confian\u00e7a n\u00e3o nas riquezas, mas no amor de Deus e na sua provid\u00eancia. [\u2026] Somos \u2018pobres em esp\u00edrito\u2019 quando nos deixamos nortear pelo amor para com os outros. \u00c9 ent\u00e3o que partilhamos o que temos, colocando-o \u00e0 disposi\u00e7\u00e3o de quem quer que esteja em necessidade: um sorriso, o nosso tempo, os nossos bens, as nossas capacidades. Tendo doado tudo por amor, somos pobres, ou seja, estamos esvaziados, anulados, livres, e temos o cora\u00e7\u00e3o puro.\u201d<a href=\"#_ftn1\" id=\"_ftnref1\">[1]<\/a><\/p>\n\n<p>A proposta de Jesus revoluciona a nossa mentalidade: no centro do seu pensamento est\u00e3o os pequenos, os pobres, os \u00faltimos.<\/p>\n\n<p><strong>\u201cEla, da sua pobreza, ofereceu tudo o que tinha para viver.\u201d<\/strong><\/p>\n\n<p>Esta Palavra de Vida nos convida antes de tudo a renovar a nossa plena confian\u00e7a no amor de Deus e a nos confrontarmos com o seu olhar, para ver al\u00e9m das apar\u00eancias, sem julgar e sem depender do julgamento dos outros, a real\u00e7ar o positivo de cada pessoa.<\/p>\n\n<p>Ela nos sugere que a l\u00f3gica do Evangelho \u00e9 a doa\u00e7\u00e3o total, que constr\u00f3i uma comunidade pacificada porque nos impulsiona a cuidarmos uns dos outros. Ela nos anima a viver o Evangelho no dia a dia, sem alarde; a doar com generosidade e confian\u00e7a; a viver com sobriedade, na partilha. Ela nos convoca a dedicar aten\u00e7\u00e3o aos \u00faltimos, para aprender com eles.  <\/p>\n\n<p>Venant nasceu e foi criado no Burundi. Ele conta: \u201cNa aldeia, minha fam\u00edlia podia orgulhar-se de ter uma \u00f3tima propriedade, que garantia uma boa colheita. Nossa m\u00e3e, consciente de que tudo era provid\u00eancia do C\u00e9u, recolhia os primeiros frutos e os distribu\u00eda regularmente na vizinhan\u00e7a, come\u00e7ando pelas fam\u00edlias mais necessitadas e destinando a n\u00f3s mesmos apenas uma pequena parte do que sobrava. Com esse exemplo aprendi o valor da doa\u00e7\u00e3o desinteressada. Assim, entendi que Deus estava me pedindo que eu desse a Ele a melhor parte; mais ainda, que desse a Ele toda a minha vida\u201d. <\/p>\n\n<p class=\"has-text-align-right\">Org.: Letizia Magri<br\/>com a comiss\u00e3o da Palavra de Vida<\/p>\n\n<p><\/p>\n\n<hr class=\"wp-block-separator has-alpha-channel-opacity\"\/>\n\n<p><em>\u00a9 Foto: Leonard Mukooli &#8211; Pixabay<\/em><\/p>\n\n<p class=\"has-small-font-size\"><a href=\"#_ftnref1\" id=\"_ftn1\">[1]<\/a> Cf. LUBICH, Chiara. Pobreza que \u00e9 riqueza. <em>Palavra de Vida,<\/em> novembro de 2003.<\/p>\n\n<p class=\"has-small-font-size\"><\/p>\n","protected":false},"excerpt":{"rendered":"<p>Palavra de Vida \u2013 Novembro de 2024<\/p>\n","protected":false},"author":33,"featured_media":364781,"comment_status":"open","ping_status":"open","sticky":false,"template":"","format":"standard","meta":{"give_campaign_id":0,"_seopress_robots_primary_cat":"","_seopress_titles_title":"","_seopress_titles_desc":"","_seopress_robots_index":"","_et_pb_use_builder":"","_et_pb_old_content":"","_et_gb_content_width":"","footnotes":""},"categories":[3160],"tags":[3347,3198],"class_list":["post-364798","post","type-post","status-publish","format-standard","has-post-thumbnail","hentry","category-palavra-de-vida-pt-pt","tag-notifiche-pt-pt","tag-ppg-pt-pt"],"_links":{"self":[{"href":"https:\/\/www.focolare.org\/pt-pt\/wp-json\/wp\/v2\/posts\/364798","targetHints":{"allow":["GET"]}}],"collection":[{"href":"https:\/\/www.focolare.org\/pt-pt\/wp-json\/wp\/v2\/posts"}],"about":[{"href":"https:\/\/www.focolare.org\/pt-pt\/wp-json\/wp\/v2\/types\/post"}],"author":[{"embeddable":true,"href":"https:\/\/www.focolare.org\/pt-pt\/wp-json\/wp\/v2\/users\/33"}],"replies":[{"embeddable":true,"href":"https:\/\/www.focolare.org\/pt-pt\/wp-json\/wp\/v2\/comments?post=364798"}],"version-history":[{"count":0,"href":"https:\/\/www.focolare.org\/pt-pt\/wp-json\/wp\/v2\/posts\/364798\/revisions"}],"wp:featuredmedia":[{"embeddable":true,"href":"https:\/\/www.focolare.org\/pt-pt\/wp-json\/wp\/v2\/media\/364781"}],"wp:attachment":[{"href":"https:\/\/www.focolare.org\/pt-pt\/wp-json\/wp\/v2\/media?parent=364798"}],"wp:term":[{"taxonomy":"category","embeddable":true,"href":"https:\/\/www.focolare.org\/pt-pt\/wp-json\/wp\/v2\/categories?post=364798"},{"taxonomy":"post_tag","embeddable":true,"href":"https:\/\/www.focolare.org\/pt-pt\/wp-json\/wp\/v2\/tags?post=364798"}],"curies":[{"name":"wp","href":"https:\/\/api.w.org\/{rel}","templated":true}]}}