{"id":365718,"date":"2024-10-30T05:00:00","date_gmt":"2024-10-30T04:00:00","guid":{"rendered":"https:\/\/www.focolare.org\/?p=365718"},"modified":"2024-10-30T10:06:06","modified_gmt":"2024-10-30T09:06:06","slug":"evangelho-vivido-quem-quiser-ser-o-maior-entre-vos-seja-aquele-que-vos-serve","status":"publish","type":"post","link":"https:\/\/www.focolare.org\/pt-pt\/evangelho-vivido-quem-quiser-ser-o-maior-entre-vos-seja-aquele-que-vos-serve\/","title":{"rendered":"Evangelho vivido: \u201cQuem quiser ser o maior entre v\u00f3s seja aquele que vos serve\u2026\u201d"},"content":{"rendered":"\n<p><strong>Na sala de espera<\/strong><\/p>\n\n<p>H\u00e1 alguns meses, fui diagnosticado com um tumor. O m\u00e9dico me aconselhou a come\u00e7ar um tratamento alternativo e depois concluir com a radioterapia. <\/p>\n\n<p>No primeiro dia do ciclo de radioterapia, encontrei uma grande sala de espera com muitos pacientes com a cabe\u00e7a baixa&#8230; Mostrei o cart\u00e3o de acesso para entrar, fiquei em p\u00e9, porque n\u00e3o havia mais cadeiras, esse foi o momento mais forte, no qual abracei e aceitei a dor que essa situa\u00e7\u00e3o me provocava. No segundo dia, pedi a Deus que me desse for\u00e7a e comecei a falar com um, dois e at\u00e9 tr\u00eas pacientes, perguntando de onde vinham, como havia sido a viagem para chegar, j\u00e1 que eram de diversos lugares. Assim, dia ap\u00f3s dia, a sala de espera se transformou em um lugar de alegria. Respir\u00e1vamos outro ar, o amor, a paci\u00eancia, o comedimento; nos demos apelidos inspirados em personagens famosos. No meu \u00faltimo dia de tratamento, levei doces para todos, colocamos chap\u00e9us para tirar fotos e finalmente colocamos a m\u00e3o direita no meio para fazer um pacto de fraternidade \u201cat\u00e9 que a morte nos separe\u201d.     <\/p>\n\n<p>A m\u00e9dica diretora do servi\u00e7o me chamou para entregar o relat\u00f3rio m\u00e9dico que eu devia levar para o especialista que me acompanha e me cumprimentou com um abra\u00e7o e um beijo, dizendo: \u201cVoc\u00ea far\u00e1 falta, nos fez rir muito&#8230; eu o ouvia da minha sala\u201d. Na sa\u00edda, passei pela sala de espera e todos estavam de p\u00e9, me aplaudindo, as l\u00e1grimas come\u00e7aram a cair, fiz uma sauda\u00e7\u00e3o e, j\u00e1 na rua, me disse: \u201cComo \u00e9 bonito colocar em pr\u00e1tica as palavras do Evangelho. Com um pouco de amor, tudo se transforma\u201d.  <\/p>\n\n<p>J.J.A<\/p>\n\n<p><strong>O empregado<\/strong><\/p>\n\n<p>Na f\u00e1brica, precis\u00e1vamos de algu\u00e9m que cuidasse da limpeza: dos escrit\u00f3rios, da cozinha, dos banheiros e dos outros espa\u00e7os comuns.<\/p>\n\n<p>Durante o meu hor\u00e1rio de trabalho, tenho que falar muito no celular e, sempre que posso, aproveito para dar uma volta, assim posso passar um pouco de tempo no sol. Um dia, sa\u00ed determinado a encontrar algu\u00e9m que pudesse cuidar da limpeza. A apenas meia quadra de dist\u00e2ncia, havia um senhor na porta de casa, cortando o mato e aproveitei para me aproximar, me apresentar e dizer que estava procurando algu\u00e9m que nos desse uma m\u00e3o com a limpeza. Talvez conhecesse algu\u00e9m que estivesse procurando um trabalho.   <\/p>\n\n<p>Ele me olhou e me disse que seu filho poderia fazer essa tarefa. Respondi: \u201cEst\u00e1 bem, pe\u00e7a que me encontre amanh\u00e3\u201d. Ent\u00e3o, ele me explicou que o filho tinha esclerose m\u00faltipla. \u201cPe\u00e7a que me encontre amanh\u00e3\u201d, repeti.   <\/p>\n\n<p>No dia seguinte, chegou Mauro, um homem de 36 anos. Ele me disse que fazia parte de um programa de pesquisa no qual lhe era injetado um f\u00e1rmaco especial uma vez por semana e que sentia-se enfraquecido no dia seguinte, al\u00e9m disso, o tratamento n\u00e3o era sempre no mesmo dia. Tamb\u00e9m me falou que era dif\u00edcil para ele encontrar um trabalho justamente devido a essa dificuldade.  <\/p>\n\n<p>Mauro est\u00e1 conosco h\u00e1 cinco meses. Ele n\u00e3o s\u00f3 faz a limpeza, conforme o combinado, mas tamb\u00e9m cuida do jardim e da manuten\u00e7\u00e3o, entre outras coisas. <\/p>\n\n<p>A reciprocidade, o dar e o receber, a comunh\u00e3o, a valoriza\u00e7\u00e3o da pessoa \u00e9 o modo como quero viver e trabalhar.<\/p>\n\n<p>V.C.P.<\/p>\n\n<p class=\"has-text-align-right\"><em>por Carlos Mana<\/em><\/p>\n\n<p class=\"has-small-font-size\"><em>Foto<\/em>:<em>\u00a9 Truthseeker08 &#8211; Pixabay<\/em><\/p>\n","protected":false},"excerpt":{"rendered":"<p>Ao tentarmos p\u00f4r em pr\u00e1tica as palavras do Evangelho, em qualquer situa\u00e7\u00e3o em que nos encontremos, podemos colocar-nos ao servi\u00e7o do nosso irm\u00e3o.<\/p>\n","protected":false},"author":33,"featured_media":365685,"comment_status":"open","ping_status":"open","sticky":false,"template":"","format":"standard","meta":{"give_campaign_id":0,"_seopress_robots_primary_cat":"","_seopress_titles_title":"","_seopress_titles_desc":"","_seopress_robots_index":"","_et_pb_use_builder":"","_et_pb_old_content":"","_et_gb_content_width":"","footnotes":""},"categories":[3288,3310],"tags":[3347,3198],"class_list":["post-365718","post","type-post","status-publish","format-standard","has-post-thumbnail","hentry","category-testimonianze-di-vita-pt-pt","category-vite-vissute-pt-pt","tag-notifiche-pt-pt","tag-ppg-pt-pt"],"_links":{"self":[{"href":"https:\/\/www.focolare.org\/pt-pt\/wp-json\/wp\/v2\/posts\/365718","targetHints":{"allow":["GET"]}}],"collection":[{"href":"https:\/\/www.focolare.org\/pt-pt\/wp-json\/wp\/v2\/posts"}],"about":[{"href":"https:\/\/www.focolare.org\/pt-pt\/wp-json\/wp\/v2\/types\/post"}],"author":[{"embeddable":true,"href":"https:\/\/www.focolare.org\/pt-pt\/wp-json\/wp\/v2\/users\/33"}],"replies":[{"embeddable":true,"href":"https:\/\/www.focolare.org\/pt-pt\/wp-json\/wp\/v2\/comments?post=365718"}],"version-history":[{"count":0,"href":"https:\/\/www.focolare.org\/pt-pt\/wp-json\/wp\/v2\/posts\/365718\/revisions"}],"wp:featuredmedia":[{"embeddable":true,"href":"https:\/\/www.focolare.org\/pt-pt\/wp-json\/wp\/v2\/media\/365685"}],"wp:attachment":[{"href":"https:\/\/www.focolare.org\/pt-pt\/wp-json\/wp\/v2\/media?parent=365718"}],"wp:term":[{"taxonomy":"category","embeddable":true,"href":"https:\/\/www.focolare.org\/pt-pt\/wp-json\/wp\/v2\/categories?post=365718"},{"taxonomy":"post_tag","embeddable":true,"href":"https:\/\/www.focolare.org\/pt-pt\/wp-json\/wp\/v2\/tags?post=365718"}],"curies":[{"name":"wp","href":"https:\/\/api.w.org\/{rel}","templated":true}]}}