{"id":367715,"date":"2024-12-01T00:08:00","date_gmt":"2024-11-30T23:08:00","guid":{"rendered":"https:\/\/www.focolare.org\/?p=367715"},"modified":"2024-11-29T11:59:49","modified_gmt":"2024-11-29T10:59:49","slug":"para-alem-dos-nossos-limites","status":"publish","type":"post","link":"https:\/\/www.focolare.org\/pt-pt\/para-alem-dos-nossos-limites\/","title":{"rendered":"Para al\u00e9m dos nossos limites"},"content":{"rendered":"\n<p>Quando a vida nos apresenta escolhas desafiadoras e inesperadas, que talvez possam nos assustar, os nossos valores e o desejo de viv\u00ea-los de forma coerente emergem com clareza.<\/p>\n\n<p>Nem sempre \u00e9 f\u00e1cil. A resposta, em uma situa\u00e7\u00e3o que exige uma decis\u00e3o livre e pessoal, pode parecer algo dif\u00edcil, quase um salto no escuro, e precisamos de for\u00e7a para ir al\u00e9m dos nossos limites. <\/p>\n\n<p>Mas onde podemos encontrar essa for\u00e7a? Para alguns \u00e9 a f\u00e9 em uma dimens\u00e3o sobrenatural e em um Deus pessoal que nos ama e nos acompanha. Para todos pode ser a proximidade dos amigos, dos \u201ccompanheiros de viagem\u201d que nos apoiam com proximidade e confian\u00e7a. Eles trazem \u00e0 tona o que h\u00e1 de melhor em n\u00f3s e nos ajudam a superar o aparente \u201cimposs\u00edvel\u201d das nossas insufici\u00eancias a fim de alcan\u00e7ar o \u201cposs\u00edvel\u201d de uma vida coerente.   <\/p>\n\n<p>Um fator decisivo para que isso aconte\u00e7a, \u00e9 a dimens\u00e3o comunit\u00e1ria dos relacionamentos baseados na reciprocidade. Como disse Chiara Lubich em 1948, com a linguagem t\u00edpica da \u00e9poca: \u00abE adiante! N\u00e3o com a nossa for\u00e7a mesquinha e fr\u00e1gil, mas com a onipot\u00eancia da unidade. Se permanecermos fi\u00e9is \u00e0 nossa miss\u00e3o [&#8230;] o mundo ver\u00e1 a unidade\u00bb <a href=\"#_ftn1\" id=\"_ftnref1\">[1]<\/a>. <\/p>\n\n<p>Ultrapassar os nossos limites nos abre a novas oportunidades e experi\u00eancias que de outra forma poderiam parecer fora do nosso alcance, permitindo-nos acreditar e testemunhar que a esperan\u00e7a \u00e9 poss\u00edvel.<\/p>\n\n<p>Mas podemos acreditar \u201cque tudo \u00e9 poss\u00edvel\u201d diante do absurdo do Mal? Essa \u00e9 a grande quest\u00e3o da humanidade de hoje e de sempre. Uma pergunta sem resposta que todos n\u00f3s temos, crentes e n\u00e3o crentes, e um caminho de busca que s\u00f3 podemos percorrer juntos. Se o \u201cMal\u201d permanece um mist\u00e9rio, a for\u00e7a do \u201cBem\u201d \u00e9 igualmente poderosa. N\u00e3o existe uma resposta, mas uma perspectiva de significado.    <\/p>\n\n<p> Foi o que recordou recentemente em uma entrevista Edith Bruck. Deportada para Auschwitz aos 13 anos, ela \u00e9, ainda hoje, aos noventa anos, uma aut\u00eantica testemunha de paz. Quando a guerra terminou, ela e a irm\u00e3 enfrentaram um grande dilema. \u201cCinco fascistas h\u00fangaros que apoiaram os nazistas nos imploraram para ajud\u00e1-los a voltar para casa clandestinamente, e n\u00f3s os ajudamos ao longo do caminho. Compartilhamos p\u00e3o e chocolate com eles. Foi um dos momentos mais intensos que j\u00e1 vivi espiritualmente. Estava tratando como amigo algu\u00e9m que poderia ter matado meu pai.\u201d A decis\u00e3o n\u00e3o foi f\u00e1cil e ela discutiu muito com a irm\u00e3, mas elas fizeram isso porque pensaram que talvez, assim, essas pessoas nunca mais maltratariam um judeu <a href=\"#_ftn2\" id=\"_ftnref2\">[2]<\/a>.      <\/p>\n\n<p class=\"has-small-font-size\">A IDEIA DO M\u00caS, \u00e9 preparada pelo \u201cCentro do Di\u00e1logo com pessoas de convic\u00e7\u00f5es n\u00e3o religiosas\u201d do Movimento dos Focolares. \u00c9 uma iniciativa que nasceu no Uruguai em 2014 para compartilhar com os amigos que n\u00e3o creem em Deus os valores da<a href=\"https:\/\/www.focolare.org\/pt-pt\/?p=367448\"> Palavra de Vida<\/a>, uma frase da Escritura que os membros do Movimento se comprometem a colocar em pr\u00e1tica. Atualmente, A IDEIA DO M\u00caS \u00e9 traduzida em doze idiomas e distribu\u00edda em mais de 25 pa\u00edses, adaptada em alguns deles segundo as exig\u00eancias culturais. dialogue4unity.focolare.org<\/p>\n\n<hr class=\"wp-block-separator has-alpha-channel-opacity\"\/>\n\n<p class=\"has-small-font-size\"><em>Fotos: \u00a9 Pixabay<\/em><\/p>\n\n<p class=\"has-small-font-size\"><em><a href=\"#_ftnref1\" id=\"_ftn1\">[1]<\/a> Chiara Lubich \u201cLettere dei primi tempi\u201d. Citt\u00e0 Nuova Roma 2010 p. 16 <\/em><br\/><em><a href=\"#_ftnref2\" id=\"_ftn2\">[2]<\/a> Marisol RojasCadena SER- articolo su E. Bruck 26\/01\/2024.<\/em><\/p>\n","protected":false},"excerpt":{"rendered":"<p>Ideia do M\u00e8s &#8211; Dezembro de 2024<\/p>\n","protected":false},"author":33,"featured_media":367720,"comment_status":"open","ping_status":"open","sticky":false,"template":"","format":"standard","meta":{"give_campaign_id":0,"_seopress_robots_primary_cat":"","_seopress_titles_title":"","_seopress_titles_desc":"","_seopress_robots_index":"","_et_pb_use_builder":"","_et_pb_old_content":"","_et_gb_content_width":"","footnotes":""},"categories":[3435],"tags":[3347,3198],"class_list":["post-367715","post","type-post","status-publish","format-standard","has-post-thumbnail","hentry","category-ideia-do-mes","tag-notifiche-pt-pt","tag-ppg-pt-pt"],"_links":{"self":[{"href":"https:\/\/www.focolare.org\/pt-pt\/wp-json\/wp\/v2\/posts\/367715","targetHints":{"allow":["GET"]}}],"collection":[{"href":"https:\/\/www.focolare.org\/pt-pt\/wp-json\/wp\/v2\/posts"}],"about":[{"href":"https:\/\/www.focolare.org\/pt-pt\/wp-json\/wp\/v2\/types\/post"}],"author":[{"embeddable":true,"href":"https:\/\/www.focolare.org\/pt-pt\/wp-json\/wp\/v2\/users\/33"}],"replies":[{"embeddable":true,"href":"https:\/\/www.focolare.org\/pt-pt\/wp-json\/wp\/v2\/comments?post=367715"}],"version-history":[{"count":0,"href":"https:\/\/www.focolare.org\/pt-pt\/wp-json\/wp\/v2\/posts\/367715\/revisions"}],"wp:featuredmedia":[{"embeddable":true,"href":"https:\/\/www.focolare.org\/pt-pt\/wp-json\/wp\/v2\/media\/367720"}],"wp:attachment":[{"href":"https:\/\/www.focolare.org\/pt-pt\/wp-json\/wp\/v2\/media?parent=367715"}],"wp:term":[{"taxonomy":"category","embeddable":true,"href":"https:\/\/www.focolare.org\/pt-pt\/wp-json\/wp\/v2\/categories?post=367715"},{"taxonomy":"post_tag","embeddable":true,"href":"https:\/\/www.focolare.org\/pt-pt\/wp-json\/wp\/v2\/tags?post=367715"}],"curies":[{"name":"wp","href":"https:\/\/api.w.org\/{rel}","templated":true}]}}