{"id":369233,"date":"2024-12-20T11:00:00","date_gmt":"2024-12-20T10:00:00","guid":{"rendered":"https:\/\/www.focolare.org\/?p=369233"},"modified":"2024-12-20T10:49:09","modified_gmt":"2024-12-20T09:49:09","slug":"natal-2024-os-melhores-votos-de-margaret-karram","status":"publish","type":"post","link":"https:\/\/www.focolare.org\/pt-pt\/natal-2024-os-melhores-votos-de-margaret-karram\/","title":{"rendered":"Natal 2024: os melhores votos de Margaret Karram"},"content":{"rendered":"\n<p><em>Selecionar legendas na sua l\u00edngua<\/em><\/p>\n\n<div style=\"height:23px\" aria-hidden=\"true\" class=\"wp-block-spacer\"><\/div>\n\n<figure class=\"wp-block-embed is-type-video is-provider-youtube wp-block-embed-youtube wp-embed-aspect-16-9 wp-has-aspect-ratio\"><div class=\"wp-block-embed__wrapper\">\n<iframe loading=\"lazy\" title=\"Natale 2024: Gli auguri di Margaret Karram\" width=\"1080\" height=\"608\" src=\"https:\/\/www.youtube.com\/embed\/N4m9QRC1QVg?feature=oembed\"  allow=\"accelerometer; autoplay; clipboard-write; encrypted-media; gyroscope; picture-in-picture; web-share\" referrerpolicy=\"strict-origin-when-cross-origin\" allowfullscreen><\/iframe>\n<\/div><\/figure>\n\n<p>Foto: \u00a9 Pixabay &#8211; <a href=\"https:\/\/pixabay.com\/es\/users\/jhenning-8658480\/\" target=\"_blank\" rel=\"noreferrer noopener\">jhenning<\/a><\/p>\n","protected":false},"excerpt":{"rendered":"<p>Margaret Karram, presidente do Movimento dos Focolares, na sua sauda\u00e7\u00e3o por ocasi\u00e3o do Natal de 2024, convida-nos a pedir ao Menino Jesus que abra os nossos cora\u00e7\u00f5es para rela\u00e7\u00f5es sempre mais verdadeiras e acolhedoras.<\/p>\n","protected":false},"author":34,"featured_media":369264,"comment_status":"open","ping_status":"open","sticky":false,"template":"","format":"standard","meta":{"give_campaign_id":0,"_seopress_robots_primary_cat":"","_seopress_titles_title":"","_seopress_titles_desc":"","_seopress_robots_index":"","_et_pb_use_builder":"","_et_pb_old_content":"","_et_gb_content_width":"","footnotes":""},"categories":[2957,3168],"tags":[3362,3613,3347,3198],"class_list":["post-369233","post","type-post","status-publish","format-standard","has-post-thumbnail","hentry","category-centro-internazionale-3","category-margaret-karram-pt-pt","tag-margaret-karram-pt-pt","tag-natale-pt-pt","tag-notifiche-pt-pt","tag-ppg-pt-pt"],"_links":{"self":[{"href":"https:\/\/www.focolare.org\/pt-pt\/wp-json\/wp\/v2\/posts\/369233","targetHints":{"allow":["GET"]}}],"collection":[{"href":"https:\/\/www.focolare.org\/pt-pt\/wp-json\/wp\/v2\/posts"}],"about":[{"href":"https:\/\/www.focolare.org\/pt-pt\/wp-json\/wp\/v2\/types\/post"}],"author":[{"embeddable":true,"href":"https:\/\/www.focolare.org\/pt-pt\/wp-json\/wp\/v2\/users\/34"}],"replies":[{"embeddable":true,"href":"https:\/\/www.focolare.org\/pt-pt\/wp-json\/wp\/v2\/comments?post=369233"}],"version-history":[{"count":0,"href":"https:\/\/www.focolare.org\/pt-pt\/wp-json\/wp\/v2\/posts\/369233\/revisions"}],"wp:featuredmedia":[{"embeddable":true,"href":"https:\/\/www.focolare.org\/pt-pt\/wp-json\/wp\/v2\/media\/369264"}],"wp:attachment":[{"href":"https:\/\/www.focolare.org\/pt-pt\/wp-json\/wp\/v2\/media?parent=369233"}],"wp:term":[{"taxonomy":"category","embeddable":true,"href":"https:\/\/www.focolare.org\/pt-pt\/wp-json\/wp\/v2\/categories?post=369233"},{"taxonomy":"post_tag","embeddable":true,"href":"https:\/\/www.focolare.org\/pt-pt\/wp-json\/wp\/v2\/tags?post=369233"}],"curies":[{"name":"wp","href":"https:\/\/api.w.org\/{rel}","templated":true}]}}