{"id":370313,"date":"2025-01-24T10:23:41","date_gmt":"2025-01-24T09:23:41","guid":{"rendered":"https:\/\/www.focolare.org\/?p=370313"},"modified":"2025-01-24T10:23:55","modified_gmt":"2025-01-24T09:23:55","slug":"como-ter-esperanca-num-mundo-que-sofre","status":"publish","type":"post","link":"https:\/\/www.focolare.org\/pt-pt\/como-ter-esperanca-num-mundo-que-sofre\/","title":{"rendered":"Como ter esperan\u00e7a num mundo que sofre?"},"content":{"rendered":"\n<p>24 de janeiro de 1944: Chiara Lubich descobriu o ponto que se tornar\u00e1 chave na espiritualidade da unidade: Jesus que experimenta na cruz o abandono por parte do Pai, express\u00e3o m\u00e1xima do sofrimento, express\u00e3o m\u00e1xima do amor. <\/p>\n\n<p> Jesus Abandonado foi justamente a parte central de um momento art\u00edstico durante o Genfest de 2024, evento internacional dos Jovens do Movimento dos Focolares. Vamos propor alguns trechos.  <\/p>\n\n<p>V\u00eddeo em portugu\u00eas<\/p>\n\n<figure class=\"wp-block-embed is-type-video is-provider-youtube wp-block-embed-youtube wp-embed-aspect-16-9 wp-has-aspect-ratio\"><div class=\"wp-block-embed__wrapper\">\n<iframe loading=\"lazy\" title=\"Como ter esperan\u00e7a num mundo que sofre?\" width=\"1080\" height=\"608\" src=\"https:\/\/www.youtube.com\/embed\/RLadxE8qHPM?feature=oembed\"  allow=\"accelerometer; autoplay; clipboard-write; encrypted-media; gyroscope; picture-in-picture; web-share\" referrerpolicy=\"strict-origin-when-cross-origin\" allowfullscreen><\/iframe>\n<\/div><\/figure>\n","protected":false},"excerpt":{"rendered":"<p>24 de janeiro de 1944 <\/p>\n","protected":false},"author":33,"featured_media":370300,"comment_status":"open","ping_status":"open","sticky":false,"template":"","format":"standard","meta":{"give_campaign_id":0,"_seopress_robots_primary_cat":"","_seopress_titles_title":"","_seopress_titles_desc":"","_seopress_robots_index":"","_et_pb_use_builder":"","_et_pb_old_content":"","_et_gb_content_width":"","footnotes":""},"categories":[2950,2945,2913],"tags":[3347,3198],"class_list":["post-370313","post","type-post","status-publish","format-standard","has-post-thumbnail","hentry","category-chiara-lubich-4","category-nuove-generazioni-3","category-spiritualita-3","tag-notifiche-pt-pt","tag-ppg-pt-pt"],"_links":{"self":[{"href":"https:\/\/www.focolare.org\/pt-pt\/wp-json\/wp\/v2\/posts\/370313","targetHints":{"allow":["GET"]}}],"collection":[{"href":"https:\/\/www.focolare.org\/pt-pt\/wp-json\/wp\/v2\/posts"}],"about":[{"href":"https:\/\/www.focolare.org\/pt-pt\/wp-json\/wp\/v2\/types\/post"}],"author":[{"embeddable":true,"href":"https:\/\/www.focolare.org\/pt-pt\/wp-json\/wp\/v2\/users\/33"}],"replies":[{"embeddable":true,"href":"https:\/\/www.focolare.org\/pt-pt\/wp-json\/wp\/v2\/comments?post=370313"}],"version-history":[{"count":0,"href":"https:\/\/www.focolare.org\/pt-pt\/wp-json\/wp\/v2\/posts\/370313\/revisions"}],"wp:featuredmedia":[{"embeddable":true,"href":"https:\/\/www.focolare.org\/pt-pt\/wp-json\/wp\/v2\/media\/370300"}],"wp:attachment":[{"href":"https:\/\/www.focolare.org\/pt-pt\/wp-json\/wp\/v2\/media?parent=370313"}],"wp:term":[{"taxonomy":"category","embeddable":true,"href":"https:\/\/www.focolare.org\/pt-pt\/wp-json\/wp\/v2\/categories?post=370313"},{"taxonomy":"post_tag","embeddable":true,"href":"https:\/\/www.focolare.org\/pt-pt\/wp-json\/wp\/v2\/tags?post=370313"}],"curies":[{"name":"wp","href":"https:\/\/api.w.org\/{rel}","templated":true}]}}