{"id":370795,"date":"2025-02-03T15:42:02","date_gmt":"2025-02-03T14:42:02","guid":{"rendered":"https:\/\/www.focolare.org\/a-viagem-comecou\/"},"modified":"2025-02-03T21:12:59","modified_gmt":"2025-02-03T20:12:59","slug":"a-viagem-comecou","status":"publish","type":"post","link":"https:\/\/www.focolare.org\/pt-pt\/a-viagem-comecou\/","title":{"rendered":"A viagem come\u00e7ou"},"content":{"rendered":"\n<p>No dia 23 de janeiro, vivemos o primeiro encontro de \u201c<strong>Chamados a uma esperan\u00e7a &#8211; Jovens em caminho<\/strong>\u201d. Um percurso para mergulhar no cora\u00e7\u00e3o do Jubileu atrav\u00e9s da riqueza dos carismas. <\/p>\n\n<p>A animar esta primeira noite estiveram os jovens de Nuovi Orizzonti e do Movimento dos Focolares, que com c\u00e2nticos, momentos de conhecimento, testemunhos profundos e ora\u00e7\u00e3o encheram os cora\u00e7\u00f5es de coragem, amor e esperan\u00e7a.<\/p>\n\n<p>Juntos \u201ccaminh\u00e1mos\u201d e partilh\u00e1mos a esperan\u00e7a. Obrigada a todos por terem feito desta uma noite inesquec\u00edvel. <\/p>\n\n<p>Vemo-nos no pr\u00f3ximo encontro, a 27 de fevereiro<\/p>\n\n<figure class=\"wp-block-gallery has-nested-images columns-default is-cropped wp-block-gallery-1 is-layout-flex wp-block-gallery-is-layout-flex\">\n<figure class=\"wp-block-image size-large\"><img alt=\"\" alt=\"\" loading=\"lazy\" decoding=\"async\" width=\"1024\" height=\"768\" data-id=\"370740\" src=\"https:\/\/www.focolare.org\/wp-content\/uploads\/2025\/02\/IMG-20250131-WA0015-1024x768.jpg\" alt=\"\" class=\"wp-image-370740\" srcset=\"https:\/\/www.focolare.org\/wp-content\/uploads\/2025\/02\/IMG-20250131-WA0015-980x735.jpg 980w, https:\/\/www.focolare.org\/wp-content\/uploads\/2025\/02\/IMG-20250131-WA0015-480x360.jpg 480w\" sizes=\"(min-width: 0px) and (max-width: 480px) 480px, (min-width: 481px) and (max-width: 980px) 980px, (min-width: 981px) 1024px, 100vw\" \/><\/figure>\n\n\n\n<figure class=\"wp-block-image size-large\"><img alt=\"\" alt=\"\" loading=\"lazy\" decoding=\"async\" width=\"1024\" height=\"768\" data-id=\"370735\" src=\"https:\/\/www.focolare.org\/wp-content\/uploads\/2025\/02\/IMG-20250131-WA0012-1024x768.jpg\" alt=\"\" class=\"wp-image-370735\" srcset=\"https:\/\/www.focolare.org\/wp-content\/uploads\/2025\/02\/IMG-20250131-WA0012-980x735.jpg 980w, https:\/\/www.focolare.org\/wp-content\/uploads\/2025\/02\/IMG-20250131-WA0012-480x360.jpg 480w\" sizes=\"(min-width: 0px) and (max-width: 480px) 480px, (min-width: 481px) and (max-width: 980px) 980px, (min-width: 981px) 1024px, 100vw\" \/><\/figure>\n\n\n\n<figure class=\"wp-block-image size-large\"><img alt=\"\" alt=\"\" loading=\"lazy\" decoding=\"async\" width=\"768\" height=\"1024\" data-id=\"370730\" src=\"https:\/\/www.focolare.org\/wp-content\/uploads\/2025\/02\/IMG-20250131-WA0019-768x1024.jpg\" alt=\"\" class=\"wp-image-370730\"\/><\/figure>\n\n\n\n<figure class=\"wp-block-image size-large\"><img alt=\"\" alt=\"\" loading=\"lazy\" decoding=\"async\" width=\"1024\" height=\"768\" data-id=\"370745\" src=\"https:\/\/www.focolare.org\/wp-content\/uploads\/2025\/02\/IMG-20250131-WA0016-1024x768.jpg\" alt=\"\" class=\"wp-image-370745\" srcset=\"https:\/\/www.focolare.org\/wp-content\/uploads\/2025\/02\/IMG-20250131-WA0016-980x735.jpg 980w, https:\/\/www.focolare.org\/wp-content\/uploads\/2025\/02\/IMG-20250131-WA0016-480x360.jpg 480w\" sizes=\"(min-width: 0px) and (max-width: 480px) 480px, (min-width: 481px) and (max-width: 980px) 980px, (min-width: 981px) 1024px, 100vw\" \/><\/figure>\n<\/figure>\n","protected":false},"excerpt":{"rendered":"<p>No dia 23 de janeiro, vivemos o primeiro encontro de \u201cChamados a uma esperan\u00e7a &#8211; Jovens em caminho\u201d. Um percurso para mergulhar no cora\u00e7\u00e3o do Jubileu atrav\u00e9s da riqueza dos carismas. A animar esta primeira noite estiveram os jovens de Nuovi Orizzonti e do Movimento dos Focolares, que com c\u00e2nticos, momentos de conhecimento, testemunhos profundos [&hellip;]<\/p>\n","protected":false},"author":34,"featured_media":370728,"comment_status":"open","ping_status":"open","sticky":false,"template":"","format":"standard","meta":{"give_campaign_id":0,"_seopress_robots_primary_cat":"","_seopress_titles_title":"","_seopress_titles_desc":"","_seopress_robots_index":"","_et_pb_use_builder":"","_et_pb_old_content":"","_et_gb_content_width":"","footnotes":""},"categories":[2945],"tags":[3560],"class_list":["post-370795","post","type-post","status-publish","format-standard","has-post-thumbnail","hentry","category-nuove-generazioni-3","tag-fmp-pt-pt"],"_links":{"self":[{"href":"https:\/\/www.focolare.org\/pt-pt\/wp-json\/wp\/v2\/posts\/370795","targetHints":{"allow":["GET"]}}],"collection":[{"href":"https:\/\/www.focolare.org\/pt-pt\/wp-json\/wp\/v2\/posts"}],"about":[{"href":"https:\/\/www.focolare.org\/pt-pt\/wp-json\/wp\/v2\/types\/post"}],"author":[{"embeddable":true,"href":"https:\/\/www.focolare.org\/pt-pt\/wp-json\/wp\/v2\/users\/34"}],"replies":[{"embeddable":true,"href":"https:\/\/www.focolare.org\/pt-pt\/wp-json\/wp\/v2\/comments?post=370795"}],"version-history":[{"count":0,"href":"https:\/\/www.focolare.org\/pt-pt\/wp-json\/wp\/v2\/posts\/370795\/revisions"}],"wp:featuredmedia":[{"embeddable":true,"href":"https:\/\/www.focolare.org\/pt-pt\/wp-json\/wp\/v2\/media\/370728"}],"wp:attachment":[{"href":"https:\/\/www.focolare.org\/pt-pt\/wp-json\/wp\/v2\/media?parent=370795"}],"wp:term":[{"taxonomy":"category","embeddable":true,"href":"https:\/\/www.focolare.org\/pt-pt\/wp-json\/wp\/v2\/categories?post=370795"},{"taxonomy":"post_tag","embeddable":true,"href":"https:\/\/www.focolare.org\/pt-pt\/wp-json\/wp\/v2\/tags?post=370795"}],"curies":[{"name":"wp","href":"https:\/\/api.w.org\/{rel}","templated":true}]}}