{"id":370866,"date":"2025-02-05T15:00:00","date_gmt":"2025-02-05T14:00:00","guid":{"rendered":"https:\/\/www.focolare.org\/?p=370866"},"modified":"2025-02-05T15:56:24","modified_gmt":"2025-02-05T14:56:24","slug":"proximidade-o-estilo-de-deus","status":"publish","type":"post","link":"https:\/\/www.focolare.org\/pt-pt\/proximidade-o-estilo-de-deus\/","title":{"rendered":"Proximidade, o estilo de Deus"},"content":{"rendered":"\n<p>Chiara Lubich, fundadora do Movimento dos Focolares, citou a proximidade v\u00e1rias vezes em seus discursos como o caminho de Deus para estar pr\u00f3ximo da humanidade. Como l\u00ea-se no t\u00edtulo deste livro, \u201cA proximidade\u201d \u00e9 o estilo de Deus, que Jesus nos revelou com a vida dele. \u00c9 tamb\u00e9m a estrada para levar Deus aos homens e mulheres de hoje. Para saber mais do conte\u00fado deste volume, entrevistamos as autoras: Judith Povilus e Lida Ciccarelli.   <\/p>\n\n<p><em><strong>Lida, Judith: de que se trata este livro? <\/strong><\/em><\/p>\n\n<p><em>Lida<\/em>: \u201cTrata-se de uma colet\u00e2nea de pensamentos de Chiara Lubich sobre o tema do amor para com o pr\u00f3ximo sob a perspectiva da proximidade. \u00c9 um assunto muito querido ao papa Francisco que j\u00e1 solicitou algumas vezes que cuidemos do mundo que nos circunda, que estejamos pr\u00f3ximos dos nossos irm\u00e3os e irm\u00e3s segundo o estilo de Deus: justamente a proximidade. <\/p>\n\n<p><em>Judith<\/em>: \u201cPara a edi\u00e7\u00e3o em ingl\u00eas, nos perguntaram como traduzir o t\u00edtulo. E a solu\u00e7\u00e3o responde um pouco a sua pergunta: <em>Learning closeness from God<\/em>: aprender com Deus sobre a proximidade, ver e perceber como Deus fez-se pr\u00f3ximo a n\u00f3s para aprender a estar pr\u00f3ximos de quem est\u00e1 perto de n\u00f3s, ao nosso redor\u201d. <\/p>\n\n<div class=\"wp-block-media-text is-stacked-on-mobile\" style=\"grid-template-columns:33% auto\"><figure class=\"wp-block-media-text__media\"><img alt=\"\" alt=\"\" loading=\"lazy\" decoding=\"async\" width=\"862\" height=\"1024\" src=\"https:\/\/www.focolare.org\/wp-content\/uploads\/2025\/02\/Foto_Judith_Povilus.154382869321-862x1024.jpg\" alt=\"\" class=\"wp-image-370855 size-full\"\/><\/figure><div class=\"wp-block-media-text__content\">\n<p><strong>Judith Povilus<\/strong>, doutora em teologia fundamental, \u00e9 docente em\u00e9rita de l\u00f3gica e fundamentos de matem\u00e1tica no Instituto Universit\u00e1rio Sophia (Loppiano, Floren\u00e7a). \u00c9 autora de: La Presenza di Ges\u00f9 tra i suoi nella teologia di oggi, em tradu\u00e7\u00e3o livre, <em>A presen\u00e7a de Jesus entre os seus na teologia de hoje<\/em> (1977); <em>Ges\u00f9 in mezzo nel pensiero di Chiara Lubich<\/em>, em tradu\u00e7\u00e3o livre, Jesus em meio no pensamento de Chiara Lubich (1981);  <em>Numeri e luce. Sul significato sapienziale della matematica, em tradu\u00e7\u00e3o livre, N\u00fameros e luz. Sobre o significado s\u00e1bio da matem\u00e1tica  <\/em>(2013); co-editora de <em>Um Olhar do Para\u00edso de 1949 de Chiara Lubich, A Unidade (2021).  <\/em>(2021).<\/p>\n<\/div><\/div>\n\n<div style=\"height:33px\" aria-hidden=\"true\" class=\"wp-block-spacer\"><\/div>\n\n<p><em><strong>Como levar Deus nos tempos de hoje, em que h\u00e1 tanta solid\u00e3o, indiferen\u00e7a, guerras e divis\u00f5es? <\/strong><\/em><\/p>\n\n<p><em>Lida<\/em>: \u201cSe olharmos ao nosso redor, h\u00e1 raz\u00f5es para sermos pessimistas; mesmo assim, enquanto crist\u00e3os, somos chamados a testemunhar sempre o amor de Deus. Para mim, o caminho a se seguir \u00e9 aquele de Jesus: a sociedade daquela \u00e9poca n\u00e3o era melhor que a atual, todavia Jesus sempre doou a vida do c\u00e9u. Ent\u00e3o, n\u00f3s tamb\u00e9m colocamos amor onde n\u00e3o h\u00e1 amor; onde h\u00e1 solid\u00e3o, vamos ser companheiros de vida; onde h\u00e1 divis\u00e3o, vamos ser instrumentos de reconcilia\u00e7\u00e3o e unidade\u201d. <\/p>\n\n<p><em><strong>Quem \u00e9 o \u201cpr\u00f3ximo\u201d a quem devemos levar Deus? <\/strong><\/em><\/p>\n\n<p><em>Judith<\/em>: \u201cA enc\u00edclica <em>Fratelli tutti<\/em> \u2013 Todos irm\u00e3os traz a par\u00e1bola do bom samaritano, na qual o Escriba pergunta a Jesus: quem \u00e9 o meu pr\u00f3ximo? Jesus devolve a pergunta e d\u00e1 a entender que todos s\u00e3o candidatos a ser o meu pr\u00f3ximo. N\u00e3o h\u00e1 limites, depende de mim estar pr\u00f3ximo dos outros. Estar pr\u00f3ximo \u00e9 um ato performativo. A sua pergunta \u00e9 muito bonita: encontrar Deus \u00e9 aquilo que todos os seres humanos mais querem, mesmo que n\u00e3o tenham consci\u00eancia disso. Portanto, vamos deixar que Deus viva em n\u00f3s e que seja Ele, por meio do nosso amor, a tocar os cora\u00e7\u00f5es\u201d.      <\/p>\n\n<p><em><strong>Muitas vezes acontece de a diversidade encontrada no plano cultural, social, pol\u00edtico resultar em fragmenta\u00e7\u00e3o e polariza\u00e7\u00e3o. E aumenta o medo com rela\u00e7\u00e3o ao outro. Chiara Lubich com o ideal da unidade vai contra esse fen\u00f4meno.  <\/strong><\/em><\/p>\n\n<p><em>Lida<\/em>: \u201c\u00c9 verdade, Chiara vai contra essa tend\u00eancia. Dentro de n\u00f3s est\u00e1 estampada uma ideia simples, mas revolucion\u00e1ria: somos todos irm\u00e3os porque somos filhos do Pai que est\u00e1 nos c\u00e9us. Uma ideia simples, sim, mas que nos torna livres e que derruba o muro das divis\u00f5es. Se a colocarmos em pr\u00e1tica, a nossa vida muda. O outro, quem quer que seja, jovem ou idoso, com ideias iguais \u00e0s minhas ou n\u00e3o, rico ou pobre, estrangeiro ou conterr\u00e2neo, \u00e9 visto com olhos novos: s\u00e3o todos filhos do Pai, e todos, todos mesmo, s\u00e3o amados pelo Pai como eu\u201d. <\/p>\n\n<div class=\"wp-block-media-text has-media-on-the-right is-stacked-on-mobile\" style=\"grid-template-columns:auto 31%\"><div class=\"wp-block-media-text__content\">\n<p><strong>Lida Ceccarelli<\/strong>, graduada em filosofia e teologia moral, \u00e9 docente de Hist\u00f3ria da Igreja e Teologia Espiritual no Instituto internacional Mystici Corporis (Loppiano-It\u00e1lia). Ex-membro da Comiss\u00e3o para a Espiritualidade da Secretaria Geral do S\u00ednodo, \u00e9 Postuladora no Dicast\u00e9rio das Causas dos Santos. <\/p>\n<\/div><figure class=\"wp-block-media-text__media\"><img alt=\"\" alt=\"\" loading=\"lazy\" decoding=\"async\" width=\"731\" height=\"959\" src=\"https:\/\/www.focolare.org\/wp-content\/uploads\/2025\/02\/Lida-Ciccarelli.png\" alt=\"\" class=\"wp-image-370845 size-full\" srcset=\"https:\/\/www.focolare.org\/wp-content\/uploads\/2025\/02\/Lida-Ciccarelli.png 731w, https:\/\/www.focolare.org\/wp-content\/uploads\/2025\/02\/Lida-Ciccarelli-480x630.png 480w\" sizes=\"(min-width: 0px) and (max-width: 480px) 480px, (min-width: 481px) 731px, 100vw\" \/><\/figure><\/div>\n\n<div style=\"height:34px\" aria-hidden=\"true\" class=\"wp-block-spacer\"><\/div>\n\n<p><em><strong>A proximidade \u00e9 um conceito central tanto nas Igrejas crist\u00e3s como nas diversas tradi\u00e7\u00f5es religiosas. Portanto, \u00e9 o caminho para a fraternidade universal?  <\/strong><\/em><\/p>\n\n<p><em>Lida<\/em>: \u201cFoi justamente isso que vivemos esses dias com um grupo de jovens mu\u00e7ulmanos xiitas, estudantes do dr. Mohammad Ali Shomali, diretor do Instituto Internacional dos Estudos Isl\u00e2micos de Qum, no Ir\u00e3. Esses estudantes vieram \u00e0 Universidade Sophia, na Mari\u00e1polis permanente de Loppiano, para um breve curso sobre cristianismo. N\u00e3o falamos muito sobre fraternidade, mas a vivemos\u201d. <\/p>\n\n<p><em>Judith:<\/em> \u201cEu fiquei respons\u00e1vel por dar v\u00e1rias aulas sobre a espiritualidade da unidade. Ao falar de Deus amor, contei a par\u00e1bola do filho pr\u00f3digo. Disse a eles: \u201cAlgum de voc\u00eas \u00e9 pai e entende a profundidade desse amor \u2018temperado\u2019 de miseric\u00f3rdia?\u201d Sete deles eram jovens pais de fam\u00edlia. Durante um intervalo, me mostraram as fotos de seus filhos com alegria e emo\u00e7\u00e3o. Nesse clima, as perguntas espont\u00e2neas deles sobre a espiritualidade nos fizeram entrar no carisma da unidade cada vez mais em profundidade. Com alegria, descobr\u00edamos os pontos em comum ou esclarec\u00edamos as verdades do cristianismo que eles n\u00e3o entendiam antes. Constatei que a proximidade, com todas as nuances humanas e com interesse em compartilhar a vida do pr\u00f3ximo, \u00e9 realmente o caminho para compartilhar o dom do carisma, que \u00e9 para todos, inclusive para os n\u00e3o crist\u00e3os, e podemos ser juntos construtores de um mundo mais fraterno\u201d. <\/p>\n\n<p><em><strong>Que conselhos dar ao leitor? Qual deve ser o \u201colhar\u201d para com o outro?  <\/strong><\/em><\/p>\n\n<p><em>Lida<\/em>: \u201cSe o leitor j\u00e1 conhece os escritos de Chiara, eu sugeriria que olhasse para estes como se fosse a primeira vez. E depois, que parasse assim que for tocado por algo para escutar a Sabedoria que est\u00e1 \u00e0 porta e bate em nosso cora\u00e7\u00e3o\u201d. <\/p>\n\n<p><em>Judith<\/em>: \u201cSim, de fato, os textos de Chiara na parte da antologia s\u00e3o de grande profundidade, de v\u00e1rios g\u00eaneros e conte\u00fados. N\u00e3o se pode ler tudo de uma vez. Pessoalmente, todas as vezes, meditando sobre um texto ou outro, descubro novas intui\u00e7\u00f5es ou novos passos a dar\u201d. <\/p>\n\n<p><em>Lida<\/em>: \u201cPortanto, para concluir, que olhar ter para com o outro, para com o pr\u00f3ximo? Aquele de Jesus com o jovem rico: \u2018olhando para ele, o amou\u2019. Como teria sido o seu olhar? Um olhar de amor e gratuito que entra dentro de voc\u00ea e diz: voc\u00ea \u00e9 importante para mim, eu o amo assim como voc\u00ea \u00e9\u201d.   <\/p>\n\n<p class=\"has-text-align-right\"><em>Lorenzo Russo<\/em><\/p>\n\n<p><\/p>\n","protected":false},"excerpt":{"rendered":"<p>O \u00faltimo livro sobre Chiara Lubich re\u00fane uma s\u00e9rie de textos e discursos da fundadora do Movimento dos Focolares sobre o tema da proximidade. <\/p>\n","protected":false},"author":34,"featured_media":370853,"comment_status":"open","ping_status":"open","sticky":false,"template":"","format":"standard","meta":{"give_campaign_id":0,"_seopress_robots_primary_cat":"","_seopress_titles_title":"","_seopress_titles_desc":"","_seopress_robots_index":"","_et_pb_use_builder":"","_et_pb_old_content":"","_et_gb_content_width":"","footnotes":""},"categories":[2950,2913],"tags":[3300,3656,3657,3347,3198],"class_list":["post-370866","post","type-post","status-publish","format-standard","has-post-thumbnail","hentry","category-chiara-lubich-4","category-spiritualita-3","tag-chiara-lubich-pt-pt","tag-citta-nuova-pt-pt","tag-libro-pt-pt","tag-notifiche-pt-pt","tag-ppg-pt-pt"],"_links":{"self":[{"href":"https:\/\/www.focolare.org\/pt-pt\/wp-json\/wp\/v2\/posts\/370866","targetHints":{"allow":["GET"]}}],"collection":[{"href":"https:\/\/www.focolare.org\/pt-pt\/wp-json\/wp\/v2\/posts"}],"about":[{"href":"https:\/\/www.focolare.org\/pt-pt\/wp-json\/wp\/v2\/types\/post"}],"author":[{"embeddable":true,"href":"https:\/\/www.focolare.org\/pt-pt\/wp-json\/wp\/v2\/users\/34"}],"replies":[{"embeddable":true,"href":"https:\/\/www.focolare.org\/pt-pt\/wp-json\/wp\/v2\/comments?post=370866"}],"version-history":[{"count":0,"href":"https:\/\/www.focolare.org\/pt-pt\/wp-json\/wp\/v2\/posts\/370866\/revisions"}],"wp:featuredmedia":[{"embeddable":true,"href":"https:\/\/www.focolare.org\/pt-pt\/wp-json\/wp\/v2\/media\/370853"}],"wp:attachment":[{"href":"https:\/\/www.focolare.org\/pt-pt\/wp-json\/wp\/v2\/media?parent=370866"}],"wp:term":[{"taxonomy":"category","embeddable":true,"href":"https:\/\/www.focolare.org\/pt-pt\/wp-json\/wp\/v2\/categories?post=370866"},{"taxonomy":"post_tag","embeddable":true,"href":"https:\/\/www.focolare.org\/pt-pt\/wp-json\/wp\/v2\/tags?post=370866"}],"curies":[{"name":"wp","href":"https:\/\/api.w.org\/{rel}","templated":true}]}}