{"id":371443,"date":"2025-02-18T05:00:00","date_gmt":"2025-02-18T04:00:00","guid":{"rendered":"https:\/\/www.focolare.org\/evangelho-vivido-examinai-tudo-e-guardai-o-que-for-bom-1-ts-521\/"},"modified":"2025-02-18T21:47:16","modified_gmt":"2025-02-18T20:47:16","slug":"evangelho-vivido-examinai-tudo-e-guardai-o-que-for-bom-1-ts-521","status":"publish","type":"post","link":"https:\/\/www.focolare.org\/pt-pt\/evangelho-vivido-examinai-tudo-e-guardai-o-que-for-bom-1-ts-521\/","title":{"rendered":"Evangelho vivido: \u201cExaminai tudo e guardai o que for bom\u201d (1 Ts 5,21)"},"content":{"rendered":"\n<p class=\"has-vivid-red-color has-text-color has-link-color has-medium-font-size wp-elements-32f5dd7e7ad4dbb253d25216ec54c46d\"><strong>Um simples nougat<\/strong><\/p>\n\n<p>Regularmente eu me encontro com a equipe sinodal, na par\u00f3quia. Somos sete pessoas eleitas por um ano, na assembleia local, para trabalhar pela atua\u00e7\u00e3o do processo sinodal. N\u00f3s nos reunimos no final do dia, muitas vezes trazendo conosco o cansa\u00e7o e as preocupa\u00e7\u00f5es pessoais, ainda que procuremos n\u00e3o pensar nisso para nos colocar \u00e0 servi\u00e7o da comunidade.  <\/p>\n\n<p>Numa reuni\u00e3o, com a desculpa da \u201csemana da do\u00e7ura\u201d que era naqueles dias, levei um nougat para cada um. Est\u00e1vamos felizes como crian\u00e7as, relaxamos e as atitudes mudaram. Eu percebi que a comunh\u00e3o se constr\u00f3i com pequenos gestos.  <\/p>\n\n<p>(C.P. \u2013 Argentina)<\/p>\n\n<p class=\"has-vivid-red-color has-text-color has-link-color has-medium-font-size wp-elements-2be693f1dd36f77c3d5b2bcde7ba6215\"><strong>Escolheram a paz<\/strong><\/p>\n\n<p>Marc e Maria Ant\u00f4nia, de meia idade, com surpresa receberam uma heran\u00e7a. Era do padrinho de Marc, um tio solteiro que o amava muito, e tratava-se de uma pequena empresa de m\u00e1quinas industriais. Eles pensaram muito, mas, no afinal decidiram mant\u00ea-la ao inv\u00e9s de vend\u00ea-la, em parte para preservar os empregos dos seis dependentes e tamb\u00e9m com a ilus\u00e3o de ter um trabalho pr\u00f3prio, envolvendo o filho que havia estudado engenharia de materiais. <\/p>\n\n<p>N\u00e3o obstante o entusiasmo, a dedica\u00e7\u00e3o e os esfor\u00e7os de todos, passaram um momento dif\u00edcil. A empresa n\u00e3o funcionava. Um ano depois de assumir a ger\u00eancia foram obrigados a demitir dois trabalhadores e restituir as m\u00e1quinas que n\u00e3o conseguiram pagar integralmente. E tinham inclusive algumas d\u00edvidas com bancos e com a fam\u00edlia.   <\/p>\n\n<p>\u00c0 noite, quando voltavam exaustos para casa, come\u00e7avam a pensar que talvez tivessem errado, mas n\u00e3o se renderam, recome\u00e7aram a buscar novos clientes. Aos poucos a empresa retomou o ritmo, n\u00e3o teve mais perdas e puderam come\u00e7ar a pagar as d\u00edvidas. Mas o que sobrava para que sobrevivessem era bem pouco.  <\/p>\n\n<p>Veio outro per\u00edodo muito dif\u00edcil. At\u00e9 que chegou um novo cliente que desejava efetuar uma encomenda grande e peri\u00f3dica, que daria a eles a t\u00e3o esperada tranquilidade financeira. Ficaram muito felizes. Por\u00e9m, logo se deram conta que aquilo que deveriam produzir serviria para uma ind\u00fastria de armas, eram partes de canh\u00f5es. Estavam desolados. Podiam fechar os olhos e fingir que n\u00e3o era nada? Al\u00e9m do mais, se n\u00e3o fossem eles, outros fariam o trabalho&#8230;      <\/p>\n\n<p>Conversaram muito, tamb\u00e9m com o filho, Pedro. Foram v\u00e1rias noites sem dormir. N\u00e3o queriam contribuir, nem indiretamente, com a morte violenta de algu\u00e9m. E o pedido foi rejeitado.   <\/p>\n\n<p>Depois dessa dif\u00edcil decis\u00e3o, de forma inacredit\u00e1vel a empresa teve outros trabalhos e conseguiu ir para frente, apesar das dificuldades.<\/p>\n\n<p>(A. M. \u2013 Espanha \u2013 da revista <a href=\"https:\/\/www.ciudadnueva.com\/revistalar\">LAR<\/a>) <\/p>\n\n<p class=\"has-vivid-red-color has-text-color has-link-color has-medium-font-size wp-elements-7822d3ef585693ab3023723818707573\"><strong>Acreditar<\/strong><\/p>\n\n<p>Estamos reunindo fundos para viajar do nosso pa\u00eds, as Filipinas, para Roma, a fim de participar do Jubileu dos Jovens. Nestes dias, duas senhoras idosas vieram nos trazer algumas moedas do seu \u201ccofrinho\u201d. Uma delas, ao entregar as moedas, nos disse: \u201cEstas foram guardadas e conservadas por um ano no pequeno altar que tenho em casa\u201d. O seu presente humilde, mas profundo, que brotou da f\u00e9 e do sacrif\u00edcio, nos deixou sem palavras.   <\/p>\n\n<p>(Alguns jovens das Filipinas)<\/p>\n\n<p class=\"has-text-align-right\"><em>Aos cuidados de Carlos Mana<\/em><\/p>\n\n<p class=\"has-small-font-size\"><em>Foto: \u00a9 Jonathan en Pixabay<\/em><\/p>\n","protected":false},"excerpt":{"rendered":"<p>Quando procura-se colocar em pr\u00e1tica as palavras do Evangelho, nas situa\u00e7\u00f5es de cada dia ou nas decis\u00f5es importantes, os efeitos de transforma\u00e7\u00e3o da realidade s\u00e3o uma consequ\u00eancia l\u00f3gica. E, \u00e0s vezes, as coisas que acontecem s\u00e3o realmente surpreendentes. E assim: d\u00e1s e recebes, colocas amor e encontras amor e amizade, tomas uma decis\u00e3o levando em conta o bem comum e encontras o caminho para ir adiante.   <\/p>\n","protected":false},"author":34,"featured_media":371420,"comment_status":"open","ping_status":"open","sticky":false,"template":"","format":"standard","meta":{"give_campaign_id":0,"_seopress_robots_primary_cat":"","_seopress_titles_title":"","_seopress_titles_desc":"","_seopress_robots_index":"","_et_pb_use_builder":"","_et_pb_old_content":"","_et_gb_content_width":"","footnotes":""},"categories":[3288],"tags":[3347,3198,3303,3667],"class_list":["post-371443","post","type-post","status-publish","format-standard","has-post-thumbnail","hentry","category-testimonianze-di-vita-pt-pt","tag-notifiche-pt-pt","tag-ppg-pt-pt","tag-testimonianze-pt-pt","tag-vangelo-vissuto-pt-pt"],"_links":{"self":[{"href":"https:\/\/www.focolare.org\/pt-pt\/wp-json\/wp\/v2\/posts\/371443","targetHints":{"allow":["GET"]}}],"collection":[{"href":"https:\/\/www.focolare.org\/pt-pt\/wp-json\/wp\/v2\/posts"}],"about":[{"href":"https:\/\/www.focolare.org\/pt-pt\/wp-json\/wp\/v2\/types\/post"}],"author":[{"embeddable":true,"href":"https:\/\/www.focolare.org\/pt-pt\/wp-json\/wp\/v2\/users\/34"}],"replies":[{"embeddable":true,"href":"https:\/\/www.focolare.org\/pt-pt\/wp-json\/wp\/v2\/comments?post=371443"}],"version-history":[{"count":0,"href":"https:\/\/www.focolare.org\/pt-pt\/wp-json\/wp\/v2\/posts\/371443\/revisions"}],"wp:featuredmedia":[{"embeddable":true,"href":"https:\/\/www.focolare.org\/pt-pt\/wp-json\/wp\/v2\/media\/371420"}],"wp:attachment":[{"href":"https:\/\/www.focolare.org\/pt-pt\/wp-json\/wp\/v2\/media?parent=371443"}],"wp:term":[{"taxonomy":"category","embeddable":true,"href":"https:\/\/www.focolare.org\/pt-pt\/wp-json\/wp\/v2\/categories?post=371443"},{"taxonomy":"post_tag","embeddable":true,"href":"https:\/\/www.focolare.org\/pt-pt\/wp-json\/wp\/v2\/tags?post=371443"}],"curies":[{"name":"wp","href":"https:\/\/api.w.org\/{rel}","templated":true}]}}