{"id":371537,"date":"2025-02-21T12:23:00","date_gmt":"2025-02-21T11:23:00","guid":{"rendered":"https:\/\/www.focolare.org\/ano-jubilar-tem-significado-apenas-para-os-catolicos\/"},"modified":"2025-02-21T13:06:24","modified_gmt":"2025-02-21T12:06:24","slug":"ano-jubilar-tem-significado-apenas-para-os-catolicos","status":"publish","type":"post","link":"https:\/\/www.focolare.org\/pt-pt\/ano-jubilar-tem-significado-apenas-para-os-catolicos\/","title":{"rendered":"Ano Jubilar: tem significado apenas para os cat\u00f3licos?"},"content":{"rendered":"\n<p>O Ano Santo tem suas ra\u00edzes espirituais na tradi\u00e7\u00e3o judaica, onde um \u201cjubileu\u201d era celebrado a cada 50 anos, o que garantia a liberdade de escravos e prisioneiros. Na Igreja Cat\u00f3lica, o Papa Bonif\u00e1cio VIII proclamou pela primeira vez um Ano Santo em 1300. Desde esse in\u00edcio, uma \u201cindulg\u00eancia\u201d acompanha o Ano Santo que os fi\u00e9is podem obter, sob certas condi\u00e7\u00f5es, passando por uma \u201cPorta Santa\u201d.  <\/p>\n\n<p>No entanto, os crist\u00e3os luteranos como eu geralmente n\u00e3o se sentem confort\u00e1veis \u200b\u200bcom a palavra &#8220;indulg\u00eancia&#8221;, pois ela os remete \u00e0 \u00e9poca da Reforma e ao esc\u00e2ndalo da venda de indulg\u00eancias na Igreja Cat\u00f3lica. Essa pr\u00e1tica j\u00e1 foi proibida pelo Conc\u00edlio de Trento e, portanto, n\u00e3o existe mais. Notei, no entanto, que o termo &#8220;indulg\u00eancia&#8221; ainda \u00e9 cheio de mal-entendidos entre os fi\u00e9is de todas as denomina\u00e7\u00f5es: uma das ideias mais difundidas \u00e9 que a indulg\u00eancia pode perdoar os pecados de algu\u00e9m. Mas, de acordo com os ensinamentos da Igreja Cat\u00f3lica, esse n\u00e3o \u00e9 o caso. O perd\u00e3o dos pecados ocorre &#8211; como na Igreja Luterana &#8211; por meio de confiss\u00e3o, penit\u00eancia e absolvi\u00e7\u00e3o por um pastor (ou uma pastora) que age em nome de Jesus.    <\/p>\n\n<p>A indulg\u00eancia, do meu ponto de vista, toca numa dimens\u00e3o psicol\u00f3gica do pecado, aquilo que muitas vezes permanece na mem\u00f3ria (mesmo depois da absolvi\u00e7\u00e3o), provavelmente uma ferida ou um sentimento de medo ou tristeza&#8230; Em todo caso, ainda h\u00e1 um trabalho psicol\u00f3gico a ser feito. Ao passar pela &#8220;Porta Santa&#8221;, vejo, portanto, um convite para abrir uma porta em meu cora\u00e7\u00e3o em dire\u00e7\u00e3o \u00e0 compaix\u00e3o e \u00e0 reconcilia\u00e7\u00e3o, para deixar ir o que me bloqueia no caminho em dire\u00e7\u00e3o \u00e0 verdadeira liberdade e \u00e0 paz aut\u00eantica. \u00c9 uma decis\u00e3o consciente, um processo que \u00e9 iniciado. O fundamental, do ponto de vista crist\u00e3o, \u00e9 que o sucesso desse processo n\u00e3o depende de mim, mas das m\u00e3os Daquele que segura o mundo em Suas m\u00e3os. Somente a Sua gra\u00e7a pode finalmente curar as feridas da minha vida ou reconciliar a humanidade.     <\/p>\n\n<div class=\"wp-block-media-text has-media-on-the-right is-stacked-on-mobile has-background\" style=\"background-color:#f7f7d7;grid-template-columns:auto 33%\"><div class=\"wp-block-media-text__content\">\n<p class=\"has-text-align-right has-medium-font-size\"><br\/><br\/><em>&#8220;Ao passar pela &#8216;Porta Santa&#8217;,<br\/><\/em><em>vejo um convite para abrir uma porta<br\/><\/em><em>em meu cora\u00e7\u00e3o em dire\u00e7\u00e3o \u00e0 compaix\u00e3o<br\/><\/em><em>e \u00e0 reconcilia\u00e7\u00e3o,<br\/><\/em><em>para deixar ir o que me bloqueia<br\/><\/em><em>no caminho em dire\u00e7\u00e3o <br\/><\/em><em>\u00e0 verdadeira liberdade e \u00e0 paz aut\u00eantica&#8221;.<\/em><\/p>\n\n\n\n<p class=\"has-text-align-right has-small-font-size\"><em>Corinna M\u00fchlstedt<\/em><br\/><em>publicou recentemente, juntamente com o Abade Notkar Wolff,<br\/><\/em><em><a href=\"https:\/\/www.bonifatius-verlag.de\/shop\/kraftort-rom\/\" target=\"_blank\" rel=\"noreferrer noopener\">um guia ecum\u00e9nico espiritual de Roma para o Ano Santo.<\/a><\/em><br\/><br\/><\/p>\n<\/div><figure class=\"wp-block-media-text__media\"><img alt=\"\" alt=\"\" loading=\"lazy\" decoding=\"async\" width=\"400\" height=\"400\" src=\"https:\/\/www.focolare.org\/wp-content\/uploads\/2025\/02\/corinna-muehlstedt-1146.jpg\" alt=\"\" class=\"wp-image-371511 size-full\" srcset=\"https:\/\/www.focolare.org\/wp-content\/uploads\/2025\/02\/corinna-muehlstedt-1146.jpg 400w, https:\/\/www.focolare.org\/wp-content\/uploads\/2025\/02\/corinna-muehlstedt-1146-300x300.jpg 300w, https:\/\/www.focolare.org\/wp-content\/uploads\/2025\/02\/corinna-muehlstedt-1146-150x150.jpg 150w\" sizes=\"(max-width: 400px) 100vw, 400px\" \/><\/figure><\/div>\n\n<div style=\"height:25px\" aria-hidden=\"true\" class=\"wp-block-spacer\"><\/div>\n\n<p>Para mim, passar por esta porta significa simbolicamente a decis\u00e3o de seguir (repetidamente) Jesus e tomar o caminho da vida verdadeira. Como Ele diz no Evangelho de Jo\u00e3o (<em>Jo <\/em>10,9): &#8220;Eu sou a porta. Quem entrar por mim ser\u00e1 salvo&#8221;! <br\/>Para minha grande alegria, a <a href=\"https:\/\/www.vatican.va\/content\/francesco\/it\/bulls\/documents\/20240509_spes-non-confundit_bolla-giubileo2025.html\">bula papal<\/a> \u201cA esperan\u00e7a n\u00e3o desilude\u201d, na qual o Papa Francisco anuncia o Ano Santo de 2025, tem uma clara dimens\u00e3o ecum\u00eanica. Ela parte da gra\u00e7a de Deus, da qual todos os seres humanos s\u00e3o participantes, e define o Ano Santo como \u201cum convite a todas as Igrejas e comunidades eclesiais a prosseguirem no caminho da unidade vis\u00edvel, a n\u00e3o se cansarem de buscar os caminhos adequados para responder plenamente \u00e0 ora\u00e7\u00e3o de Jesus: \u2018Para que todos sejam um s\u00f3\u2019\u201d (<em>Jo <\/em>17,21).<a href=\"#_ftn1\" id=\"_ftnref1\">[1]<\/a>   <\/p>\n\n<p>O tema da \u201cesperan\u00e7a\u201d para o Ano Santo de 2025, portanto, ressoa positivamente em todos os crist\u00e3os. A Federa\u00e7\u00e3o Luterana Mundial escolheu &#8220;Compartilhando Esperan\u00e7a&#8221; como seu lema para o ano de 2025. O Conselho Mundial de Igrejas, que representa a maioria das Igrejas Protestantes e Ortodoxas, espera um &#8220;Ano Ecum\u00eanico&#8221; no &#8220;caminho da justi\u00e7a, reconcilia\u00e7\u00e3o e unidade&#8221;. Se a\u00e7\u00f5es concretas surgirem da boa vontade, no Ano Santo de 2025 as portas para o ecumenismo poder\u00e3o se abrir, aproximando os crist\u00e3os separados. \u201cDeixemo-nos atrair pela esperan\u00e7a desde j\u00e1\u201d, escreve o Papa Francisco, \u201ce deixemos que ela se torne contagiosa atrav\u00e9s de n\u00f3s para aqueles que a desejam\u201d.    <a href=\"#_ftn2\" id=\"_ftnref2\">[2]<\/a><\/p>\n\n<p class=\"has-text-align-right\"><em>Corinna M\u00fchlstedt<\/em><\/p>\n\n<p><a href=\"#_ftnref1\" id=\"_ftn1\">[1]<\/a> [1] Papa Francisco, <em>Spes non confundit<\/em>, Bula de Proclama\u00e7\u00e3o do Jubileu Ordin\u00e1rio do Ano 2025, 9 de maio de 2024, 17.<br\/><a href=\"#_ftnref2\" id=\"_ftn2\">[2]<\/a> Papa Francisco, <em>ibidem,<\/em> 25.<\/p>\n\n<p class=\"has-text-align-center has-background\" style=\"background-color:#f7f7d7\">O Movimento dos Focolares \u00e9 o promotor e convida voc\u00ea a participar da<strong> confer\u00eancia ecum\u00eanica internacional <\/strong>intitulada: <br\/><strong>\u201cCalled to hope \u2013 key players of dialogue\u201d<\/strong> (Chamados \u00e0 esperan\u00e7a \u2013 protagonistas do di\u00e1logo),<br\/>que acontecer\u00e1 de 26 a 29 de mar\u00e7o de 2025.<br\/>Em um tempo de divis\u00f5es e grandes desafios, como crist\u00e3os, somos chamados a testemunhar a esperan\u00e7a do Evangelho<br\/>e a ser protagonistas do di\u00e1logo e da unidade, comprometendo-nos a viver pela paz, a construir a fraternidade, a espalhar a esperan\u00e7a.<br\/>Mesas redondas, entrevistas, depoimentos visam oferecer m\u00e9todo e espiritualidade para dialogar<br\/>com boas pr\u00e1ticas e caminhos ecum\u00eanicos j\u00e1 existentes.<br\/><a href=\"https:\/\/www.focolare.org\/wp-content\/uploads\/2024\/12\/CALLED_TO_HOPE-26-29-03-2025-portoghese.pdf\" target=\"_blank\" rel=\"noreferrer noopener\"><strong>Ver o convite<\/strong><\/a><\/p>\n","protected":false},"excerpt":{"rendered":"<p>Neste ano de 2025, falamos frequentemente sobre a Porta Santa e as indulg\u00eancias, sobre perd\u00e3o e reconcilia\u00e7\u00e3o. Mas essas palavras e, sobretudo, este Ano Jubilar t\u00eam significado apenas para os cat\u00f3licos? Perguntamos sobre isso a Corinna Muehlstedt, uma te\u00f3loga luterana alem\u00e3, que vive entre Munique (Alemanha) e Roma (It\u00e1lia) e trabalha como jornalista e correspondente da ARD, a emissora p\u00fablica alem\u00e3.   <\/p>\n","protected":false},"author":34,"featured_media":371521,"comment_status":"open","ping_status":"open","sticky":false,"template":"","format":"standard","meta":{"give_campaign_id":0,"_seopress_robots_primary_cat":"","_seopress_titles_title":"","_seopress_titles_desc":"","_seopress_robots_index":"","_et_pb_use_builder":"","_et_pb_old_content":"","_et_gb_content_width":"","footnotes":""},"categories":[3193],"tags":[3639,3347,3198],"class_list":["post-371537","post","type-post","status-publish","format-standard","has-post-thumbnail","hentry","category-ecumenismo-pt-pt","tag-ecumenismo-pt-pt","tag-notifiche-pt-pt","tag-ppg-pt-pt"],"_links":{"self":[{"href":"https:\/\/www.focolare.org\/pt-pt\/wp-json\/wp\/v2\/posts\/371537","targetHints":{"allow":["GET"]}}],"collection":[{"href":"https:\/\/www.focolare.org\/pt-pt\/wp-json\/wp\/v2\/posts"}],"about":[{"href":"https:\/\/www.focolare.org\/pt-pt\/wp-json\/wp\/v2\/types\/post"}],"author":[{"embeddable":true,"href":"https:\/\/www.focolare.org\/pt-pt\/wp-json\/wp\/v2\/users\/34"}],"replies":[{"embeddable":true,"href":"https:\/\/www.focolare.org\/pt-pt\/wp-json\/wp\/v2\/comments?post=371537"}],"version-history":[{"count":0,"href":"https:\/\/www.focolare.org\/pt-pt\/wp-json\/wp\/v2\/posts\/371537\/revisions"}],"wp:featuredmedia":[{"embeddable":true,"href":"https:\/\/www.focolare.org\/pt-pt\/wp-json\/wp\/v2\/media\/371521"}],"wp:attachment":[{"href":"https:\/\/www.focolare.org\/pt-pt\/wp-json\/wp\/v2\/media?parent=371537"}],"wp:term":[{"taxonomy":"category","embeddable":true,"href":"https:\/\/www.focolare.org\/pt-pt\/wp-json\/wp\/v2\/categories?post=371537"},{"taxonomy":"post_tag","embeddable":true,"href":"https:\/\/www.focolare.org\/pt-pt\/wp-json\/wp\/v2\/tags?post=371537"}],"curies":[{"name":"wp","href":"https:\/\/api.w.org\/{rel}","templated":true}]}}