{"id":372171,"date":"2025-03-08T05:00:00","date_gmt":"2025-03-08T04:00:00","guid":{"rendered":"https:\/\/www.focolare.org\/uma-humanidade-um-planeta-lideranca-sinodal\/"},"modified":"2025-03-11T12:59:51","modified_gmt":"2025-03-11T11:59:51","slug":"uma-humanidade-um-planeta-lideranca-sinodal","status":"publish","type":"post","link":"https:\/\/www.focolare.org\/pt-pt\/uma-humanidade-um-planeta-lideranca-sinodal\/","title":{"rendered":"Uma humanidade, um planeta: lideran\u00e7a sinodal"},"content":{"rendered":"\n<p>O <a href=\"http:\/\/www.mppu.org\/pt\/\" target=\"_blank\" rel=\"noreferrer noopener\">Movimento Pol\u00edtico pela Unidade<\/a> juntamente com a <a href=\"https:\/\/www.new-humanity.org\/en\/\" target=\"_blank\" rel=\"noreferrer noopener\">Ong New Umanity<\/a>, express\u00f5es do Movimento dos Focolares, com o apoio de <a href=\"http:\/\/www.porticus.com\" target=\"_blank\" rel=\"noreferrer noopener\">Porticus<\/a>, promovem o projeto pol\u00edtico global intitulado \u201cUma humanidade, um planeta: lideran\u00e7a sinodal\u201d. Dirigido a <strong>jovens de 18 a 40 anos <\/strong> que possuam experi\u00eancia em representa\u00e7\u00e3o pol\u00edtica, lideran\u00e7a governativa ou em movimentos sociais, o programa oferece forma\u00e7\u00e3o acad\u00eamica, mentoria personalizada e um hackathon, em Roma, com especialistas internacionais. <\/p>\n\n\n\n<p><strong>Objetivo<\/strong>: fortalecer a participa\u00e7\u00e3o de jovens pol\u00edticos nos processos de defesa pol\u00edtica em n\u00edvel global, por meio de um processo de reflex\u00e3o e a\u00e7\u00e3o colaborativa entre l\u00edderes s\u00f3cio-pol\u00edticos, gerando uma rede global de jovens l\u00edderes de v\u00e1rios continentes. Um desafio para a supera\u00e7\u00e3o das crises atuais (sociais, ambientais, pol\u00edticas e econ\u00f4micas) e uma contribui\u00e7\u00e3o para que seja criada uma rede de lideran\u00e7a, para a gera\u00e7\u00e3o e o desenvolvimento de estrat\u00e9gias pol\u00edticas em n\u00edvel internacional. <\/p>\n\n\n\n<figure data-wp-context=\"{&quot;imageId&quot;:&quot;69f71287ecdde&quot;}\" data-wp-interactive=\"core\/image\" data-wp-key=\"69f71287ecdde\" class=\"wp-block-image aligncenter size-medium is-resized wp-lightbox-container\"><img alt=\"\" alt=\"\" loading=\"lazy\" decoding=\"async\" width=\"240\" height=\"300\" data-wp-class--hide=\"state.isContentHidden\" data-wp-class--show=\"state.isContentVisible\" data-wp-init=\"callbacks.setButtonStyles\" data-wp-on--click=\"actions.showLightbox\" data-wp-on--load=\"callbacks.setButtonStyles\" data-wp-on-window--resize=\"callbacks.setButtonStyles\" src=\"https:\/\/www.focolare.org\/wp-content\/uploads\/2025\/03\/Scuola-politica-Locandina-pt-240x300.jpg\" alt=\"\" class=\"wp-image-372158\" style=\"width:420px;height:auto\"\/><button\n\t\t\tclass=\"lightbox-trigger\"\n\t\t\ttype=\"button\"\n\t\t\taria-haspopup=\"dialog\"\n\t\t\taria-label=\"Ampliar\"\n\t\t\tdata-wp-init=\"callbacks.initTriggerButton\"\n\t\t\tdata-wp-on--click=\"actions.showLightbox\"\n\t\t\tdata-wp-style--right=\"state.imageButtonRight\"\n\t\t\tdata-wp-style--top=\"state.imageButtonTop\"\n\t\t>\n\t\t\t<svg xmlns=\"http:\/\/www.w3.org\/2000\/svg\" width=\"12\" height=\"12\" fill=\"none\" viewBox=\"0 0 12 12\">\n\t\t\t\t<path fill=\"#fff\" d=\"M2 0a2 2 0 0 0-2 2v2h1.5V2a.5.5 0 0 1 .5-.5h2V0H2Zm2 10.5H2a.5.5 0 0 1-.5-.5V8H0v2a2 2 0 0 0 2 2h2v-1.5ZM8 12v-1.5h2a.5.5 0 0 0 .5-.5V8H12v2a2 2 0 0 1-2 2H8Zm2-12a2 2 0 0 1 2 2v2h-1.5V2a.5.5 0 0 0-.5-.5H8V0h2Z\" \/>\n\t\t\t<\/svg>\n\t\t<\/button><\/figure>\n\n\n\n<p>O programa <strong>iniciar\u00e1 no final de abril de 2025, o prazo para as inscri\u00e7\u00f5es \u00e9 at\u00e9 dia 31 de mar\u00e7o<\/strong>, <strong>ter\u00e1 a dura\u00e7\u00e3o de dois anos e ser\u00e1 totalmente gratuito<\/strong>. Espera-se a contribui\u00e7\u00e3o de institui\u00e7\u00f5es acad\u00eamicas de prest\u00edgio e ONGs internacionais. O curso acontecer\u00e1 seja de modo presencial que online, atrav\u00e9s de m\u00f3dulos interativos, com especialistas de todo o mundo, incluindo l\u00edderes pol\u00edticos proeminentes e professores de universidades renomadas. \u00c9 previsto um evento de uma semana em Roma \u2013 de 6 a12 de outubro de 2025 \u2013 com convidados internacionais, para a cria\u00e7\u00e3o coletiva de propostas de a\u00e7\u00f5es em conjunto e em n\u00edvel global, para resolver os desafios sociais, ambientais e econ\u00f4micos da atualidade.   <\/p>\n\n\n\n<p>O idioma n\u00e3o deve ser um obst\u00e1culo. Por esse motivo, as reuni\u00f5es s\u00edncronas ser\u00e3o traduzidas para o espanhol, portugu\u00eas, franc\u00eas, ingl\u00eas, italiano ou outro idioma, conforme necess\u00e1rio. <\/p>\n\n\n\n<p><strong>O que o programa oferece?<\/strong><\/p>\n\n\n\n<p>\u00c9 um processo abrangente de a\u00e7\u00e3o coletiva que integra treinamento, informa\u00e7\u00f5es, rela\u00e7\u00f5es, ferramentas e reuni\u00f5es. Oferece experi\u00eancias e ferramentas para aumentar a qualidade da pol\u00edtica e melhorar o impacto na transforma\u00e7\u00e3o social. Haver\u00e1 espa\u00e7os para treinamento e constru\u00e7\u00e3o de conhecimento coletivo com interc\u00e2mbios com palestrantes e especialistas, com tempos destinados \u00e0 reflex\u00e3o entre os participantes. Os jovens participantes ser\u00e3o sempre acompanhados por um mentor com experi\u00eancia pol\u00edtica para aprimorar seu pr\u00f3prio projeto pol\u00edtico nas \u00e1reas social, econ\u00f4mica e ambiental e ser\u00e3o inclu\u00eddos &#8211; a partir do segundo ano &#8211; em uma rede global de 600 jovens l\u00edderes de diferentes continentes.   <\/p>\n\n\n\n<p>No final ser\u00e1 entregue um diploma formal, atestando a participa\u00e7\u00e3o no programa.<\/p>\n\n\n\n<p>Para maiores informa\u00e7\u00f5es <a href=\"https:\/\/www.new-humanity.org\/politica-e-bene-comune\/call-per-la-partecipazione-leadership-sinodale\/\" target=\"_blank\" rel=\"noreferrer noopener\">clique aqui<\/a>, ou entre em contato com <a href=\"mailto:politicalinnovation@mppu.org\">politicalinnovation@mppu.org<\/a> <\/p>\n\n\n\n<p>Not\u00edcias atualizadas voc\u00ea encontrar\u00e1 nos canais <a href=\"https:\/\/www.instagram.com\/mppu_international\/\" target=\"_blank\" rel=\"noreferrer noopener\">Instagram<\/a>, <a href=\"https:\/\/www.facebook.com\/mppu.intl\" target=\"_blank\" rel=\"noreferrer noopener\">Facebook<\/a>, <a href=\"https:\/\/www.linkedin.com\/company\/mppu-international\/\" target=\"_blank\" rel=\"noreferrer noopener\">LinkedIn<\/a> do mppu international<\/p>\n\n\n\n<p class=\"has-text-align-right\"><em>Lorenzo Russo<\/em><\/p>\n\n\n\n<p class=\"has-text-align-right\"><em>Foto: \u00a9 Pexels<\/em><\/p>\n\n\n\n<div style=\"height:138px\" aria-hidden=\"true\" class=\"wp-block-spacer\"><\/div>\n","protected":false},"excerpt":{"rendered":"<p>Um programa internacional para jovens l\u00edderes pol\u00edticos ter\u00e1 in\u00edcio em abril de 2025. Ser\u00e1 um percurso de dois anos para refor\u00e7ar a participa\u00e7\u00e3o dos jovens nos processos de a\u00e7\u00e3o pol\u00edtica, em n\u00edvel planet\u00e1rio. Possibilidade de inscri\u00e7\u00f5es ainda por alguns dias.  <\/p>\n","protected":false},"author":31,"featured_media":372055,"comment_status":"open","ping_status":"open","sticky":false,"template":"","format":"standard","meta":{"give_campaign_id":0,"_seopress_robots_primary_cat":"","_seopress_titles_title":"","_seopress_titles_desc":"","_seopress_robots_index":"","_et_pb_use_builder":"","_et_pb_old_content":"","_et_gb_content_width":"","footnotes":""},"categories":[2962,2945,3176],"tags":[3347,3198],"class_list":["post-372171","post","type-post","status-publish","format-standard","has-post-thumbnail","hentry","category-cultura-3","category-nuove-generazioni-3","category-social","tag-notifiche-pt-pt","tag-ppg-pt-pt"],"_links":{"self":[{"href":"https:\/\/www.focolare.org\/pt-pt\/wp-json\/wp\/v2\/posts\/372171","targetHints":{"allow":["GET"]}}],"collection":[{"href":"https:\/\/www.focolare.org\/pt-pt\/wp-json\/wp\/v2\/posts"}],"about":[{"href":"https:\/\/www.focolare.org\/pt-pt\/wp-json\/wp\/v2\/types\/post"}],"author":[{"embeddable":true,"href":"https:\/\/www.focolare.org\/pt-pt\/wp-json\/wp\/v2\/users\/31"}],"replies":[{"embeddable":true,"href":"https:\/\/www.focolare.org\/pt-pt\/wp-json\/wp\/v2\/comments?post=372171"}],"version-history":[{"count":0,"href":"https:\/\/www.focolare.org\/pt-pt\/wp-json\/wp\/v2\/posts\/372171\/revisions"}],"wp:featuredmedia":[{"embeddable":true,"href":"https:\/\/www.focolare.org\/pt-pt\/wp-json\/wp\/v2\/media\/372055"}],"wp:attachment":[{"href":"https:\/\/www.focolare.org\/pt-pt\/wp-json\/wp\/v2\/media?parent=372171"}],"wp:term":[{"taxonomy":"category","embeddable":true,"href":"https:\/\/www.focolare.org\/pt-pt\/wp-json\/wp\/v2\/categories?post=372171"},{"taxonomy":"post_tag","embeddable":true,"href":"https:\/\/www.focolare.org\/pt-pt\/wp-json\/wp\/v2\/tags?post=372171"}],"curies":[{"name":"wp","href":"https:\/\/api.w.org\/{rel}","templated":true}]}}