{"id":379665,"date":"2025-05-01T00:05:00","date_gmt":"2025-04-30T22:05:00","guid":{"rendered":"https:\/\/www.focolare.org\/?p=379665"},"modified":"2025-05-01T14:18:54","modified_gmt":"2025-05-01T12:18:54","slug":"senhor-tu-sabes-tudo-tu-sabes-que-te-amo-jo-2117","status":"publish","type":"post","link":"https:\/\/www.focolare.org\/pt-pt\/senhor-tu-sabes-tudo-tu-sabes-que-te-amo-jo-2117\/","title":{"rendered":"\u201cSenhor, tu sabes tudo; tu sabes que te amo.\u201d (Jo 21,17)."},"content":{"rendered":"\n<p><\/p>\n\n<p>O \u00faltimo cap\u00edtulo do Evangelho de Jo\u00e3o nos leva \u00e0 Galileia, \u00e0s margens do lago de Tiber\u00edades. Ap\u00f3s a morte de Jesus, Pedro, Jo\u00e3o e outros disc\u00edpulos voltam ao seu trabalho de pescadores, mas infelizmente sem resultados naquela noite. <\/p>\n\n<p> Ali, o Ressuscitado se manifesta pela terceira vez. Exorta-os a lan\u00e7ar novamente as redes e desta vez eles apanham muitos peixes. Depois, na praia, Ele os convida a compartilhar a comida. Pedro e os outros o reconheceram, mas n\u00e3o t\u00eam a coragem de lhe dirigir a palavra.  <\/p>\n\n<p>Jesus toma a iniciativa e se dirige a Pedro com uma pergunta muito desafiadora: \u201cSim\u00e3o, filho de Jo\u00e3o, tu me amas mais do que estes?\u201d. O momento \u00e9 solene: tr\u00eas vezes Jesus renova o chamado de Pedro <a href=\"#_ftn1\" id=\"_ftnref1\">[1]<\/a> para que cuide das Suas ovelhas, das quais Ele mesmo \u00e9 o Pastor <a href=\"#_ftn2\" id=\"_ftnref2\">[2]<\/a>. <\/p>\n\n<p>\u201cSenhor, tu sabes tudo; tu sabes que te amo.\u201d<\/p>\n\n<p>Mas Pedro se lembra de que o tinha tra\u00eddo, e essa experi\u00eancia tr\u00e1gica n\u00e3o o deixa responder positivamente \u00e0 pergunta de Jesus. Ent\u00e3o, responde com humildade: \u201cSim, Senhor, tu sabes que te amo\u201d.  <\/p>\n\n<p>Ao longo de todo o di\u00e1logo, Jesus n\u00e3o censura Pedro pela trai\u00e7\u00e3o, n\u00e3o insiste em evidenciar o erro. Vai at\u00e9 onde chegam as possibilidades do disc\u00edpulo, leva-o para dentro da sua dolorosa ferida, a fim de cur\u00e1-la com a Sua amizade. A \u00fanica coisa que Ele pede \u00e9 que a rela\u00e7\u00e3o seja reconstru\u00edda na confian\u00e7a m\u00fatua.  <\/p>\n\n<p>Ent\u00e3o, brota de Pedro uma resposta que \u00e9 um ato de consci\u00eancia da pr\u00f3pria fraqueza e, ao mesmo tempo, de confian\u00e7a sem limites no amor acolhedor do seu Mestre e Senhor:<\/p>\n\n<p>\u201cSenhor, tu sabes tudo; tu sabes que te amo.\u201d<\/p>\n\n<p>Jesus faz a mesma pergunta tamb\u00e9m a cada um de n\u00f3s: tu me amas? Queres ser meu amigo? <\/p>\n\n<p>Ele sabe tudo: conhece os dons que Ele mesmo nos deu, bem como as nossas fraquezas e feridas, que \u00e0s vezes est\u00e3o sangrando. Mesmo assim, Ele renova a sua confian\u00e7a, n\u00e3o nas nossas for\u00e7as, mas na amizade com Ele. <\/p>\n\n<p>Nessa amizade, Pedro encontrar\u00e1 tamb\u00e9m a coragem de testemunhar o seu amor por Jesus at\u00e9 dar a pr\u00f3pria vida por Ele.<\/p>\n\n<p>\u201cTodos n\u00f3s passamos por momentos de fraqueza, de frustra\u00e7\u00e3o, de des\u00e2nimo: [&#8230;] contrariedades, situa\u00e7\u00f5es dolorosas, doen\u00e7as, mortes, prova\u00e7\u00f5es interiores, incompreens\u00f5es, tenta\u00e7\u00f5es, fracassos [&#8230;]. Justamente aquele que se sente incapaz de superar certas prova\u00e7\u00f5es que se abatem sobre o f\u00edsico e a alma, e que, portanto, n\u00e3o pode contar com suas pr\u00f3prias for\u00e7as, est\u00e1 em condi\u00e7\u00f5es de confiar em Deus. E Ele interv\u00e9m, atra\u00eddo por essa confian\u00e7a. Onde Ele age, realiza coisas grandes, que parecem maiores justamente por terem origem na nossa pequenez.\u201d <a href=\"#_ftn3\" id=\"_ftnref3\">[3]<\/a><\/p>\n\n<p>No dia a dia, podemos nos apresentar a Deus do jeito que somos e invocar a sua amizade; e essa nos cura. Nesse abandono confiante na sua miseric\u00f3rdia, podemos retornar \u00e0 intimidade com o Senhor e retomar a nossa caminhada com Ele. <\/p>\n\n<p>\u201cSenhor, tu sabes tudo; tu sabes que te amo.\u201d<\/p>\n\n<p>Esta Palavra de Vida tamb\u00e9m pode se tornar uma ora\u00e7\u00e3o pessoal, a nossa resposta, pela qual nos confiamos a Deus com as nossas poucas for\u00e7as e lhe agradecemos pelos sinais do Seu amor:<\/p>\n\n<p>\u201c[\u2026] Quero-te bem porque entraste em minha vida mais do que o ar nos meus pulm\u00f5es, mais do que o sangue em minhas veias. Entraste onde ningu\u00e9m podia entrar, quando ningu\u00e9m podia me ajudar, toda vez que ningu\u00e9m me podia consolar. [\u2026] D\u00e1 que eu te seja grata \u2013 ao menos um pouco \u2013 no tempo que me resta, por esse amor que derramaste sobre mim e me obrigou a dizer-te: Quero-te bem.\u201d<a href=\"#_ftn4\" id=\"_ftnref4\">[4]<\/a><\/p>\n\n<p>Tamb\u00e9m nos nossos relacionamentos na fam\u00edlia, na sociedade e na Igreja, podemos aprender o estilo de Jesus: amar a todos, tomar a iniciativa no amor, \u201clavar os p\u00e9s\u201d <a href=\"#_ftn5\" id=\"_ftnref5\">[5]<\/a> dos nossos irm\u00e3os, especialmente dos mais pequeninos e mais fr\u00e1geis. Aprenderemos a acolher a todos com humildade e paci\u00eancia, sem julgar, abertos a pedir e a acolher o perd\u00e3o, para entendermos juntos como caminhar lado a lado na vida.  <\/p>\n\n<p class=\"has-text-align-right\"><em>Org.: Letizia Magri<br\/>com a comiss\u00e3o da Palavra de Vida<\/em><\/p>\n\n<hr class=\"wp-block-separator has-alpha-channel-opacity\"\/>\n\n<p>\u00a9<em>Fotos: Canva<\/em><\/p>\n\n<p class=\"has-small-font-size\"><a href=\"#_ftnref1\" id=\"_ftn1\">[1]<\/a><em> Cf. Mt 16,18-19. <\/em><\/p>\n\n<p class=\"has-small-font-size\"><a href=\"#_ftnref2\" id=\"_ftn2\">[2]<\/a> <em>Gv 10,14.<\/em><\/p>\n\n<p class=\"has-small-font-size\"><a href=\"#_ftnref3\" id=\"_ftn3\">[3] <\/a> <em>LUBICH, Chiara. A for\u00e7a da fraqueza. Palavra de Vida, julho de 2000.<\/em><\/p>\n\n<p class=\"has-small-font-size\"><a href=\"#_ftnref4\" id=\"_ftn4\">[4]<\/a> <em>LUBICH, Chiara. Gratid\u00e3o. Ideal e Luz. S\u00e3o Paulo, Brasiliense; Cidade Nova, 2003, p.178. <\/em><\/p>\n\n<p class=\"has-small-font-size\"><a href=\"#_ftnref5\" id=\"_ftn5\">[5]<\/a> <em>Cf. Gv 13,14. <\/em><\/p>\n\n<div style=\"height:171px\" aria-hidden=\"true\" class=\"wp-block-spacer\"><\/div>\n","protected":false},"excerpt":{"rendered":"<p>Palavra de Vida \u2013 Maio de 2025<\/p>\n","protected":false},"author":33,"featured_media":380649,"comment_status":"open","ping_status":"open","sticky":false,"template":"","format":"standard","meta":{"give_campaign_id":0,"_seopress_robots_primary_cat":"","_seopress_titles_title":"","_seopress_titles_desc":"","_seopress_robots_index":"","_et_pb_use_builder":"","_et_pb_old_content":"","_et_gb_content_width":"","footnotes":""},"categories":[3602],"tags":[3347,3198],"class_list":["post-379665","post","type-post","status-publish","format-standard","has-post-thumbnail","hentry","category-parola-di-vita-pt-pt","tag-notifiche-pt-pt","tag-ppg-pt-pt"],"_links":{"self":[{"href":"https:\/\/www.focolare.org\/pt-pt\/wp-json\/wp\/v2\/posts\/379665","targetHints":{"allow":["GET"]}}],"collection":[{"href":"https:\/\/www.focolare.org\/pt-pt\/wp-json\/wp\/v2\/posts"}],"about":[{"href":"https:\/\/www.focolare.org\/pt-pt\/wp-json\/wp\/v2\/types\/post"}],"author":[{"embeddable":true,"href":"https:\/\/www.focolare.org\/pt-pt\/wp-json\/wp\/v2\/users\/33"}],"replies":[{"embeddable":true,"href":"https:\/\/www.focolare.org\/pt-pt\/wp-json\/wp\/v2\/comments?post=379665"}],"version-history":[{"count":0,"href":"https:\/\/www.focolare.org\/pt-pt\/wp-json\/wp\/v2\/posts\/379665\/revisions"}],"wp:featuredmedia":[{"embeddable":true,"href":"https:\/\/www.focolare.org\/pt-pt\/wp-json\/wp\/v2\/media\/380649"}],"wp:attachment":[{"href":"https:\/\/www.focolare.org\/pt-pt\/wp-json\/wp\/v2\/media?parent=379665"}],"wp:term":[{"taxonomy":"category","embeddable":true,"href":"https:\/\/www.focolare.org\/pt-pt\/wp-json\/wp\/v2\/categories?post=379665"},{"taxonomy":"post_tag","embeddable":true,"href":"https:\/\/www.focolare.org\/pt-pt\/wp-json\/wp\/v2\/tags?post=379665"}],"curies":[{"name":"wp","href":"https:\/\/api.w.org\/{rel}","templated":true}]}}