{"id":380126,"date":"2025-04-29T05:00:00","date_gmt":"2025-04-29T03:00:00","guid":{"rendered":"https:\/\/www.focolare.org\/?p=380126"},"modified":"2025-04-29T14:29:21","modified_gmt":"2025-04-29T12:29:21","slug":"evangelho-vivido-fazer-coisas-novas","status":"publish","type":"post","link":"https:\/\/www.focolare.org\/pt-pt\/evangelho-vivido-fazer-coisas-novas\/","title":{"rendered":"Evangelho vivido: fazer coisas novas"},"content":{"rendered":"\n<p><strong>Aceitar a mudan\u00e7a<\/strong><\/p>\n\n<p>Como \u201cdistribuidora de tarefas\u201d, em 10 anos, juntamente com o nosso p\u00e1roco, consegui formar o Conselho pastoral paroquial e o Grupo dos sacrist\u00e3os. Com o passar do tempo, percebi que meu papel estava se redimensionando. Muitas pessoas que antes eram menos ativas se propuseram a desenvolver v\u00e1rias tarefas, e eu escolhi ficar de lado para dar espa\u00e7o a elas. Inicialmente, aceitei o meu papel com serenidade. Por\u00e9m, depois, me sentindo exclu\u00edda, entendi o quanto era f\u00e1cil se ligar ao pr\u00f3prio papel, mas tamb\u00e9m o quanto \u00e9 importante saber deix\u00e1-lo. Algumas vezes, o Senhor nos convida a dar um passo para tr\u00e1s para nos preparar para algo novo. N\u00e3o \u00e9 f\u00e1cil, porque implica aceitar a mudan\u00e7a e confiar. Hoje, mesmo me sentindo um pouco de lado, permane\u00e7o dispon\u00edvel para dar minha contribui\u00e7\u00e3o quando e se me pedem. Tenho certeza de que cada servi\u00e7o, mesmo o menorzinho, tem um valor e que todas as fases da vida s\u00e3o uma oportunidade para crescer na f\u00e9 e no amor para com o pr\u00f3ximo.        <\/p>\n\n<p><em>(Luciana \u2013 It\u00e1lia)<\/em><\/p>\n\n<p><strong>Deus me v\u00ea<\/strong><\/p>\n\n<p>\u00c0s vezes, quando eu morava em Bruxelas, ia \u00e0 missa na igreja do Col\u00e9gio de S\u00e3o Miguel. Para chegar, tinha de percorrer um longo corredor com uma s\u00e9rie infinita de salas de aula dos dois lados. Acima da porta de cada uma, havia uma placa com o texto: Deus te v\u00ea. Era um aviso para os adolescentes que refletia um pensamento passado, expressado de maneira negativa: \u201cN\u00e3o peque porque, mesmo que os homens n\u00e3o vejam, Deus est\u00e1 vendo\u201d. Mas para mim, talvez porque nasci em outra \u00e9poca ou porque acredito no seu amor, soava de maneira positiva: \u201cN\u00e3o devo fazer coisas boas diante dos homens a fim que me vejam, para ouvir elogios ou agradecimentos, mas viver na presen\u00e7a de Deus\u201d. No evangelho de Mateus 23:1-12, Jesus, ao falar aos escribas e fariseus que amam aparecer, os convida a n\u00e3o serem chamados de \u201cmestres\u201d, a ter uma \u00fanica preocupa\u00e7\u00e3o: agir sob o olhar de Deus, que l\u00ea os cora\u00e7\u00f5es. \u00c9 disso que eu gosto: Deus me v\u00ea, como dizem as placas no col\u00e9gio. Deus l\u00ea meu cora\u00e7\u00e3o e isso deve me bastar.      <\/p>\n\n<p><em>(G.F. \u2013 B\u00e9lgica)<\/em><\/p>\n\n<p><strong>Dar o primeiro passo<\/strong><\/p>\n\n<p>Devido a uma quest\u00e3o de heran\u00e7a, minha m\u00e3e e a irm\u00e3 dela n\u00e3o se falavam. N\u00e3o se visitavam h\u00e1 tempos e a dist\u00e2ncia criada s\u00f3 aumentava, tanto que mor\u00e1vamos na cidade e minha tia em uma cidadezinha de montanha bem distante. As coisas ficaram nesse estado at\u00e9 o dia em que tomei coragem, provocada pelas palavras de Jesus: \u201cse trouxeres a tua oferta ao altar, e a\u00ed te lembrares de que teu irm\u00e3o tem alguma coisa contra ti, deixa ali diante do altar a tua oferta, e vai reconciliar-te primeiro com teu irm\u00e3o e, depois, vem e apresenta a tua oferta\u201d. Buscando o momento certo, conversei com a minha m\u00e3e e consegui convenc\u00ea-la a me acompanhar para visitar minha tia. Durante a viagem, est\u00e1vamos em sil\u00eancio; eu n\u00e3o fazia outra coisa a n\u00e3o ser rezar para que tudo desse certo. De fato, as coisas ocorreram de maneira bem simples: pega de surpresa, minha tia nos acolheu de bra\u00e7os abertos. Mas foi necess\u00e1rio que d\u00e9ssemos o primeiro passo.      <\/p>\n\n<p><em>(A.G. \u2013 It\u00e1lia)<\/em><\/p>\n\n<p class=\"has-text-align-right\"><em>Por Maria Grazia Berretta<\/em><\/p>\n\n<p><em>(trecho de Il Vangelo del Giorno, Citt\u00e0 Nuova, anno X\u2013 n.1\u00b0 mar\u00e7o-abril de 2025)<\/em><\/p>\n\n<p>\u00a9<em>Fotos<\/em>: <em>Gerson Rodriguez &#8211; Pixabay<\/em><\/p>\n\n<div style=\"height:204px\" aria-hidden=\"true\" class=\"wp-block-spacer\"><\/div>\n","protected":false},"excerpt":{"rendered":"<p>O modo como Deus opera na nossa vida nos indica o caminho para poder mudar a perspectiva. \u00c9 a oportunidade que temos para renovar o nosso olhar sobre as coisas. Qual \u00e9 o nosso dever? Confiar em Deus para poder ver maravilhas.   <\/p>\n","protected":false},"author":33,"featured_media":380133,"comment_status":"open","ping_status":"open","sticky":false,"template":"","format":"standard","meta":{"give_campaign_id":0,"_seopress_robots_primary_cat":"","_seopress_titles_title":"","_seopress_titles_desc":"","_seopress_robots_index":"","_et_pb_use_builder":"","_et_pb_old_content":"","_et_gb_content_width":"","footnotes":""},"categories":[3176,3288,3310],"tags":[3347,3198],"class_list":["post-380126","post","type-post","status-publish","format-standard","has-post-thumbnail","hentry","category-social","category-testimonianze-di-vita-pt-pt","category-vite-vissute-pt-pt","tag-notifiche-pt-pt","tag-ppg-pt-pt"],"_links":{"self":[{"href":"https:\/\/www.focolare.org\/pt-pt\/wp-json\/wp\/v2\/posts\/380126","targetHints":{"allow":["GET"]}}],"collection":[{"href":"https:\/\/www.focolare.org\/pt-pt\/wp-json\/wp\/v2\/posts"}],"about":[{"href":"https:\/\/www.focolare.org\/pt-pt\/wp-json\/wp\/v2\/types\/post"}],"author":[{"embeddable":true,"href":"https:\/\/www.focolare.org\/pt-pt\/wp-json\/wp\/v2\/users\/33"}],"replies":[{"embeddable":true,"href":"https:\/\/www.focolare.org\/pt-pt\/wp-json\/wp\/v2\/comments?post=380126"}],"version-history":[{"count":0,"href":"https:\/\/www.focolare.org\/pt-pt\/wp-json\/wp\/v2\/posts\/380126\/revisions"}],"wp:featuredmedia":[{"embeddable":true,"href":"https:\/\/www.focolare.org\/pt-pt\/wp-json\/wp\/v2\/media\/380133"}],"wp:attachment":[{"href":"https:\/\/www.focolare.org\/pt-pt\/wp-json\/wp\/v2\/media?parent=380126"}],"wp:term":[{"taxonomy":"category","embeddable":true,"href":"https:\/\/www.focolare.org\/pt-pt\/wp-json\/wp\/v2\/categories?post=380126"},{"taxonomy":"post_tag","embeddable":true,"href":"https:\/\/www.focolare.org\/pt-pt\/wp-json\/wp\/v2\/tags?post=380126"}],"curies":[{"name":"wp","href":"https:\/\/api.w.org\/{rel}","templated":true}]}}