{"id":380845,"date":"2025-05-13T05:00:00","date_gmt":"2025-05-13T03:00:00","guid":{"rendered":"https:\/\/www.focolare.org\/?p=380845"},"modified":"2025-05-12T17:54:46","modified_gmt":"2025-05-12T15:54:46","slug":"rimarishun-vamos-dialogar-uma-opcao-intercultural-na-america-latina","status":"publish","type":"post","link":"https:\/\/www.focolare.org\/pt-pt\/rimarishun-vamos-dialogar-uma-opcao-intercultural-na-america-latina\/","title":{"rendered":"&#8220;Rimarishun&#8221;: vamos dialogar. Uma op\u00e7\u00e3o intercultural na Am\u00e9rica Latina"},"content":{"rendered":"\n<p>Na Am\u00e9rica Latina existem 826 povos ind\u00edgenas, com uma popula\u00e7\u00e3o de cerca 50 milh\u00f5es de pessoas, o que significa 8% da popula\u00e7\u00e3o total, e estima-se que outros 200 vivam em isolamento volunt\u00e1rio. Em tal contexto, desde a chegada do Movimento dos Focolares nestas terras, deu-se import\u00e2ncia \u00e0 busca do di\u00e1logo entre pessoas e grupos pertencentes \u00e0s grandes matrizes culturais que comp\u00f5em a regi\u00e3o: as culturas origin\u00e1rias do continente americano, as culturas hisp\u00e2nicas-portuguesas-francesas e as culturas africanas, dos povos que foram levados \u00e0s Am\u00e9ricas. Prova disso s\u00e3o os numerosos membros do Movimento que pertencem a estes grupos \u00e9tnicos.  <\/p>\n\n<p>Cerca de 100 pessoas, representando quase todos os pa\u00edses da Am\u00e9rica Latina e Caribe, reuniram-se em Atuntaqui, no norte do Equador, de 1 a 4 de maio de 2025, para participar do &#8220;Rimarishun&#8221;: uma experi\u00eancia de inter-culturalidade com bases no exerc\u00edcio do di\u00e1logo entre a cosmovis\u00e3o andina e caribenha dos povos nativos e o carisma da unidade. Trata-se de um espa\u00e7o de di\u00e1logo que teve in\u00edcio h\u00e1 alguns anos, no Equador, e gradualmente est\u00e1 sendo difundido em todos os pa\u00edses da Am\u00e9rica Latina. <\/p>\n\n<p>\u201c<em>Estamos conscientes do sofrimento que, no decorrer da hist\u00f3ria, marcou as nossas rela\u00e7\u00f5es de latino-americanos &#8211; explicam &#8211; por causa do racismo e da separa\u00e7\u00e3o, que criaram obst\u00e1culos a uma rela\u00e7\u00e3o sim\u00e9trica entre as culturas e levaram a uma ruptura das rela\u00e7\u00f5es entre pessoas de diferentes grupos culturais, dando origem a relacionamentos sociais injustos. Por este motivo, em 2017, no Equador, iniciamos um percurso de fraternidade, que em l\u00edngua quichwa chamamos &#8220;Rimarishun&#8221; (vamos dialogar), fazendo da inter-culturalidade uma op\u00e7\u00e3o de vida, e utilizando o di\u00e1logo fraterno como m\u00e9todo <\/em>\u201d.<\/p>\n\n<figure class=\"wp-block-gallery has-nested-images columns-default is-cropped wp-block-gallery-1 is-layout-flex wp-block-gallery-is-layout-flex\">\n<figure class=\"wp-block-image size-large\"><img alt=\"\" alt=\"\" loading=\"lazy\" decoding=\"async\" width=\"1024\" height=\"683\" data-id=\"380766\" src=\"https:\/\/www.focolare.org\/wp-content\/uploads\/2025\/05\/02-1024x683.jpg\" alt=\"\" class=\"wp-image-380766\" srcset=\"https:\/\/www.focolare.org\/wp-content\/uploads\/2025\/05\/02-1024x683.jpg 1024w, https:\/\/www.focolare.org\/wp-content\/uploads\/2025\/05\/02-980x653.jpg 980w, https:\/\/www.focolare.org\/wp-content\/uploads\/2025\/05\/02-480x320.jpg 480w\" sizes=\"(min-width: 0px) and (max-width: 480px) 480px, (min-width: 481px) and (max-width: 980px) 980px, (min-width: 981px) 1024px, 100vw\" \/><\/figure>\n\n\n\n<figure class=\"wp-block-image size-large\"><img alt=\"\" alt=\"\" loading=\"lazy\" decoding=\"async\" width=\"1024\" height=\"576\" data-id=\"380776\" src=\"https:\/\/www.focolare.org\/wp-content\/uploads\/2025\/05\/04-1-1024x576.jpg\" alt=\"\" class=\"wp-image-380776\" srcset=\"https:\/\/www.focolare.org\/wp-content\/uploads\/2025\/05\/04-1-1024x576.jpg 1024w, https:\/\/www.focolare.org\/wp-content\/uploads\/2025\/05\/04-1-980x551.jpg 980w, https:\/\/www.focolare.org\/wp-content\/uploads\/2025\/05\/04-1-480x270.jpg 480w\" sizes=\"(min-width: 0px) and (max-width: 480px) 480px, (min-width: 481px) and (max-width: 980px) 980px, (min-width: 981px) 1024px, 100vw\" \/><\/figure>\n\n\n\n<figure class=\"wp-block-image size-large\"><img alt=\"\" alt=\"\" loading=\"lazy\" decoding=\"async\" width=\"1024\" height=\"683\" data-id=\"380781\" src=\"https:\/\/www.focolare.org\/wp-content\/uploads\/2025\/05\/07-1024x683.jpg\" alt=\"\" class=\"wp-image-380781\" srcset=\"https:\/\/www.focolare.org\/wp-content\/uploads\/2025\/05\/07-1024x683.jpg 1024w, https:\/\/www.focolare.org\/wp-content\/uploads\/2025\/05\/07-980x653.jpg 980w, https:\/\/www.focolare.org\/wp-content\/uploads\/2025\/05\/07-480x320.jpg 480w\" sizes=\"(min-width: 0px) and (max-width: 480px) 480px, (min-width: 481px) and (max-width: 980px) 980px, (min-width: 981px) 1024px, 100vw\" \/><\/figure>\n<\/figure>\n\n<div style=\"height:23px\" aria-hidden=\"true\" class=\"wp-block-spacer\"><\/div>\n\n<p>O Congresso, concebido como uma viagem, uma &#8220;peregrina\u00e7\u00e3o&#8221; vital, come\u00e7ou com a transfer\u00eancia dos participantes para a comunidade quichua de Gualapuro. Ficou logo claro que o objetivo era criar espa\u00e7os inter-culturais que edificassem relacionamentos entre grupos de povos, nacionalidades ou culturas diferentes, onde o fundamental \u00e9 encontrar o outro, acolher-se e cuidar um do outro, como irm\u00e3os e irm\u00e3s. Manuel Lema, da comunidade quichua, deu as boas vindas a todos embaixo de uma grande barraca, montada para a ocasi\u00e3o: &#8220;<em>Podemos gerar um modo de pensar diferente, de ver o mundo de formas diversas, mas, ao mesmo tempo, sermos uma coisa s\u00f3<\/em>&#8220;. E Jesus Moran, copresidente do Movimento dos Focolares &#8211; vindo da It\u00e1lia com um pequeno grupo de membros do Conselho geral, trazendo a sauda\u00e7\u00e3o da presidente, Margaret Karram -, acrescentou: &#8221;   <em>Estamos construindo algo novo. Diante de uma sociedade hiper-desenvolvida descobrimos que existe uma sabedoria mais profunda que prov\u00e9m dos povos nativos <\/em>\u201d. Todos, ent\u00e3o, subiram \u00e0 colina, para participar do &#8220;Guatchacaram&#8221;, o rito de agradecimento \u00e0 M\u00e3e Terra. Mais tarde, ap\u00f3s ter compartilhado o almo\u00e7o, tudo se tornou uma festa que exprimia fraternidade, com m\u00fasicas e dan\u00e7as. No final do dia foram plantadas algumas \u00e1rvores, em mem\u00f3ria daqueles que deram impulso a este di\u00e1logo e que n\u00e3o est\u00e3o mais entre n\u00f3s, uma delas dedicada ao Papa Francisco.  <\/p>\n\n<p>Outra etapa dessa viagem foi a visita \u00e0 casa do bispo Leonidas Proa\u00f1o (1910-1988), &#8220;o ap\u00f3stolo dos \u00edndios&#8221;. A sua dedica\u00e7\u00e3o \u00e0s popula\u00e7\u00f5es ind\u00edgenas mais pobres e exploradas \u00e9 um forte exemplo de inter-culturalidade. Neste ambiente, come\u00e7aram a se formar as &#8220;mingas&#8221; &#8211; grupos para sentir e pensar juntos &#8211; sobre v\u00e1rios temas: economia, ecologia, educa\u00e7\u00e3o, espiritualidade, cultura e racismo, concebendo a reciprocidade como princ\u00edpio central da rela\u00e7\u00e3o.  <\/p>\n\n<figure class=\"wp-block-gallery has-nested-images columns-default is-cropped wp-block-gallery-2 is-layout-flex wp-block-gallery-is-layout-flex\">\n<figure class=\"wp-block-image size-large\"><img alt=\"\" alt=\"\" loading=\"lazy\" decoding=\"async\" width=\"1024\" height=\"576\" data-id=\"380791\" src=\"https:\/\/www.focolare.org\/wp-content\/uploads\/2025\/05\/08-1024x576.jpg\" alt=\"\" class=\"wp-image-380791\" srcset=\"https:\/\/www.focolare.org\/wp-content\/uploads\/2025\/05\/08-1024x576.jpg 1024w, https:\/\/www.focolare.org\/wp-content\/uploads\/2025\/05\/08-980x551.jpg 980w, https:\/\/www.focolare.org\/wp-content\/uploads\/2025\/05\/08-480x270.jpg 480w\" sizes=\"(min-width: 0px) and (max-width: 480px) 480px, (min-width: 481px) and (max-width: 980px) 980px, (min-width: 981px) 1024px, 100vw\" \/><\/figure>\n\n\n\n<figure class=\"wp-block-image size-large\"><img alt=\"\" alt=\"\" loading=\"lazy\" decoding=\"async\" width=\"1024\" height=\"576\" data-id=\"380796\" src=\"https:\/\/www.focolare.org\/wp-content\/uploads\/2025\/05\/015-1024x576.jpg\" alt=\"\" class=\"wp-image-380796\" srcset=\"https:\/\/www.focolare.org\/wp-content\/uploads\/2025\/05\/015-1024x576.jpg 1024w, https:\/\/www.focolare.org\/wp-content\/uploads\/2025\/05\/015-980x551.jpg 980w, https:\/\/www.focolare.org\/wp-content\/uploads\/2025\/05\/015-480x270.jpg 480w\" sizes=\"(min-width: 0px) and (max-width: 480px) 480px, (min-width: 481px) and (max-width: 980px) 980px, (min-width: 981px) 1024px, 100vw\" \/><\/figure>\n\n\n\n<figure class=\"wp-block-image size-large\"><img alt=\"\" alt=\"\" loading=\"lazy\" decoding=\"async\" width=\"1024\" height=\"576\" data-id=\"380823\" src=\"https:\/\/www.focolare.org\/wp-content\/uploads\/2026\/05\/013-1024x576.jpg\" alt=\"\" class=\"wp-image-380823\" srcset=\"https:\/\/www.focolare.org\/wp-content\/uploads\/2026\/05\/013-1024x576.jpg 1024w, https:\/\/www.focolare.org\/wp-content\/uploads\/2026\/05\/013-980x551.jpg 980w, https:\/\/www.focolare.org\/wp-content\/uploads\/2026\/05\/013-480x270.jpg 480w\" sizes=\"(min-width: 0px) and (max-width: 480px) 480px, (min-width: 481px) and (max-width: 980px) 980px, (min-width: 981px) 1024px, 100vw\" \/><\/figure>\n<\/figure>\n\n<div style=\"height:18px\" aria-hidden=\"true\" class=\"wp-block-spacer\"><\/div>\n\n<p>Foram compartilhados, com grande respeito e levando em considera\u00e7\u00e3o as diversidades, os ritos dos afro-descendentes do Caribe e da Am\u00e9rica Central e o rito maya, que est\u00e3o ligados pelo profundo respeito pela natureza, a &#8220;M\u00e3e Terra&#8221; e o transcendente. Testemunhos como o do Movimento dos Focolares nos territ\u00f3rios dos povos ind\u00edgenas, das escolas para a recupera\u00e7\u00e3o dos conhecimentos e da cultura ancestral, ou do sistema matem\u00e1tico amer\u00edndio, compartilhados neste contexto, permitiram um enriquecimento rec\u00edproco. <\/p>\n\n<p>A &#8220;peregrina\u00e7\u00e3o&#8221; seguiu at\u00e9 a Universidade Cat\u00f3lica do Equador, em Ibarra, para um momento aberto \u00e0 comunidade acad\u00eamica e ao p\u00fablico. Participam de uma mesa-redonda, Cust\u00f3dio Ferreira (Brasil), diplomado em pedagogia e did\u00e1tica, especializado em hist\u00f3ria da \u00c1frica, que falou das &#8220;feridas da realidade&#8221;:&#8221; <em>o racismo que existe hoje em toda a Am\u00e9rica Latina e Caribe \u00e9 uma ferida aberta que sangra. Sua cura e restaura\u00e7\u00e3o exigem um di\u00e1logo fraterno e, neste sentido, a inter-culturalidade &#8211; como \u00e9 experimentada no Rimarishun &#8211; \u00e9 uma resposta concreta para dar a partida neste processo de cura <\/em>\u201d.<\/p>\n\n<p>Osvaldo Barreneche (Argentina), doutor em hist\u00f3ria, respons\u00e1vel do Centro para o di\u00e1logo com a cultura contepor\u00e2nea, do Movimento dos Focolares, falou de &#8220;<em>fraternidade e cuidado com a terra, por meio de alguns escritos do Papa Francisco<\/em>&#8220;.<\/p>\n\n<p>Jesus Moran (Espanha), copresidente do Movimento dos Focolares, que viveu por 27 anos na Am\u00e9rica Latina, afirmou: &#8220;<em>Este trabalho de inter-culturalidade \u00e9 muito importante e \u00e9 conduzido com admir\u00e1vel fidelidade em v\u00e1rias partes da Am\u00e9rica Latina. Para n\u00f3s, que somos crist\u00e3os, significa que podemos descobrir, nas culturas nativas, aspectos da revela\u00e7\u00e3o de Cristo que, at\u00e9 agora, n\u00e3o foram suficientemente considerados <\/em>\u201d.<\/p>\n\n<figure class=\"wp-block-gallery has-nested-images columns-default is-cropped wp-block-gallery-3 is-layout-flex wp-block-gallery-is-layout-flex\">\n<figure class=\"wp-block-image size-large\"><img alt=\"\" alt=\"\" loading=\"lazy\" decoding=\"async\" width=\"1024\" height=\"683\" data-id=\"380801\" src=\"https:\/\/www.focolare.org\/wp-content\/uploads\/2025\/05\/019-1024x683.jpg\" alt=\"\" class=\"wp-image-380801\" srcset=\"https:\/\/www.focolare.org\/wp-content\/uploads\/2025\/05\/019-1024x683.jpg 1024w, https:\/\/www.focolare.org\/wp-content\/uploads\/2025\/05\/019-980x653.jpg 980w, https:\/\/www.focolare.org\/wp-content\/uploads\/2025\/05\/019-480x320.jpg 480w\" sizes=\"(min-width: 0px) and (max-width: 480px) 480px, (min-width: 481px) and (max-width: 980px) 980px, (min-width: 981px) 1024px, 100vw\" \/><\/figure>\n\n\n\n<figure class=\"wp-block-image size-large\"><img alt=\"\" alt=\"\" loading=\"lazy\" decoding=\"async\" width=\"1024\" height=\"683\" data-id=\"380833\" src=\"https:\/\/www.focolare.org\/wp-content\/uploads\/2026\/05\/017-1024x683.jpg\" alt=\"\" class=\"wp-image-380833\" srcset=\"https:\/\/www.focolare.org\/wp-content\/uploads\/2026\/05\/017-1024x683.jpg 1024w, https:\/\/www.focolare.org\/wp-content\/uploads\/2026\/05\/017-980x653.jpg 980w, https:\/\/www.focolare.org\/wp-content\/uploads\/2026\/05\/017-480x320.jpg 480w\" sizes=\"(min-width: 0px) and (max-width: 480px) 480px, (min-width: 481px) and (max-width: 980px) 980px, (min-width: 981px) 1024px, 100vw\" \/><\/figure>\n\n\n\n<figure class=\"wp-block-image size-large\"><img alt=\"\" alt=\"\" loading=\"lazy\" decoding=\"async\" width=\"1024\" height=\"576\" data-id=\"380828\" src=\"https:\/\/www.focolare.org\/wp-content\/uploads\/2026\/05\/022-1024x576.jpg\" alt=\"\" class=\"wp-image-380828\" srcset=\"https:\/\/www.focolare.org\/wp-content\/uploads\/2026\/05\/022-1024x576.jpg 1024w, https:\/\/www.focolare.org\/wp-content\/uploads\/2026\/05\/022-980x551.jpg 980w, https:\/\/www.focolare.org\/wp-content\/uploads\/2026\/05\/022-480x270.jpg 480w\" sizes=\"(min-width: 0px) and (max-width: 480px) 480px, (min-width: 481px) and (max-width: 980px) 980px, (min-width: 981px) 1024px, 100vw\" \/><\/figure>\n<\/figure>\n\n<div style=\"height:27px\" aria-hidden=\"true\" class=\"wp-block-spacer\"><\/div>\n\n<p>Maydy Estrada Bayona (Cuba), doutora em Ci\u00eancias Filos\u00f3ficas e professora na Universidade de Havana, levou os presentes \u00e0 &#8220;Cosmovis\u00e3o afro-caribenha&#8221;. Monica Montes (Col\u00f4mbia), doutora em Filologia hisp\u00e2nica, professora e pesquisadora na Universidade de La Sabana, referiu-se \u00e0 &#8220;Fraternidade e cuidado no pensamento latino-americano&#8221;. Jery Chavez Hermosa (Bol\u00edvia), fundador, na cidade de C\u00f3rdoba, Argentina, da organiza\u00e7\u00e3o dos migrantes andinos de cultura Aymara, Quechua e Guarani, concluiu com uma apresenta\u00e7\u00e3o din\u00e2mica que envolveu todos os presentes.  <\/p>\n\n<p>O encontro concluiu-se com uma Santa Missa enculturada, com dan\u00e7as, cantos tradicionais e tambores, numa igreja decorada com flores e p\u00e9talas de rosa, celebrada por D. Adalberto Jimenez, bispo do Vicariato de Aguarico, que participou ativamente do encontro. Adalberto Jim\u00e9nez, vescovo del Vicariato di Aguarico, che ha partecipato attivamente all&#8217;incontro. O Pai Nosso foi recitado em 12 l\u00ednguas, uma ap\u00f3s a outra, como demonstra\u00e7\u00e3o da inter-culturalidade vivida nestes dias. <\/p>\n\n<p>Partindo da narrativa evang\u00e9lica sobre a multiplica\u00e7\u00e3o dos p\u00e3es, em sua homilia D. Adalberto, convidou todos a olharem ao futuro: &#8220;<em>Este Jesus, este Deus que nos une nos diversos nomes, nos diversos ritos, \u00e9 a hist\u00f3ria que acabamos de contar, os ritos da vida, da unidade. Hoje vamos embora com um pouco mais de luz, que \u00e9 fogo e ilumina. \u00c9 o que Chiara Lubich e o Papa Francisco nos deixaram, eles est\u00e3o presentes e nos chamam ao cora\u00e7\u00e3o da inter-culturalidade. Obrigada Rimarishun   <\/em>\u201d.<\/p>\n\n<p class=\"has-text-align-right\"><em>Carlos Mana<\/em><\/p>\n\n<p><em>Foto: \u00a9 Carlos Mana &#8211; Ivan Izurieta<\/em><\/p>\n\n<div style=\"height:260px\" aria-hidden=\"true\" class=\"wp-block-spacer\"><\/div>\n","protected":false},"excerpt":{"rendered":"<p>Foi realizado, no Equador, o primeiro encontro latino-americano de di\u00e1logo com os povos origin\u00e1rios, para descobrir, compartilhar e valorizar os conhecimentos ancestrais com uma atitude fraterna, em busca da unidade. <\/p>\n","protected":false},"author":33,"featured_media":380818,"comment_status":"open","ping_status":"open","sticky":false,"template":"","format":"standard","meta":{"give_campaign_id":0,"_seopress_robots_primary_cat":"","_seopress_titles_title":"","_seopress_titles_desc":"","_seopress_robots_index":"","_et_pb_use_builder":"","_et_pb_old_content":"","_et_gb_content_width":"","footnotes":""},"categories":[2962,3176],"tags":[2967,3347,3198],"class_list":["post-380845","post","type-post","status-publish","format-standard","has-post-thumbnail","hentry","category-cultura-3","category-social","tag-dialogo-con-la-cultura-2","tag-notifiche-pt-pt","tag-ppg-pt-pt"],"_links":{"self":[{"href":"https:\/\/www.focolare.org\/pt-pt\/wp-json\/wp\/v2\/posts\/380845","targetHints":{"allow":["GET"]}}],"collection":[{"href":"https:\/\/www.focolare.org\/pt-pt\/wp-json\/wp\/v2\/posts"}],"about":[{"href":"https:\/\/www.focolare.org\/pt-pt\/wp-json\/wp\/v2\/types\/post"}],"author":[{"embeddable":true,"href":"https:\/\/www.focolare.org\/pt-pt\/wp-json\/wp\/v2\/users\/33"}],"replies":[{"embeddable":true,"href":"https:\/\/www.focolare.org\/pt-pt\/wp-json\/wp\/v2\/comments?post=380845"}],"version-history":[{"count":0,"href":"https:\/\/www.focolare.org\/pt-pt\/wp-json\/wp\/v2\/posts\/380845\/revisions"}],"wp:featuredmedia":[{"embeddable":true,"href":"https:\/\/www.focolare.org\/pt-pt\/wp-json\/wp\/v2\/media\/380818"}],"wp:attachment":[{"href":"https:\/\/www.focolare.org\/pt-pt\/wp-json\/wp\/v2\/media?parent=380845"}],"wp:term":[{"taxonomy":"category","embeddable":true,"href":"https:\/\/www.focolare.org\/pt-pt\/wp-json\/wp\/v2\/categories?post=380845"},{"taxonomy":"post_tag","embeddable":true,"href":"https:\/\/www.focolare.org\/pt-pt\/wp-json\/wp\/v2\/tags?post=380845"}],"curies":[{"name":"wp","href":"https:\/\/api.w.org\/{rel}","templated":true}]}}