{"id":380919,"date":"2025-05-09T00:50:28","date_gmt":"2025-05-08T22:50:28","guid":{"rendered":"https:\/\/www.focolare.org\/a-alegria-e-a-gratidao-de-margaret-karram-presidente-do-movimento-dos-focolares-pela-eleicao-do-papa-leao-xiv\/"},"modified":"2025-05-09T11:45:43","modified_gmt":"2025-05-09T09:45:43","slug":"a-alegria-e-a-gratidao-de-margaret-karram-presidente-do-movimento-dos-focolares-pela-eleicao-do-papa-leao-xiv","status":"publish","type":"post","link":"https:\/\/www.focolare.org\/pt-pt\/a-alegria-e-a-gratidao-de-margaret-karram-presidente-do-movimento-dos-focolares-pela-eleicao-do-papa-leao-xiv\/","title":{"rendered":"A alegria e a gratid\u00e3o de Margaret Karram, Presidente do Movimento dos Focolares, pela elei\u00e7\u00e3o do Papa Le\u00e3o XIV"},"content":{"rendered":"\n<p>Em nome de todo o Movimento dos Focolares no mundo, expresso a minha profunda alegria pela elei\u00e7\u00e3o do Papa Le\u00e3o XIV como novo Pont\u00edfice da Igreja Cat\u00f3lica. Agradecemos a Deus por ter acolhido as ora\u00e7\u00f5es de muitos e guiado com o seu Esp\u00edrito os trabalhos dos Cardeais na identifica\u00e7\u00e3o do sucessor de Pedro nesta \u00e9poca atual, que apresenta s\u00e9rios desafios para a humanidade. <\/p>\n\n<p>Asseguramos desde j\u00e1 ao novo Papa a nossa proximidade filial, a nossa ora\u00e7\u00e3o e o compromisso de sermos construtores de paz, como ele evidenciou na sua primeira ben\u00e7\u00e3o. <\/p>\n\n<p>Hoje o mundo precisa urgentemente de paz, de luz e de esperan\u00e7a. Por isso, prometemos a ele que continuaremos trabalhando, com as comunidades eclesiais nas quais estamos inseridos, para levar o amor de Deus a todos; estando abertos ao di\u00e1logo, para sermos \u201cum \u00fanico povo sempre em paz\u201d, testemunhando que a unidade pedida por Jesus no seu Testamento \u00e9 mais forte do que qualquer divis\u00e3o.  <\/p>\n\n<p>Comprometemo-nos tamb\u00e9m a concretizar cada vez mais fielmente o caminho sinodal, para aplic\u00e1-lo nos v\u00e1rios \u00e2mbitos da sociedade; a dar a nossa contribui\u00e7\u00e3o para que a Igreja seja uma casa aberta e acolhedora para cada homem e mulher e para as novas gera\u00e7\u00f5es, especialmente para aqueles que s\u00e3o mais fr\u00e1geis, sofrem e s\u00e3o marginalizados, para oferecer a todos a mensagem sempre nova de Cristo. <\/p>\n\n<p>Muitas felicidades, Papa Le\u00e3o XIV, com todo o nosso afeto!<\/p>\n\n<p class=\"has-text-align-right\"><strong><em>Margaret Karram<\/em><\/strong> &#8211; Presidente do Movimento dos Focolares, <\/p>\n\n<p><\/p>\n\n<p><a href=\"https:\/\/www.focolare.org\/wp-content\/uploads\/2025\/05\/MK_Dichiarazione_Nuovo_Pontefice_2025.pdf\">Descarregar a declara\u00e7\u00e3o do Presidente aqui<\/a><\/p>\n\n<div style=\"height:165px\" aria-hidden=\"true\" class=\"wp-block-spacer\"><\/div>\n","protected":false},"excerpt":{"rendered":"<p>Em nome de todo o Movimento dos Focolares no mundo, expresso a minha profunda alegria pela elei\u00e7\u00e3o do Papa Le\u00e3o XIV como novo Pont\u00edfice da Igreja Cat\u00f3lica. Agradecemos a Deus por ter acolhido as ora\u00e7\u00f5es de muitos e guiado com o seu Esp\u00edrito os trabalhos dos Cardeais na identifica\u00e7\u00e3o do sucessor de Pedro nesta \u00e9poca [&hellip;]<\/p>\n","protected":false},"author":27,"featured_media":380907,"comment_status":"open","ping_status":"open","sticky":false,"template":"","format":"standard","meta":{"give_campaign_id":0,"_seopress_robots_primary_cat":"","_seopress_titles_title":"","_seopress_titles_desc":"","_seopress_robots_index":"","_et_pb_use_builder":"","_et_pb_old_content":"","_et_gb_content_width":"","footnotes":""},"categories":[3168,129],"tags":[3775,3362,3347,3774,3198],"class_list":["post-380919","post","type-post","status-publish","format-standard","has-post-thumbnail","hentry","category-margaret-karram-pt-pt","category-sem-categoria","tag-leao-xiv","tag-margaret-karram-pt-pt","tag-notifiche-pt-pt","tag-papa-pt-pt","tag-ppg-pt-pt"],"_links":{"self":[{"href":"https:\/\/www.focolare.org\/pt-pt\/wp-json\/wp\/v2\/posts\/380919","targetHints":{"allow":["GET"]}}],"collection":[{"href":"https:\/\/www.focolare.org\/pt-pt\/wp-json\/wp\/v2\/posts"}],"about":[{"href":"https:\/\/www.focolare.org\/pt-pt\/wp-json\/wp\/v2\/types\/post"}],"author":[{"embeddable":true,"href":"https:\/\/www.focolare.org\/pt-pt\/wp-json\/wp\/v2\/users\/27"}],"replies":[{"embeddable":true,"href":"https:\/\/www.focolare.org\/pt-pt\/wp-json\/wp\/v2\/comments?post=380919"}],"version-history":[{"count":0,"href":"https:\/\/www.focolare.org\/pt-pt\/wp-json\/wp\/v2\/posts\/380919\/revisions"}],"wp:featuredmedia":[{"embeddable":true,"href":"https:\/\/www.focolare.org\/pt-pt\/wp-json\/wp\/v2\/media\/380907"}],"wp:attachment":[{"href":"https:\/\/www.focolare.org\/pt-pt\/wp-json\/wp\/v2\/media?parent=380919"}],"wp:term":[{"taxonomy":"category","embeddable":true,"href":"https:\/\/www.focolare.org\/pt-pt\/wp-json\/wp\/v2\/categories?post=380919"},{"taxonomy":"post_tag","embeddable":true,"href":"https:\/\/www.focolare.org\/pt-pt\/wp-json\/wp\/v2\/tags?post=380919"}],"curies":[{"name":"wp","href":"https:\/\/api.w.org\/{rel}","templated":true}]}}