{"id":380921,"date":"2025-05-08T23:44:54","date_gmt":"2025-05-08T21:44:54","guid":{"rendered":"https:\/\/www.focolare.org\/felicitacoes-de-margaret-karram-pela-eleicao-do-papa-leao-xiv\/"},"modified":"2025-05-09T13:21:28","modified_gmt":"2025-05-09T11:21:28","slug":"felicitacoes-de-margaret-karram-pela-eleicao-do-papa-leao-xiv","status":"publish","type":"post","link":"https:\/\/www.focolare.org\/pt-pt\/felicitacoes-de-margaret-karram-pela-eleicao-do-papa-leao-xiv\/","title":{"rendered":"Felicita\u00e7\u00f5es de Margaret Karram pela elei\u00e7\u00e3o do Papa Le\u00e3o XIV"},"content":{"rendered":"\n<p><em>Habilite a legenda e escolha o idioma desejado.<\/em><\/p>\n\n<figure class=\"wp-block-embed is-type-video is-provider-youtube wp-block-embed-youtube wp-embed-aspect-16-9 wp-has-aspect-ratio\"><div class=\"wp-block-embed__wrapper\">\n<iframe loading=\"lazy\" title=\"L\u2019augurio di Margaret Karram per l\u2019elezione di Papa Leone XIV\" width=\"1080\" height=\"608\" src=\"https:\/\/www.youtube.com\/embed\/NUucjwKMnLQ?feature=oembed\"  allow=\"accelerometer; autoplay; clipboard-write; encrypted-media; gyroscope; picture-in-picture; web-share\" referrerpolicy=\"strict-origin-when-cross-origin\" allowfullscreen><\/iframe>\n<\/div><\/figure>\n\n<div style=\"height:255px\" aria-hidden=\"true\" class=\"wp-block-spacer\"><\/div>\n","protected":false},"excerpt":{"rendered":"<p>Palavras da presidente do Movimento dos Focolares diretamente da Pra\u00e7a de S\u00e3o Pedro, logo ap\u00f3s o primeiro discurso do novo pont\u00edfice<\/p>\n","protected":false},"author":27,"featured_media":380864,"comment_status":"open","ping_status":"open","sticky":false,"template":"","format":"standard","meta":{"give_campaign_id":0,"_seopress_robots_primary_cat":"","_seopress_titles_title":"","_seopress_titles_desc":"","_seopress_robots_index":"","_et_pb_use_builder":"","_et_pb_old_content":"","_et_gb_content_width":"","footnotes":""},"categories":[3168],"tags":[3775,3362,3347,3774,3198],"class_list":["post-380921","post","type-post","status-publish","format-standard","has-post-thumbnail","hentry","category-margaret-karram-pt-pt","tag-leao-xiv","tag-margaret-karram-pt-pt","tag-notifiche-pt-pt","tag-papa-pt-pt","tag-ppg-pt-pt"],"_links":{"self":[{"href":"https:\/\/www.focolare.org\/pt-pt\/wp-json\/wp\/v2\/posts\/380921","targetHints":{"allow":["GET"]}}],"collection":[{"href":"https:\/\/www.focolare.org\/pt-pt\/wp-json\/wp\/v2\/posts"}],"about":[{"href":"https:\/\/www.focolare.org\/pt-pt\/wp-json\/wp\/v2\/types\/post"}],"author":[{"embeddable":true,"href":"https:\/\/www.focolare.org\/pt-pt\/wp-json\/wp\/v2\/users\/27"}],"replies":[{"embeddable":true,"href":"https:\/\/www.focolare.org\/pt-pt\/wp-json\/wp\/v2\/comments?post=380921"}],"version-history":[{"count":0,"href":"https:\/\/www.focolare.org\/pt-pt\/wp-json\/wp\/v2\/posts\/380921\/revisions"}],"wp:featuredmedia":[{"embeddable":true,"href":"https:\/\/www.focolare.org\/pt-pt\/wp-json\/wp\/v2\/media\/380864"}],"wp:attachment":[{"href":"https:\/\/www.focolare.org\/pt-pt\/wp-json\/wp\/v2\/media?parent=380921"}],"wp:term":[{"taxonomy":"category","embeddable":true,"href":"https:\/\/www.focolare.org\/pt-pt\/wp-json\/wp\/v2\/categories?post=380921"},{"taxonomy":"post_tag","embeddable":true,"href":"https:\/\/www.focolare.org\/pt-pt\/wp-json\/wp\/v2\/tags?post=380921"}],"curies":[{"name":"wp","href":"https:\/\/api.w.org\/{rel}","templated":true}]}}