{"id":381440,"date":"2025-05-23T05:00:00","date_gmt":"2025-05-23T03:00:00","guid":{"rendered":"https:\/\/www.focolare.org\/bruxelas-75-anos-da-declaracao-schuman\/"},"modified":"2025-05-23T09:08:40","modified_gmt":"2025-05-23T07:08:40","slug":"bruxelas-75-anos-da-declaracao-schuman","status":"publish","type":"post","link":"https:\/\/www.focolare.org\/pt-pt\/bruxelas-75-anos-da-declaracao-schuman\/","title":{"rendered":"Bruxelas: 75 anos da Declara\u00e7\u00e3o Schuman"},"content":{"rendered":"\n<p>A Europa continua falando de si, no centro de tens\u00f5es internacionais e de debates calorosos cujo \u00eaxito incide na vida de seus cidad\u00e3os: s\u00e3o quase meio milh\u00e3o vivendo na <strong>Uni\u00e3o Europeia<\/strong>. Paz versus defesa, guerra ou paz comercial, escolhas sobre energia, pol\u00edticas de desenvolvimento e justi\u00e7a social, identidade e diversidade, abertura e fronteiras: os temas na agenda s\u00e3o numerosos e, diante das mudan\u00e7as do cen\u00e1rio interno e externo \u2013 antes de tudo a guerra da Ucr\u00e2nia \u2013, a releitura e a atualiza\u00e7\u00e3o da profecia de Robert Schuman e dos pais fundadores \u00e9 n\u00e3o s\u00f3 atual, mas necess\u00e1ria. <\/p>\n\n<p>Passaram 75 anos desde que o ministro franc\u00eas dos Neg\u00f3cios Estrangeiros, no dia 19 de maio de 1950, fez seu<a href=\"https:\/\/european-union.europa.eu\/principles-countries-history\/history-eu\/1945-59\/schuman-declaration-may-1950_it\" target=\"_blank\" rel=\"noreferrer noopener\"><strong> discurso revolucion\u00e1rio em Paris<\/strong><\/a>, que serviu de <strong>base para o processo da integra\u00e7\u00e3o<\/strong> <strong>europeia<\/strong>. O 15 de maio 2025, na sede do Parlamento Europeu em Bruxelas, em um painel de especialistas, expoentes de v\u00e1rios Movimentos crist\u00e3os e jovens ativistas deram voz \u00e0 vis\u00e3o da unidade europeia como instrumento de paz. <\/p>\n\n<p class=\"has-vivid-red-color has-text-color has-link-color wp-elements-81a1534bdf1a4223b2c70e90cdff2941\"><strong>Igrejas e Movimentos diversos de v\u00e1rios pa\u00edses da Europa<\/strong><\/p>\n\n<p>O evento ocorreu por <strong>iniciativa de <em><a href=\"https:\/\/www.together4europe.org\/\" data-type=\"link\" data-id=\"https:\/\/www.together4europe.org\/\" target=\"_blank\" rel=\"noreferrer noopener\">Juntos pela Europa<\/a><\/em> juntamente com alguns parlamentares europeus<\/strong>, a convite da parlamentar eslovaca <strong>Miriam Lexmann<\/strong> \u2013 ausente por motivos familiares \u2013 e reuniu na manh\u00e3 do dia 15 de maio, uma centena de pessoas da B\u00e9lgica, It\u00e1lia, Alemanha, Holanda, Eslov\u00e1quia, \u00c1ustria, Fran\u00e7a, Gr\u00e9cia, Rom\u00eania. Estavam presentes crist\u00e3os cat\u00f3licos, ortodoxos e de Igrejas Reformadas; representantes da Comunidade Emanuel, ACM, Movimento dos Focolares, Schoenstatt, Comunidade de Santo Eg\u00eddio, Quinta Dimens\u00e3o, Comunidade Papa Jo\u00e3o XXIII: a variedade t\u00edpica da rede de <em>Juntos pela Europa<\/em>. Quem lhe deu voz foi o moderador de <em>Juntos pela Europa<\/em>, <strong>Gerhard Pross<\/strong>, testemunha do come\u00e7o de tudo: \u201cPara n\u00f3s, \u00e9 importante exprimir <strong>a for\u00e7a da f\u00e9 ao moldar a sociedade<\/strong>. Por\u00e9m, n\u00e3o estamos interessados no poder ou no dom\u00ednio, mas em levar esperan\u00e7a, amor e a for\u00e7a da reconcilia\u00e7\u00e3o e de estar juntos, intr\u00ednsecos no Evangelho\u201d.   <\/p>\n\n<p class=\"has-vivid-red-color has-text-color has-link-color wp-elements-1a3bb35efa8ab57f37f41653f7aaf777\"><strong>Estudantes e universit\u00e1rios vivem uma experi\u00eancia europeia entre di\u00e1logo, institui\u00e7\u00f5es e espiritualidade<\/strong><\/p>\n\n<p><strong>Entre o p\u00fablico \u2013 e entre os relatores \u2013 destaca-se um forte grupo juvenil<\/strong>: 20 alunos da escola Spojen\u00e1 \u0161kola Sv\u00e4t\u00e1 de Bratislava. Estudam cidadania ativa e direito europeu. Estavam em Bruxelas com seus professores para uma experi\u00eancia que pode marcar seu percurso profissional e de vida. Entre eles, estava Maria Kovaleva: \u201cVenho da R\u00fassia e, para mim, Europa significa poder estar aqui, independentemente da minha proveni\u00eancia ou da situa\u00e7\u00e3o pol\u00edtica no meu pa\u00eds ou na Eslov\u00e1quia, e <strong>falar livremente \u2013 bem aqui, no cora\u00e7\u00e3o da Europa<\/strong>. Para mim, a Europa sempre foi um lugar no qual n\u00e3o importa qual \u00e9 a sua religi\u00e3o ou nacionalidade. Todos t\u00eam o direito de falar, e de falar sem censura. Esse \u00e9 o tipo de Europa com que Robert Schuman sonhava\u201d.      <\/p>\n\n<p>Peter, 16 anos, diz estar sinceramente impressionado, encontrando-se pela primeira vez em um local institucional onde s\u00e3o tomadas decis\u00f5es importantes. \u00c9 o representante dos estudantes e o que viveu em Bruxelas \u00e9, para ele, uma inspira\u00e7\u00e3o para o futuro, quando, por meio do gerenciamento ou comprometimento na pol\u00edtica, pode exercer um papel de lideran\u00e7a. <\/p>\n\n<p>Samuel tem 17 anos. Define esses dias como \u201cuma experi\u00eancia extraordin\u00e1ria para descobrir algo mais sobre o resto da Europa, como funciona a pol\u00edtica, como o Parlamento trabalha; acho que posso falar em nome de toda a classe: foi extraordin\u00e1rio!\u201d. <\/p>\n\n<p>Outra representa\u00e7\u00e3o estudantil vem da It\u00e1lia. S\u00e3o 10 <strong>estudantes de ci\u00eancias pol\u00edticas e rela\u00e7\u00f5es internacionais de LUMSA, em Roma<\/strong>. Daniele, primeiro ano de ci\u00eancias pol\u00edticas, ficou tocado em especial pelo momento da tarde: a <a href=\"https:\/\/www.together4europe.org\/archivio\/4697\/other-files\/352043\/ecumenical-prayer-for-europe-bruxelles-15-may-2025?lang=it\" target=\"_blank\" rel=\"noreferrer noopener\"><strong>ora\u00e7\u00e3o ecum\u00eanica na \u201cChapel for Europe\u201d<\/strong><\/a>. \u201cGosto do trabalho de Chiara Lubich, criar pontes para reunir todos, e pode-se ver o empenho de cada um que estava presente. N\u00e3o \u00e9 um encontro de sonhadores, mas uma busca concreta que leva a algo s\u00f3lido.\u201d Para Diego \u00e9 um momento no qual a mem\u00f3ria foi renovada e leva a continuar. \u00c9 inspirado pelo mundial que se respira em Bruxelas, \u201cum ponto de in\u00edcio para desenvolvimentos futuros\u201d e gostou particularmente das falas dos <strong>parlamentares europeus.<\/strong>     <\/p>\n\n<figure class=\"wp-block-image size-large\"><img alt=\"\" alt=\"\" loading=\"lazy\" decoding=\"async\" width=\"1024\" height=\"576\" src=\"https:\/\/www.focolare.org\/wp-content\/uploads\/2025\/05\/Collage-TfE-Bruxelles-15-05-2025-1024x576.jpg\" alt=\"\" class=\"wp-image-381364\" srcset=\"https:\/\/www.focolare.org\/wp-content\/uploads\/2025\/05\/Collage-TfE-Bruxelles-15-05-2025-1024x576.jpg 1024w, https:\/\/www.focolare.org\/wp-content\/uploads\/2025\/05\/Collage-TfE-Bruxelles-15-05-2025-980x551.jpg 980w, https:\/\/www.focolare.org\/wp-content\/uploads\/2025\/05\/Collage-TfE-Bruxelles-15-05-2025-480x270.jpg 480w\" sizes=\"(min-width: 0px) and (max-width: 480px) 480px, (min-width: 481px) and (max-width: 980px) 980px, (min-width: 981px) 1024px, 100vw\" \/><\/figure>\n\n<p class=\"has-text-align-right has-small-font-size\"><em>Foto: H. Brehm \/ K. Brand \/ M. Bacher<\/em><\/p>\n\n<p class=\"has-vivid-red-color has-text-color has-link-color wp-elements-23991922407b87fb846b0b2da64ecd2f\"><strong>O apelo dos parlamentares europeus aos jovens e aos Movimentos<\/strong><\/p>\n\n<p>De fato, de manh\u00e3 estavam presentes <strong>Antonella Sberna<\/strong> (Conservadores e Reformistas europeus), vice-presidente do Parlamento Europeu e respons\u00e1vel pela aplica\u00e7\u00e3o do <a href=\"https:\/\/www.europarl.europa.eu\/at-your-service\/files\/be-heard\/religious-and-non-confessional-dialogue\/home\/it-article17-the-ep-implementation.pdf\" target=\"_blank\" rel=\"noreferrer noopener\">artigo 17\u00ba do TFUE<\/a>, <strong>Leoluca Orlando<\/strong> e <strong>Cristina Guarda<\/strong> (Verdes). \u201cVoc\u00eas s\u00e3o o exemplo do que a <strong>UE <\/strong>pode fazer pelos nossos polos e civiliza\u00e7\u00f5es\u201d, afirma a vice-presidente, dirigindo-se ao <em>Juntos pela Europa<\/em>. E convida os jovens presentes a \u201cserem cr\u00edticos, mas apaixonados\u201d, a \u201cestudarem bem a Europa\u201d para estarem \u201cjuntos no servi\u00e7o de corrigir o que n\u00e3o nos agrada e garantir a paz nas nossas fronteiras, como exemplo de uni\u00e3o dos novos em respeito \u00e0 soberania\u201d.  <\/p>\n\n<p>Leoluca Orlando convida a \u201cacolher o projeto de futuro que estava na a\u00e7\u00e3o de Schuman, cultivando uma mem\u00f3ria inquieta\u201d e <strong>lembra o princ\u00edpio de fraternidade<\/strong>, que faz superar as polariza\u00e7\u00f5es hist\u00f3ricas entre direita e esquerda sobre liberdade e igualdade. E, como exemplo de fraternidade, reporta \u201ca experi\u00eancia prof\u00e9tica de unidade entre cat\u00f3licos e luteranos, gra\u00e7as \u00e0 intui\u00e7\u00e3o de Chiara Lubich, em Ottmaring, na Baviera, um lugar no cora\u00e7\u00e3o da Guerra dos Trinta Anos\u201d. <\/p>\n\n<p>Para Cristina Guarda, paz \u00e9 a palavra-chave: \u201cComo Movimentos Crist\u00e3os, pe\u00e7o que fa\u00e7am parte desta discuss\u00e3o que <strong>demanda a nossa coer\u00eancia na busca pela paz<\/strong>. E, portanto, fa\u00e7amos escolhas justas e votemos corretamente para respeitar a paz\u201d. <\/p>\n\n<p class=\"has-vivid-red-color has-text-color has-link-color wp-elements-9faeb58be26027d4e46383fb811ea13d\"><strong>Acompanhar a Europa em cumprir a sua voca\u00e7\u00e3o<\/strong><\/p>\n\n<p>E \u00e9 justamente a um projeto de paz que a Declara\u00e7\u00e3o Schuman aspira: <a href=\"https:\/\/www.together4europe.org\/archivio\/4673\/vari-altri-file\/352068\/jeff-fountain_75-anni-dichiarazione-schuman_ipe-bruxelles_15-05-2025?lang=it\" target=\"_blank\" rel=\"noreferrer noopener\"><strong>Jeff Fountain, do Schuman Centre<\/strong>, oferece uma leitura das fundamenta\u00e7\u00f5es espirituais da Declara\u00e7\u00e3o<\/a>, do seu \u201ccorajoso discurso de tr\u00eas minutos\u201d: \u201cseu projeto n\u00e3o era somente pol\u00edtico ou econ\u00f4mico. <strong>Lida em um n\u00edvel mais profundo<\/strong>, a Declara\u00e7\u00e3o Schuman revela que o projeto \u00e9 profundamente moral, espiritual, enraizado nos valores do cora\u00e7\u00e3o. As institui\u00e7\u00f5es que contribu\u00edram para inspirar \u2013 mesmo que imperfeitas \u2013 s\u00e3o uma defesa contra o retorno \u00e0 pol\u00edtica do dom\u00ednio e da exclus\u00e3o, do medo e do \u00f3dio\u201d. <\/p>\n\n<p><strong>Mas quem deveria dar uma alma \u00e0 Europa?<\/strong> Quem convida a refletir \u00e9 <strong>Alberto Lo Presti<\/strong>: \u201cN\u00e3o dever\u00edamos esperar que tal alma seja produto das institui\u00e7\u00f5es pol\u00edticas europeias e transmitida a seus cidad\u00e3os. N\u00e3o gostaria de viver em uma sociedade na qual as institui\u00e7\u00f5es me inculcam, no c\u00e9rebro, uma vis\u00e3o do mundo. Quem faz isso, geralmente, s\u00e3o as organiza\u00e7\u00f5es pol\u00edticas totalit\u00e1rias que, tamb\u00e9m aqui na Europa conhecemos bem: por exemplo o nazifascismo e o comunismo. Veremos a alma da Uni\u00e3o Europeia quando tal alma estiver vis\u00edvel nas escolhas cotidianas de seus cidad\u00e3os. Como <em>Juntos pela Europa<\/em>, queremos acompanhar a Europa na realiza\u00e7\u00e3o de sua voca\u00e7\u00e3o\u201d.     <\/p>\n\n<p class=\"has-text-align-right\"><em>Maria Chiara De Lorenzo<\/em><br\/>(de <a href=\"https:\/\/www.together4europe.org\/\">https:\/\/www.together4europe.org\/<\/a>)<\/p>\n\n<p class=\"has-text-align-left\"><\/p>\n\n<div style=\"height:120px\" aria-hidden=\"true\" class=\"wp-block-spacer\"><\/div>\n","protected":false},"excerpt":{"rendered":"<p>Para acompanhar a Europa na realiza\u00e7\u00e3o de sua voca\u00e7\u00e3o \u2013 ap\u00f3s 75 anos da Declara\u00e7\u00e3o Schuman \u2013 na sede do Parlamento Europeu em Bruxelas, em um painel de especialistas, expoentes de v\u00e1rios Movimentos crist\u00e3os e jovens ativistas deram voz \u00e0 vis\u00e3o da unidade europeia como instrumento de paz. Foi um encontro promovido por Juntos pela Europa e parlamentares europeus. <\/p>\n","protected":false},"author":34,"featured_media":381362,"comment_status":"open","ping_status":"open","sticky":false,"template":"","format":"standard","meta":{"give_campaign_id":0,"_seopress_robots_primary_cat":"","_seopress_titles_title":"","_seopress_titles_desc":"","_seopress_robots_index":"","_et_pb_use_builder":"","_et_pb_old_content":"","_et_gb_content_width":"","footnotes":""},"categories":[2962,3176],"tags":[1694,175,692,912,1393,913],"class_list":["post-381440","post","type-post","status-publish","format-standard","has-post-thumbnail","hentry","category-cultura-3","category-social","tag-bruxelles","tag-europa","tag-insieme-per-leuropa","tag-notifiche","tag-parlamento-europeo","tag-ppg"],"_links":{"self":[{"href":"https:\/\/www.focolare.org\/pt-pt\/wp-json\/wp\/v2\/posts\/381440","targetHints":{"allow":["GET"]}}],"collection":[{"href":"https:\/\/www.focolare.org\/pt-pt\/wp-json\/wp\/v2\/posts"}],"about":[{"href":"https:\/\/www.focolare.org\/pt-pt\/wp-json\/wp\/v2\/types\/post"}],"author":[{"embeddable":true,"href":"https:\/\/www.focolare.org\/pt-pt\/wp-json\/wp\/v2\/users\/34"}],"replies":[{"embeddable":true,"href":"https:\/\/www.focolare.org\/pt-pt\/wp-json\/wp\/v2\/comments?post=381440"}],"version-history":[{"count":0,"href":"https:\/\/www.focolare.org\/pt-pt\/wp-json\/wp\/v2\/posts\/381440\/revisions"}],"wp:featuredmedia":[{"embeddable":true,"href":"https:\/\/www.focolare.org\/pt-pt\/wp-json\/wp\/v2\/media\/381362"}],"wp:attachment":[{"href":"https:\/\/www.focolare.org\/pt-pt\/wp-json\/wp\/v2\/media?parent=381440"}],"wp:term":[{"taxonomy":"category","embeddable":true,"href":"https:\/\/www.focolare.org\/pt-pt\/wp-json\/wp\/v2\/categories?post=381440"},{"taxonomy":"post_tag","embeddable":true,"href":"https:\/\/www.focolare.org\/pt-pt\/wp-json\/wp\/v2\/tags?post=381440"}],"curies":[{"name":"wp","href":"https:\/\/api.w.org\/{rel}","templated":true}]}}