{"id":381500,"date":"2025-05-24T05:00:00","date_gmt":"2025-05-24T03:00:00","guid":{"rendered":"https:\/\/www.focolare.org\/?p=381500"},"modified":"2025-05-23T15:08:10","modified_gmt":"2025-05-23T13:08:10","slug":"10-anos-depois-da-laudato-si-o-projeto-amazonia","status":"publish","type":"post","link":"https:\/\/www.focolare.org\/pt-pt\/10-anos-depois-da-laudato-si-o-projeto-amazonia\/","title":{"rendered":"10 anos depois da Laudato Si&#8217;, o &#8220;Projeto Amaz\u00f3nia\u201d"},"content":{"rendered":"\n<p><strong>Sou Let\u00edcia Alves<\/strong> e moro na regi\u00e3o Norte do Brasil, no Par\u00e1.<\/p>\n\n\n\n<p>Em 2019 participei do Projeto Amaz\u00f4nia, e durante 15 dias, eu e mais um grupo de volunt\u00e1rios dedicamos as nossas f\u00e9rias para viver junto com a popula\u00e7\u00e3o do baixo amazonas, na cidade de \u00d3bidos.<\/p>\n\n\n\n<p>Antes de embarcar nesta aventura me perguntava se iria conseguir me doar completamente a essa experi\u00eancia a qual estava inserida numa realidade t\u00e3o diferente da minha. Durante o projeto visitamos algumas comunidades ribeirinhas, que vivem nas margens do rio Amazonas, e todos nos acolheram com um amor sem igual. <\/p>\n\n\n\n<p>Levamos alguns servi\u00e7os de sa\u00fade, de apoio jur\u00eddico e familiar, mas o mais importante foi escutar profundamente e partilhar a vida, as hist\u00f3rias e as dificuldades de quem \u00edamos encontrando. As hist\u00f3rias eram as mais diversas poss\u00edveis: a falta de \u00e1gua pot\u00e1vel, a crian\u00e7a que tinha uma escova de dentes para toda a fam\u00edlia, ou at\u00e9 a do filho que queria matar a pr\u00f3pria m\u00e3e&#8230; Quanto mais escut\u00e1vamos, mais entend\u00edamos o sentido da nossa presen\u00e7a ali.  <\/p>\n\n\n\n<div class=\"wp-block-group is-nowrap is-layout-flex wp-container-core-group-is-layout-ad2f72ca wp-block-group-is-layout-flex\">\n<div class=\"wp-block-media-text has-media-on-the-right is-stacked-on-mobile\" style=\"grid-template-columns:auto 32%\"><div class=\"wp-block-media-text__content\">\n<p class=\"has-text-align-center has-text-color has-link-color has-medium-font-size wp-elements-ec555d29444486f19ff7a49fe27de1dc\" style=\"color:#087f54\"><strong><em>&#8220;O desafio urgente<br>de proteger a nossa casa comum<br>inclui o esfor\u00e7o<br>de unir TODA a familia humana&#8221;<\/em><\/strong><\/p>\n\n\n\n<p class=\"has-text-align-center has-text-color has-link-color wp-elements-d84fed3c418a83a165a963e8b0313024\" style=\"color:#087f54\"><em>LS, 13<\/em><\/p>\n<\/div><figure class=\"wp-block-media-text__media\"><img alt=\"\" alt=\"\" loading=\"lazy\" decoding=\"async\" width=\"819\" height=\"1024\" src=\"https:\/\/www.focolare.org\/wp-content\/uploads\/2025\/05\/LS1-PT-819x1024.png\" alt=\"\" class=\"wp-image-381462 size-full\"\/><\/figure><\/div>\n<\/div>\n\n\n\n<div style=\"height:24px\" aria-hidden=\"true\" class=\"wp-block-spacer\"><\/div>\n\n\n\n<p>E dentre tantas hist\u00f3rias, pude ver o quanto podemos fazer a diferen\u00e7a na vida das pessoas: o quanto o simples ouvir faz diferen\u00e7a, o quanto uma garrafa de \u00e1gua pot\u00e1vel faz toda a diferen\u00e7a.<\/p>\n\n\n\n<p>O projeto foi mais que especial. Pudemos plantar uma sementinha de amor no meio de tanta dor e &#8220;construir juntos&#8221; nos fez crescer. Quando Jesus est\u00e1 presente entre n\u00f3s tudo se torna inspirador, cheio de luz e alegria.  <\/p>\n\n\n\n<p>N\u00e3o foi algo que vivi por 15 dias e acabou, mas foi uma experi\u00eancia que realmente transformou a minha vida, senti uma forte presen\u00e7a de Deus e isso me deu a for\u00e7a para abra\u00e7ar as dores da humanidade que tenho ao meu redor nessa constru\u00e7\u00e3o di\u00e1ria de um mundo unido.<\/p>\n\n\n\n<p><strong>Me chamo Francisco<\/strong>. Eu nasci em Juruti na Amaz\u00f4nia, uma cidade perto de \u00d3bidos. Fiquei surpreendido em saber que pessoas de v\u00e1rias partes do Brasil atravessavam o pa\u00eds para se doarem vindo cuidar do meu povo e quis juntar-me a eles.  <\/p>\n\n\n\n<p>O que ficou mais forte em mim foi a felicidade de todos, dos volunt\u00e1rios e das pessoas locais, que mesmo vivendo com t\u00e3o poucos bens materiais experimentaram a grandiosidade do amor de Deus.<\/p>\n\n\n\n<figure class=\"wp-block-image aligncenter size-full\"><img alt=\"\" alt=\"\" loading=\"lazy\" decoding=\"async\" width=\"655\" height=\"255\" src=\"https:\/\/www.focolare.org\/wp-content\/uploads\/2025\/05\/projeto-amazonia-2019-destaque-e1747996278856.png\" alt=\"\" class=\"wp-image-381454\" srcset=\"https:\/\/www.focolare.org\/wp-content\/uploads\/2025\/05\/projeto-amazonia-2019-destaque-e1747996278856.png 655w, https:\/\/www.focolare.org\/wp-content\/uploads\/2025\/05\/projeto-amazonia-2019-destaque-e1747996278856-480x255.png 480w\" sizes=\"(min-width: 0px) and (max-width: 480px) 480px, (min-width: 481px) 655px, 100vw\" \/><\/figure>\n\n\n\n<p>Ap\u00f3s viver o projeto Amaz\u00f4nia em \u00d3bidos, voltei para Juruti com um novo olhar e com o desejo de dar continuidade a esta miss\u00e3o, por\u00e9m na minha cidade. Enxergava ali as mesmas necessidades que encontrei em \u00d3bidos. Este desejo passou a n\u00e3o ser s\u00f3 meu, mas de toda nossa comunidade que abra\u00e7ou a causa. Juntos pensamos e fizemos nascer o projeto Amaz\u00f4nia na comunidade de S\u00e3o Pedro com o objetivo de ouvir e responder ao \u201cgrito\u201d daqueles que mais precisam, que muitas vezes n\u00e3o s\u00e3o ouvidos. Escolhemos uma comunidade da terra firme, come\u00e7amos a acompanhar para avaliar suas necessidades e diante disso fomos em busca de profissionais volunt\u00e1rios.    <\/p>\n\n\n\n<p>Com a colabora\u00e7\u00e3o de v\u00e1rias pessoas levamos a toda aquela comunidade a vida do evangelho, assist\u00eancia m\u00e9dica, atendimento psicol\u00f3gico, medicamentos e atendimento odontol\u00f3gico. E antes de tudo, procur\u00e1mos parar e escutar as dificuldades e as alegrias de quem encontr\u00e1mos. <\/p>\n\n\n\n<p>Tenho uma certeza: para construir um mundo mais fraterno e unido somos chamados a ouvir o grito de quem sofre \u00e0 nossa volta e a agir, com a certeza que tudo o que \u00e9 feito com amor n\u00e3o \u00e9 pequeno e pode mudar o mundo!<\/p>\n\n\n\n<p><strong><em>Ver o v\u00eddeo<\/em><\/strong><\/p>\n\n\n\n<figure class=\"wp-block-embed is-type-video is-provider-youtube wp-block-embed-youtube wp-embed-aspect-16-9 wp-has-aspect-ratio\"><div class=\"wp-block-embed__wrapper\">\n<iframe loading=\"lazy\" title=\"(PT) EMBRACE HUMANITY SPARK CHANGE\" width=\"1080\" height=\"608\" src=\"https:\/\/www.youtube.com\/embed\/zvseo5V0cMs?start=6462&#038;feature=oembed\"  allow=\"accelerometer; autoplay; clipboard-write; encrypted-media; gyroscope; picture-in-picture; web-share\" referrerpolicy=\"strict-origin-when-cross-origin\" allowfullscreen><\/iframe>\n<\/div><\/figure>\n\n\n\n<div style=\"height:168px\" aria-hidden=\"true\" class=\"wp-block-spacer\"><\/div>\n","protected":false},"excerpt":{"rendered":"<p>O dia 24 de maio marca os 10 anos da publica\u00e7\u00e3o da Enc\u00edclica \u201cLaudato Si\u201d do Papa Francisco. Um momento de celebra\u00e7\u00e3o, de verifica\u00e7\u00e3o do que foi feito e de a retomar e dar a conhecer a quem ainda desconhece o seu conte\u00fado. Conscientes de que \u201cn\u00e3o haver\u00e1 uma nova rela\u00e7\u00e3o com a natureza sem um ser humano novo. N\u00e3o ha ecologia sem una adequada antropologia\u201d (LS, 118) apresentamos o \u201cProjeto Amaz\u00f3nia\u201d, contado por dois jovens brasileiros durante o Genfest 2024 realizado em Aparecida, Brasil.   <\/p>\n","protected":false},"author":34,"featured_media":381448,"comment_status":"open","ping_status":"open","sticky":false,"template":"","format":"standard","meta":{"give_campaign_id":0,"_seopress_robots_primary_cat":"","_seopress_titles_title":"","_seopress_titles_desc":"","_seopress_robots_index":"","_et_pb_use_builder":"","_et_pb_old_content":"","_et_gb_content_width":"","footnotes":""},"categories":[2951,3190,2941,3288],"tags":[2948,3407,2977,3347,3198],"class_list":["post-381500","post","type-post","status-publish","format-standard","has-post-thumbnail","hentry","category-chiesa-3","category-ecologia-pt-pt","category-focolari-nel-mondo-3","category-testimonianze-di-vita-pt-pt","tag-brasile-3","tag-genfest-pt-pt","tag-giovani-per-un-mondo-unito-4","tag-notifiche-pt-pt","tag-ppg-pt-pt"],"_links":{"self":[{"href":"https:\/\/www.focolare.org\/pt-pt\/wp-json\/wp\/v2\/posts\/381500","targetHints":{"allow":["GET"]}}],"collection":[{"href":"https:\/\/www.focolare.org\/pt-pt\/wp-json\/wp\/v2\/posts"}],"about":[{"href":"https:\/\/www.focolare.org\/pt-pt\/wp-json\/wp\/v2\/types\/post"}],"author":[{"embeddable":true,"href":"https:\/\/www.focolare.org\/pt-pt\/wp-json\/wp\/v2\/users\/34"}],"replies":[{"embeddable":true,"href":"https:\/\/www.focolare.org\/pt-pt\/wp-json\/wp\/v2\/comments?post=381500"}],"version-history":[{"count":0,"href":"https:\/\/www.focolare.org\/pt-pt\/wp-json\/wp\/v2\/posts\/381500\/revisions"}],"wp:featuredmedia":[{"embeddable":true,"href":"https:\/\/www.focolare.org\/pt-pt\/wp-json\/wp\/v2\/media\/381448"}],"wp:attachment":[{"href":"https:\/\/www.focolare.org\/pt-pt\/wp-json\/wp\/v2\/media?parent=381500"}],"wp:term":[{"taxonomy":"category","embeddable":true,"href":"https:\/\/www.focolare.org\/pt-pt\/wp-json\/wp\/v2\/categories?post=381500"},{"taxonomy":"post_tag","embeddable":true,"href":"https:\/\/www.focolare.org\/pt-pt\/wp-json\/wp\/v2\/tags?post=381500"}],"curies":[{"name":"wp","href":"https:\/\/api.w.org\/{rel}","templated":true}]}}