{"id":382587,"date":"2025-06-14T05:00:00","date_gmt":"2025-06-14T03:00:00","guid":{"rendered":"https:\/\/www.focolare.org\/pasquale-foresi-os-anos-de-trabalho-pela-encarnacao-do-carisma\/"},"modified":"2025-06-14T07:32:10","modified_gmt":"2025-06-14T05:32:10","slug":"pasquale-foresi-os-anos-de-trabalho-pela-encarnacao-do-carisma","status":"publish","type":"post","link":"https:\/\/www.focolare.org\/pt-pt\/pasquale-foresi-os-anos-de-trabalho-pela-encarnacao-do-carisma\/","title":{"rendered":"Pasquale Foresi: os anos de trabalho pela encarna\u00e7\u00e3o do carisma"},"content":{"rendered":"\n<p><strong><em>Depois da publica\u00e7\u00e3o da primeira parte da biografia de padre Foresi dedicada ao per\u00edodo inicial de sua vida, saiu tamb\u00e9m a segunda, das tr\u00eas partes previstas, intitulada: \u201cLa regola e l\u2019eccesso\u201d (\u201cA regra e o excesso\u201d, em tradu\u00e7\u00e3o livre), da editora Citt\u00e0 Nuova, que aborda os anos entre 1954 e 1962. O que o senhor acha que, neste volume, emerge como caracter\u00edstica not\u00e1vel desse per\u00edodo da vida de Foresi? <\/em><\/strong><\/p>\n\n<p>Uma nota que caracteriza profundamente a vida e a experi\u00eancia de Pasquale Foresi nos anos indicados, pode ser expressa deste modo: era um esp\u00edrito livre, uma pessoa animada por uma tens\u00e3o criativa entre carisma e cultura, movido pela exig\u00eancia de traduzir espiritualmente e operativamente a inspira\u00e7\u00e3o de Chiara Lubich (o carisma da unidade) e a necessidade, em certo modo, de lhe conferir profundidade teol\u00f3gica, filos\u00f3fica e institucional, em um contexto eclesial ainda largamente pr\u00e9-conciliar. O livro o descreve muito bem como ele era continuamente comprometido, ao lado de Lubich, em \u201cencarnar\u201d o carisma de formas compreens\u00edveis para a Igreja do tempo, para o mundo cultural e leigo em geral. Nesse sentido, pode-se chegar a defini-lo, al\u00e9m de um cofundador, tamb\u00e9m como um int\u00e9rprete eclesial do carisma, aquele que procurava torn\u00e1-lo \u201cexplic\u00e1vel\u201d nos c\u00f3digos da Igreja e que provou ser o construtor de pontes entre a dimens\u00e3o m\u00edstica de Lubich e a teologia cl\u00e1ssica, tornando-a acess\u00edvel a muitos sem dissolv\u00ea-la.  <\/p>\n\n<p>Ao mesmo tempo, Foresi era um intelectual at\u00edpico e um pensador original. Mesmo n\u00e3o tendo deixado grandes obras sistem\u00e1ticas (n\u00e3o tomava isso como tarefa espec\u00edfica), exercitou um forte impacto na Obra de Maria (Movimento dos Focolares), justamente no per\u00edodo de tempo descrito no volume. Este segundo livro documenta uma exist\u00eancia din\u00e2mica, atravessada por um senso de urg\u00eancia, como se as palavras do Evangelho pr\u00f3prias do desenvolvimento do Movimento dos Focolares devessem ser encarnadas &#8220;logo&#8221;, sem retorno.  <\/p>\n\n<div class=\"wp-block-media-text is-stacked-on-mobile is-vertically-aligned-center has-background\" style=\"background-color:#f2e6c1;grid-template-columns:17% auto\"><figure class=\"wp-block-media-text__media\"><img alt=\"\" alt=\"\" decoding=\"async\" src=\"https:\/\/www.focolare.org\/wp-content\/uploads\/2025\/06\/IMG-20160911-WA0007-300x229.jpg\" alt=\"\" class=\"wp-image-382541 size-medium\"\/><\/figure><div class=\"wp-block-media-text__content\">\n<p><em><strong>&#8220;Don Foresi, um esp\u00edrito livre, uma pessoa animada por uma tens\u00e3o criativa entre carisma e cultura&#8221;<\/strong><\/em>.<\/p>\n\n\n\n<p class=\"has-small-font-size\">O nosso entrevistado, o Prof. Marco Luppi, investigador em Hist\u00f3ria Contempor\u00e2nea no Instituto Universit\u00e1rio Sophia de Loppiano (It\u00e1lia)<\/p>\n<\/div><\/div>\n\n<div style=\"height:17px\" aria-hidden=\"true\" class=\"wp-block-spacer\"><\/div>\n\n<p><strong><em>As mais de 600 p\u00e1ginas do texto tratam n\u00e3o s\u00f3 dos acontecimentos da vida de Foresi no per\u00edodo selecionado, mas tratam tamb\u00e9m da vida e hist\u00f3ria de Chiara Lubich e do Movimento dos Focolares daqueles anos, trazendo inclusive hist\u00f3rias e epis\u00f3dios nos quais Foresi n\u00e3o estava presente, como o autor mesmo afirma. Por que foi feita essa escolha editorial? <\/em><\/strong><\/p>\n\n<p>Zanzucchi inclui eventos e viv\u00eancias mesmo que n\u00e3o diretamente vividos por Foresi, porque sua figura \u00e9 insepar\u00e1vel da hist\u00f3ria do Movimento dos Focolares. Contar o contexto, os protagonistas e as din\u00e2micas coletivas permite colher o significado da contribui\u00e7\u00e3o de Foresi, inserindo-o na trama viva de uma experi\u00eancia comunit\u00e1ria. Como afirma claramente em sua introdu\u00e7\u00e3o, Zanzucchi v\u00ea em Foresi n\u00e3o s\u00f3 um protagonista, mas um cofundador, ou seja um dos elementos estruturais e constitutivos do Movimento dos Focolares. Como consequ\u00eancia, a biografia de Foresi \u00e9 insepar\u00e1vel pela biografia do Movimento. Em outros termos, o autor adota uma perspectiva que podemos definir como \u201cbiografia imersa\u201d: n\u00e3o uma simples reconstru\u00e7\u00e3o individual, mas uma narra\u00e7\u00e3o relacional e contextual, no qual o sentido da figura de Foresi emerge no di\u00e1logo vivo com outros atores (Chiara Lubich, Igino Giordani, personalidades do \u00e2mbito eclesial, etc.) e com a hist\u00f3ria coletiva do Movimento.    <\/p>\n\n<figure class=\"wp-block-gallery has-nested-images columns-default is-cropped wp-block-gallery-1 is-layout-flex wp-block-gallery-is-layout-flex\">\n<figure class=\"wp-block-image size-large\"><img alt=\"\" alt=\"\" loading=\"lazy\" decoding=\"async\" width=\"1024\" height=\"684\" data-id=\"382567\" src=\"https:\/\/www.focolare.org\/wp-content\/uploads\/2025\/06\/19670000_MPGNM_Rocca-di-Papa_016-1024x684.jpg\" alt=\"\" class=\"wp-image-382567\" srcset=\"https:\/\/www.focolare.org\/wp-content\/uploads\/2025\/06\/19670000_MPGNM_Rocca-di-Papa_016-980x654.jpg 980w, https:\/\/www.focolare.org\/wp-content\/uploads\/2025\/06\/19670000_MPGNM_Rocca-di-Papa_016-480x320.jpg 480w\" sizes=\"(min-width: 0px) and (max-width: 480px) 480px, (min-width: 481px) and (max-width: 980px) 980px, (min-width: 981px) 1024px, 100vw\" \/><figcaption class=\"wp-element-caption\"><em>Don Foresi com Chiara Lubich num congresso (1967)<\/em><\/figcaption><\/figure>\n\n\n\n<figure class=\"wp-block-image size-large\"><img alt=\"\" alt=\"\" loading=\"lazy\" decoding=\"async\" width=\"1024\" height=\"676\" data-id=\"382562\" src=\"https:\/\/www.focolare.org\/wp-content\/uploads\/2025\/06\/19760000_SCGN2_Grottaferrata_106-1024x676.jpg\" alt=\"\" class=\"wp-image-382562\" srcset=\"https:\/\/www.focolare.org\/wp-content\/uploads\/2025\/06\/19760000_SCGN2_Grottaferrata_106-980x647.jpg 980w, https:\/\/www.focolare.org\/wp-content\/uploads\/2025\/06\/19760000_SCGN2_Grottaferrata_106-480x317.jpg 480w\" sizes=\"(min-width: 0px) and (max-width: 480px) 480px, (min-width: 481px) and (max-width: 980px) 980px, (min-width: 981px) 1024px, 100vw\" \/><figcaption class=\"wp-element-caption\"><em>Com os jovens (1976)<\/em><\/figcaption><\/figure>\n<\/figure>\n\n<div style=\"height:20px\" aria-hidden=\"true\" class=\"wp-block-spacer\"><\/div>\n\n<p><strong><em>O trabalho de Michele Zanzucchi \u00e8 a primeira biografia sobre Foresi. Quais s\u00e3o os aspectos da vida de Foresi que mereceriam futuros aprofundamentos e abordagens hist\u00f3ricas? <\/em><\/strong><\/p>\n\n<p>Zanzucchi ama dizer que n\u00e3o \u00e9 um historiador puro, mas em narrador e divulgador atento e escrupuloso e que, portanto, em diversos momentos pegou tamb\u00e9m uma licen\u00e7a a fim de esclarecer qualquer passagem n\u00e3o muito expl\u00edcita. Mas este \u00e9, com certeza, um trabalho muito importante e um primeiro esfor\u00e7o de restituir-nos a personalidade e a vida de Foresi, com um olhar completo. Trata-se de um olhar e muitos outros podem existir, atravessando aquele mesmo esp\u00edrito cr\u00edtico, aberto a m\u00faltiplas interpreta\u00e7\u00f5es, que deve animar a reconstru\u00e7\u00e3o da hist\u00f3ria de todo o Movimento dos Focolares e suas figuras de refer\u00eancia. Entre os muitos aprofundamentos envolvendo poss\u00edveis futuras pesquisas sobre Foresi, indicarei tr\u00eas. Uma primeira sobre <em>pensamento teol\u00f3gico e filos\u00f3fico de Foresi.<\/em> Zanzucchi evidencia que Foresi n\u00e3o foi um te\u00f3logo acad\u00eamico, mas um \u201cvision\u00e1rio cultural\u201d, com uma produ\u00e7\u00e3o espalhada em artigos, discursos e notas. Portanto, nota-se a falta de uma exposi\u00e7\u00e3o org\u00e2nica de seu pensamento sobre temas-chave como Igreja, sacramentos, relacionamento f\u00e9-raz\u00e3o, etc. Al\u00e9m disso, seria estudada a originalidade de seu pensamento eclesial, que antecipa algumas intui\u00e7\u00f5es conciliares. Uma segunda pesquisa poderia ser a do <em>papel \u201cpol\u00edtico\u201d de Foresi e as rela\u00e7\u00f5es com o mundo eclesi\u00e1stico romano<\/em>. O autor acena repetidamente aos la\u00e7os de Foresi com a c\u00faria vaticana e algumas personalidades eclesi\u00e1sticas. Todavia n\u00e3o est\u00e1 ainda muito claro quanto peso Foresi teve nas media\u00e7\u00f5es pol\u00edticas ou eclesiais do segundo p\u00f3s-guerra e, portanto, seria \u00fatil explorar isso, especialmente nos momentos de tens\u00e3o com a hierarquia. Enfim, uma terceira frente estimulante poderia ser <em>a esta\u00e7\u00e3o editorial e o \u201claborat\u00f3rio cultural\u201d de Citt\u00e0 Nuova<\/em>. Zanzucchi destaca o papel de Foresi como fundador, diretor e inspirador da revista Cidade Nova. Que tipo de \u201ccultura\u201d Foresi procurava propor? Como se posicionava com rela\u00e7\u00e3o a outras publica\u00e7\u00f5es cat\u00f3licas (Civilt\u00e0 Cattolica, L\u2019Osservatore Romano, Il Regno)? Mais cedo ou mais tarde ser\u00e1 \u00fatil ter uma monografia tamb\u00e9m sobre o trabalho de Foresi como editor e jornalista, no contexto da publica\u00e7\u00e3o cat\u00f3lica nos novecentos.               <\/p>\n\n<p class=\"has-text-align-right\"><em>por Anna Lisa Innocenti <\/em><br\/><em>Foto: \u00a9 Archivio CSC audiovisivi<\/em><\/p>\n\n<div style=\"height:139px\" aria-hidden=\"true\" class=\"wp-block-spacer\"><\/div>\n","protected":false},"excerpt":{"rendered":"<p>H\u00e1 10 anos, no dia 14 de junho de 2015, faleceu o te\u00f3logo padre Pasquale Foresi (1929-2015), que Chiara Lubich considerou como cofundador do Movimento. Foi o primeiro focolarino sacerdote e o primeiro copresidente do Movimento dos Focolares. H\u00e1 alguns meses, saiu o segundo volume da biografia de Foresi, escrito por Michele Zanzucchi. Falamos com o professor Marco Luppi, pesquisador de Hist\u00f3ria Contempor\u00e2nea no Instituto Universit\u00e1rio Sophia de Loppiano (It\u00e1lia).    <\/p>\n","protected":false},"author":34,"featured_media":382557,"comment_status":"open","ping_status":"open","sticky":false,"template":"","format":"standard","meta":{"give_campaign_id":0,"_seopress_robots_primary_cat":"","_seopress_titles_title":"","_seopress_titles_desc":"","_seopress_robots_index":"","_et_pb_use_builder":"","_et_pb_old_content":"","_et_gb_content_width":"","footnotes":""},"categories":[2962,2913,3288],"tags":[3825,3347,3824,3198],"class_list":["post-382587","post","type-post","status-publish","format-standard","has-post-thumbnail","hentry","category-cultura-3","category-spiritualita-3","category-testimonianze-di-vita-pt-pt","tag-co-fondatore-del-movimento-dei-focolari-pt-pt","tag-notifiche-pt-pt","tag-pasquale-foresi-pt-pt","tag-ppg-pt-pt"],"_links":{"self":[{"href":"https:\/\/www.focolare.org\/pt-pt\/wp-json\/wp\/v2\/posts\/382587","targetHints":{"allow":["GET"]}}],"collection":[{"href":"https:\/\/www.focolare.org\/pt-pt\/wp-json\/wp\/v2\/posts"}],"about":[{"href":"https:\/\/www.focolare.org\/pt-pt\/wp-json\/wp\/v2\/types\/post"}],"author":[{"embeddable":true,"href":"https:\/\/www.focolare.org\/pt-pt\/wp-json\/wp\/v2\/users\/34"}],"replies":[{"embeddable":true,"href":"https:\/\/www.focolare.org\/pt-pt\/wp-json\/wp\/v2\/comments?post=382587"}],"version-history":[{"count":0,"href":"https:\/\/www.focolare.org\/pt-pt\/wp-json\/wp\/v2\/posts\/382587\/revisions"}],"wp:featuredmedia":[{"embeddable":true,"href":"https:\/\/www.focolare.org\/pt-pt\/wp-json\/wp\/v2\/media\/382557"}],"wp:attachment":[{"href":"https:\/\/www.focolare.org\/pt-pt\/wp-json\/wp\/v2\/media?parent=382587"}],"wp:term":[{"taxonomy":"category","embeddable":true,"href":"https:\/\/www.focolare.org\/pt-pt\/wp-json\/wp\/v2\/categories?post=382587"},{"taxonomy":"post_tag","embeddable":true,"href":"https:\/\/www.focolare.org\/pt-pt\/wp-json\/wp\/v2\/tags?post=382587"}],"curies":[{"name":"wp","href":"https:\/\/api.w.org\/{rel}","templated":true}]}}