{"id":384555,"date":"2025-07-30T05:00:00","date_gmt":"2025-07-30T03:00:00","guid":{"rendered":"https:\/\/www.focolare.org\/?p=384555"},"modified":"2025-07-29T11:03:54","modified_gmt":"2025-07-29T09:03:54","slug":"chiara-lubich-aos-jovens-a-alegria-dos-primeiros-cristaos","status":"publish","type":"post","link":"https:\/\/www.focolare.org\/pt-pt\/chiara-lubich-aos-jovens-a-alegria-dos-primeiros-cristaos\/","title":{"rendered":"Chiara Lubich aos jovens: a alegria dos primeiros crist\u00e3os"},"content":{"rendered":"\n<p>(\u2026)<\/p>\n\n<p>A alegria dos primeiros crist\u00e3os &#8211; como de resto a alegria dos crist\u00e3os de todos os tempos e s\u00e9culos, quando o cristianismo \u00e9 compreendido na sua ess\u00eancia e vivido na sua radicalidade &#8211; a alegria dos primeiros crist\u00e3os era uma alegria verdadeiramente nova, jamais experimentada. N\u00e3o tinha nada a ver com a hilaridade, com a alegria normal, com o bom humor. Ou, como diria Paulo VI, n\u00e3o tinha nada a ver com &#8220;a alegria exaltante da vida e da exist\u00eancia&#8221;, com &#8220;a alegria portadora de paz da natureza, com a alegria do sil\u00eancio&#8221;. (&#8230;) N\u00e3o era essa. S\u00e3o alegrias belas&#8230;  <\/p>\n\n<p>Mas a alegria dos primeiros crist\u00e3os era diferente. Era uma alegria semelhante \u00e0quela atra\u00e7\u00e3o que arrebatou os disc\u00edpulos quando receberam o Esp\u00edrito Santo.<\/p>\n\n<p>Era a alegria de Jesus. Porque Jesus tem a sua paz e tamb\u00e9m a sua alegria. <\/p>\n\n<div class=\"wp-block-media-text is-stacked-on-mobile\"><figure class=\"wp-block-media-text__media\"><img alt=\"\" alt=\"\" loading=\"lazy\" decoding=\"async\" width=\"1024\" height=\"664\" src=\"https:\/\/www.focolare.org\/wp-content\/uploads\/2025\/07\/GRMAN-19840412-1-044-1024x664.jpg\" alt=\"\" class=\"wp-image-384535 size-full\"\/><\/figure><div class=\"wp-block-media-text__content\">\n<p>E a alegria dos primeiros crist\u00e3os, que jorrava espont\u00e2nea do profundo do pr\u00f3prio ser, saciava-os completamente.<\/p>\n\n\n\n<p>Eles tinham encontrado realmente aquilo que o homem de ontem, de hoje e de sempre precisa e procura. Tinham encontrado Deus, a comunh\u00e3o com Deus e esta os saciava completamente e os levava \u00e0 plena realiza\u00e7\u00e3o. Eram criaturas.   <\/p>\n<\/div><\/div>\n\n<div style=\"height:18px\" aria-hidden=\"true\" class=\"wp-block-spacer\"><\/div>\n\n<p>De fato, o amor, a caridade com a qual Cristo por meio do Batismo e dos outros sacramentos enriquece o crist\u00e3o, pode ser comparada a uma pequena planta. Quanto mais cresce a raiz (\u00e0 medida que se ama o pr\u00f3ximo), mais veloz cresce a planta, o caule. Isto \u00e9, quanto mais se ama o pr\u00f3ximo, o cora\u00e7\u00e3o fica cada vez mais invadido pelo amor de Deus. Contudo, n\u00e3o \u00e9 um amor, uma comunh\u00e3o com Deus em que se acredita pela f\u00e9, mas \u00e9 uma comunh\u00e3o que se experimenta. E isso \u00e9 felicidade; esta \u00e9 a felicidade, amamos e nos sentimos amados.  <\/p>\n\n<p>Assim era a alegria dos primeiros crist\u00e3os&#8230; Era essa a felicidade dos primeiros crist\u00e3os, adultos ou jovens como voc\u00eas, que se exprimia em liturgias maravilhosas, festivas, com muitos hinos de louvor e de a\u00e7\u00e3o de gra\u00e7as.<\/p>\n\n<p>(\u2026)<\/p>\n\n<p class=\"has-text-align-right\"><em>Chiara Lubich<\/em><\/p>\n\n<p class=\"has-small-font-size\"><em>(Para aceder ao texto completo: <\/em><a href=\"https:\/\/chiaralubich.org\/archivio-video-it\/la-gioia\/\"><em>https:\/\/chiaralubich.org\/archivio-video-it\/la-gioia\/<\/em><\/a><em>)<\/em><br\/><em>Foto: \u00a9 Archivio CSC Audiovisivi<\/em><\/p>\n\n<div style=\"height:135px\" aria-hidden=\"true\" class=\"wp-block-spacer\"><\/div>\n","protected":false},"excerpt":{"rendered":"<p>Em abril de 1984, poucos dias ap\u00f3s a conclus\u00e3o do Jubileu Extraordin\u00e1rio da Reden\u00e7\u00e3o, foi celebrado o Jubileu da Juventude, com 300 mil jovens reunidos em Roma. No dia 12 de abril, Chiara Lubich, fundadora do Movimento dos Focolares, fez uma catequese sobre a alegria aos jovens reunidos na Bas\u00edlica de S\u00e3o Jo\u00e3o de Latr\u00e3o. A seguir, um trecho do seu discurso.   <\/p>\n","protected":false},"author":34,"featured_media":384543,"comment_status":"open","ping_status":"open","sticky":false,"template":"","format":"standard","meta":{"give_campaign_id":0,"_seopress_robots_primary_cat":"","_seopress_titles_title":"","_seopress_titles_desc":"","_seopress_robots_index":"","_et_pb_use_builder":"","_et_pb_old_content":"","_et_gb_content_width":"","footnotes":""},"categories":[2950,2945,2913],"tags":[3717,3391,3347,3198],"class_list":["post-384555","post","type-post","status-publish","format-standard","has-post-thumbnail","hentry","category-chiara-lubich-4","category-nuove-generazioni-3","category-spiritualita-3","tag-giubileo-pt-pt","tag-jovens","tag-notifiche-pt-pt","tag-ppg-pt-pt"],"_links":{"self":[{"href":"https:\/\/www.focolare.org\/pt-pt\/wp-json\/wp\/v2\/posts\/384555","targetHints":{"allow":["GET"]}}],"collection":[{"href":"https:\/\/www.focolare.org\/pt-pt\/wp-json\/wp\/v2\/posts"}],"about":[{"href":"https:\/\/www.focolare.org\/pt-pt\/wp-json\/wp\/v2\/types\/post"}],"author":[{"embeddable":true,"href":"https:\/\/www.focolare.org\/pt-pt\/wp-json\/wp\/v2\/users\/34"}],"replies":[{"embeddable":true,"href":"https:\/\/www.focolare.org\/pt-pt\/wp-json\/wp\/v2\/comments?post=384555"}],"version-history":[{"count":1,"href":"https:\/\/www.focolare.org\/pt-pt\/wp-json\/wp\/v2\/posts\/384555\/revisions"}],"predecessor-version":[{"id":384556,"href":"https:\/\/www.focolare.org\/pt-pt\/wp-json\/wp\/v2\/posts\/384555\/revisions\/384556"}],"wp:featuredmedia":[{"embeddable":true,"href":"https:\/\/www.focolare.org\/pt-pt\/wp-json\/wp\/v2\/media\/384543"}],"wp:attachment":[{"href":"https:\/\/www.focolare.org\/pt-pt\/wp-json\/wp\/v2\/media?parent=384555"}],"wp:term":[{"taxonomy":"category","embeddable":true,"href":"https:\/\/www.focolare.org\/pt-pt\/wp-json\/wp\/v2\/categories?post=384555"},{"taxonomy":"post_tag","embeddable":true,"href":"https:\/\/www.focolare.org\/pt-pt\/wp-json\/wp\/v2\/tags?post=384555"}],"curies":[{"name":"wp","href":"https:\/\/api.w.org\/{rel}","templated":true}]}}