{"id":384736,"date":"2025-08-06T05:00:00","date_gmt":"2025-08-06T03:00:00","guid":{"rendered":"https:\/\/www.focolare.org\/?p=384736"},"modified":"2025-08-04T18:45:28","modified_gmt":"2025-08-04T16:45:28","slug":"projeto-together-we-connect","status":"publish","type":"post","link":"https:\/\/www.focolare.org\/pt-pt\/projeto-together-we-connect\/","title":{"rendered":"Projeto Together WE Connect"},"content":{"rendered":"\n<p>Em outubro de 2024, o projeto <em>Together WE Connect<\/em> teve in\u00edcio em Bel\u00e9m. \u00c9 um programa de forma\u00e7\u00e3o do Movimento dos Focolares que engaja jovens com o objetivo de construir um futuro melhor, fortalecendo o tecido social fragilizado. O programa, com a dura\u00e7\u00e3o de tr\u00eas anos, come\u00e7ou com o envolvimento de cinco escolas nos distritos de Bel\u00e9m e Jerusal\u00e9m Oriental, abrangendo aproximadamente 300 adolescentes entre 13 e 15 anos.  <\/p>\n\n<p>Est\u00e3o programadas sess\u00f5es de treinamento e atividades interativas para envolver e estimular os alunos com a linguagem t\u00edpica deles, como teatro, m\u00fasica, fotografia e oficinas esportivas. Tr\u00eas temas s\u00e3o desenvolvidos no primeiro ano: autoconsci\u00eancia, autoestima e desenvolvimento pessoal. Em seguida, gest\u00e3o de conflitos, abertura para discuss\u00e3o em trabalho de grupo e, por fim, di\u00e1logo intergeracional. Cada t\u00f3pico \u00e9 associado a uma a\u00e7\u00e3o espec\u00edfica do \u201cdado da paz\u201d, para que cada t\u00f3pico abordado resulte na sua coloca\u00e7\u00e3o em pr\u00e1tica e na cria\u00e7\u00e3o de novos relacionamentos.    <\/p>\n\n<p>Os grupos internacionais <strong>Gen Rosso<\/strong> e <strong>Gen Verde<\/strong> contribu\u00edram com sua expertise por meio da arte, m\u00fasica, dan\u00e7a e teatro.<\/p>\n\n<p>Durante a primeira semana de maio de 2025, foi realizado um evento para celebrar esses meses de trabalho. Gen Verde e Gen Rosso, juntamente com uma centena de jovens, participaram de tr\u00eas dias de workshops antes do evento final, realizado em Bel\u00e9m alguns dias depois. &#8220;Foi uma experi\u00eancia extraordin\u00e1ria, e somos gratos a Deus e aos muitos colaboradores pelos seus frutos&#8221;, relataram os participantes.  <\/p>\n\n<figure class=\"wp-block-embed is-type-video is-provider-youtube wp-block-embed-youtube wp-embed-aspect-16-9 wp-has-aspect-ratio\"><div class=\"wp-block-embed__wrapper\">\n<iframe loading=\"lazy\" title=\"20250508-togetherWEconnect-GR_GV\" width=\"1080\" height=\"608\" src=\"https:\/\/www.youtube.com\/embed\/Ny2Ex5XKCPk?feature=oembed\"  allow=\"accelerometer; autoplay; clipboard-write; encrypted-media; gyroscope; picture-in-picture; web-share\" referrerpolicy=\"strict-origin-when-cross-origin\" allowfullscreen><\/iframe>\n<\/div><\/figure>\n\n<div style=\"height:22px\" aria-hidden=\"true\" class=\"wp-block-spacer\"><\/div>\n\n<p class=\"has-text-color has-link-color has-medium-font-size wp-elements-7c8507fc31e534cea4b7f835f275ec79\" style=\"color:#7f1414\"><em>Como o projeto surgiu?<\/em><\/p>\n\n<p>Da Terra Santa, dizem: &#8220;H\u00e1 algum tempo, existe o desejo de dar a nossa contribui\u00e7\u00e3o para que o que fazemos tenha impacto na sociedade, promovendo atividades cont\u00ednuas. O Patriarca de Jerusal\u00e9m, Cardeal Pierbattista Pizzaballa, disse: &#8216;Devemos realmente nos comprometer a garantir que o nome de Deus, de irm\u00e3o e companheiro de vida, ressoe nas escolas, nas institui\u00e7\u00f5es, na m\u00eddia e nos locais de culto&#8217;. Isso nos encorajou a focar nas escolas, com os jovens. Todos n\u00f3s temos consci\u00eancia da situa\u00e7\u00e3o em que nos encontramos, da situa\u00e7\u00e3o que a humanidade enfrenta hoje. Tantas dificuldades, tanta dor: queremos dar a nossa contribui\u00e7\u00e3o para que os jovens possam ter uma perspectiva diferente daquela que veem todos os dias.&#8221;   <\/p>\n\n<figure class=\"wp-block-gallery has-nested-images columns-default is-cropped wp-block-gallery-1 is-layout-flex wp-block-gallery-is-layout-flex\">\n<figure class=\"wp-block-image size-large\"><img alt=\"\" alt=\"\" loading=\"lazy\" decoding=\"async\" width=\"1024\" height=\"682\" data-id=\"384714\" src=\"https:\/\/www.focolare.org\/wp-content\/uploads\/2025\/07\/Oct24-tWEc-4-1024x682.jpg\" alt=\"\" class=\"wp-image-384714\" srcset=\"https:\/\/www.focolare.org\/wp-content\/uploads\/2025\/07\/Oct24-tWEc-4-980x653.jpg 980w, https:\/\/www.focolare.org\/wp-content\/uploads\/2025\/07\/Oct24-tWEc-4-480x320.jpg 480w\" sizes=\"(min-width: 0px) and (max-width: 480px) 480px, (min-width: 481px) and (max-width: 980px) 980px, (min-width: 981px) 1024px, 100vw\" \/><\/figure>\n\n\n\n<figure class=\"wp-block-image size-large\"><img alt=\"\" alt=\"\" loading=\"lazy\" decoding=\"async\" width=\"1024\" height=\"682\" data-id=\"384704\" src=\"https:\/\/www.focolare.org\/wp-content\/uploads\/2025\/07\/Oct24-tWEc-1-1024x682.jpg\" alt=\"\" class=\"wp-image-384704\" srcset=\"https:\/\/www.focolare.org\/wp-content\/uploads\/2025\/07\/Oct24-tWEc-1-980x653.jpg 980w, https:\/\/www.focolare.org\/wp-content\/uploads\/2025\/07\/Oct24-tWEc-1-480x320.jpg 480w\" sizes=\"(min-width: 0px) and (max-width: 480px) 480px, (min-width: 481px) and (max-width: 980px) 980px, (min-width: 981px) 1024px, 100vw\" \/><\/figure>\n\n\n\n<figure class=\"wp-block-image size-large\"><img alt=\"\" alt=\"\" loading=\"lazy\" decoding=\"async\" width=\"1024\" height=\"682\" data-id=\"384709\" src=\"https:\/\/www.focolare.org\/wp-content\/uploads\/2025\/07\/Oct24-tWEc-3-1024x682.jpg\" alt=\"\" class=\"wp-image-384709\" srcset=\"https:\/\/www.focolare.org\/wp-content\/uploads\/2025\/07\/Oct24-tWEc-3-980x653.jpg 980w, https:\/\/www.focolare.org\/wp-content\/uploads\/2025\/07\/Oct24-tWEc-3-480x320.jpg 480w\" sizes=\"(min-width: 0px) and (max-width: 480px) 480px, (min-width: 481px) and (max-width: 980px) 980px, (min-width: 981px) 1024px, 100vw\" \/><\/figure>\n<\/figure>\n\n<p class=\"has-small-font-size\"><em>Foto: <a href=\"https:\/\/www.focolare-hl.org\/\">https:\/\/www.focolare-hl.org\/<\/a><\/em><\/p>\n\n<p>Assim nasceu o projeto Together WE Connect. O objetivo \u00e9 reacender a esperan\u00e7a, nutrir a f\u00e9 e promover uma espiritualidade enraizada no Evangelho entre as gera\u00e7\u00f5es mais jovens, e formar as mulheres e os homens de amanh\u00e3, capazes de promover a reconcilia\u00e7\u00e3o e o di\u00e1logo. Jovens l\u00edderes de uma nova cultura de coopera\u00e7\u00e3o, fraternidade, partilha e cidadania ativa. Uma cultura de cuidado e encontro.   <\/p>\n\n<p><strong>Aqui est\u00e3o algumas das impress\u00f5es dos alunos:<\/strong> &#8220;Agrade\u00e7o de todo o cora\u00e7\u00e3o porque o que fazemos nos faz sentir importantes, e que nossa exist\u00eancia e nossas opini\u00f5es s\u00e3o importantes.&#8221; &#8220;A primeira coisa que aprendemos foram valores: amor, humildade, perd\u00e3o e ajuda m\u00fatua. Na aula, nos sent\u00edamos como uma fam\u00edlia; nos entend\u00edamos melhor e nos ajud\u00e1vamos mais. Tamb\u00e9m entendi como poderia ser uma luz para os outros e entendi que &#8220;cora\u00e7\u00e3o&#8221; n\u00e3o \u00e9 apenas uma palavra, mas um modo de vida.&#8221; &#8220;Gostei muito da atividade Together WE Connect. Havia novas pessoas, foi divertido e me fortaleci.&#8221; &#8220;Conheci melhor a mim mesma e aos outros por meio deste projeto.&#8221; &#8220;Aprendi m\u00e9todos de resolu\u00e7\u00e3o de conflitos, escuta e di\u00e1logo.&#8221; &#8220;Sou pessoalmente muito sens\u00edvel e este projeto me fez amar mais a vida.&#8221; &#8220;Foi um projeto \u00fatil e divertido, por exemplo, o di\u00e1logo entre gera\u00e7\u00f5es. Quando o fiz com minha av\u00f3, aprendi coisas que eu n\u00e3o sabia antes.&#8221;      <\/p>\n\n<p class=\"has-text-align-right\"><em>Lorenzo Russo<\/em><\/p>\n\n<div style=\"height:132px\" aria-hidden=\"true\" class=\"wp-block-spacer\"><\/div>\n","protected":false},"excerpt":{"rendered":"<p>H\u00e1 alguns meses, teve in\u00edcio na Terra Santa um programa de forma\u00e7\u00e3o de jovens com o apoio da comunidade dos Focolares e dos grupos internacionais Gen Rosso e Gen Verde, para formar jovens promotores da reconcilia\u00e7\u00e3o e do di\u00e1logo. <\/p>\n","protected":false},"author":34,"featured_media":384700,"comment_status":"open","ping_status":"open","sticky":false,"template":"","format":"standard","meta":{"give_campaign_id":0,"_seopress_robots_primary_cat":"","_seopress_titles_title":"","_seopress_titles_desc":"","_seopress_robots_index":"","_et_pb_use_builder":"","_et_pb_old_content":"","_et_gb_content_width":"","footnotes":""},"categories":[2941,2945],"tags":[3878,3606,3421,3422,3347,3198,3879,2988],"class_list":["post-384736","post","type-post","status-publish","format-standard","has-post-thumbnail","hentry","category-focolari-nel-mondo-3","category-nuove-generazioni-3","tag-educazione-pt-pt","tag-gen-rosso-pt-pt","tag-gen-verde-pt-pt","tag-musica-pt-pt","tag-notifiche-pt-pt","tag-ppg-pt-pt","tag-progetti-pt-pt","tag-terra-santa-3"],"_links":{"self":[{"href":"https:\/\/www.focolare.org\/pt-pt\/wp-json\/wp\/v2\/posts\/384736","targetHints":{"allow":["GET"]}}],"collection":[{"href":"https:\/\/www.focolare.org\/pt-pt\/wp-json\/wp\/v2\/posts"}],"about":[{"href":"https:\/\/www.focolare.org\/pt-pt\/wp-json\/wp\/v2\/types\/post"}],"author":[{"embeddable":true,"href":"https:\/\/www.focolare.org\/pt-pt\/wp-json\/wp\/v2\/users\/34"}],"replies":[{"embeddable":true,"href":"https:\/\/www.focolare.org\/pt-pt\/wp-json\/wp\/v2\/comments?post=384736"}],"version-history":[{"count":1,"href":"https:\/\/www.focolare.org\/pt-pt\/wp-json\/wp\/v2\/posts\/384736\/revisions"}],"predecessor-version":[{"id":384737,"href":"https:\/\/www.focolare.org\/pt-pt\/wp-json\/wp\/v2\/posts\/384736\/revisions\/384737"}],"wp:featuredmedia":[{"embeddable":true,"href":"https:\/\/www.focolare.org\/pt-pt\/wp-json\/wp\/v2\/media\/384700"}],"wp:attachment":[{"href":"https:\/\/www.focolare.org\/pt-pt\/wp-json\/wp\/v2\/media?parent=384736"}],"wp:term":[{"taxonomy":"category","embeddable":true,"href":"https:\/\/www.focolare.org\/pt-pt\/wp-json\/wp\/v2\/categories?post=384736"},{"taxonomy":"post_tag","embeddable":true,"href":"https:\/\/www.focolare.org\/pt-pt\/wp-json\/wp\/v2\/tags?post=384736"}],"curies":[{"name":"wp","href":"https:\/\/api.w.org\/{rel}","templated":true}]}}