{"id":385308,"date":"2025-08-05T13:01:00","date_gmt":"2025-08-05T11:01:00","guid":{"rendered":"https:\/\/www.focolare.org\/jubileu-dos-jovens-aspirem-a-coisas-grandes\/"},"modified":"2025-10-15T15:49:47","modified_gmt":"2025-10-15T13:49:47","slug":"jubileu-dos-jovens-aspirem-a-coisas-grandes","status":"publish","type":"post","link":"https:\/\/www.focolare.org\/pt-pt\/jubileu-dos-jovens-aspirem-a-coisas-grandes\/","title":{"rendered":"Jubileu dos Jovens: \u201cAspirem a coisas grandes\u201d"},"content":{"rendered":"\n<p>Assistindo a transmiss\u00e3o direta da Vig\u00edlia em Tor Vergata, na periferia de Roma, e vendo aquelas imagens de uma imensa multid\u00e3o, pode surgir uma pergunta: o que esse milh\u00e3o de jovens veio buscar aqui? Estar perto do Papa Le\u00e3o? N\u00e3o parece uma motiva\u00e7\u00e3o suficiente. Conhecer Roma? Pode ser, mas certamente n\u00e3o teriam escolhido essas condi\u00e7\u00f5es de alojamento, alimenta\u00e7\u00e3o e transporte. Mas a resposta se encontra no sil\u00eancio profundo e prolongado, durante a hora de adora\u00e7\u00e3o. Esses jovens vindos do mundo inteiro, foram atra\u00eddos por Jesus, at\u00e9 mesmo sem sab\u00ea-lo, pode acontecer, para este encontro pessoal e comunit\u00e1rio, onde, sem nenhuma d\u00favida, Ele falou ao cora\u00e7\u00e3o de cada um que volta para casa transformado, com uma f\u00e9 mais s\u00f3lida, com uma experi\u00eancia de divino que nunca esquecer\u00e1.      <\/p>\n\n<figure class=\"wp-block-gallery has-nested-images columns-default is-cropped wp-block-gallery-1 is-layout-flex wp-block-gallery-is-layout-flex\">\n<figure class=\"wp-block-image size-large\"><img alt=\"\" alt=\"\" loading=\"lazy\" decoding=\"async\" width=\"1000\" height=\"561\" data-id=\"385222\" src=\"https:\/\/www.focolare.org\/wp-content\/uploads\/2025\/08\/TorVergataTV.png\" alt=\"\" class=\"wp-image-385222\" srcset=\"https:\/\/www.focolare.org\/wp-content\/uploads\/2025\/08\/TorVergataTV.png 1000w, https:\/\/www.focolare.org\/wp-content\/uploads\/2025\/08\/TorVergataTV-980x550.png 980w, https:\/\/www.focolare.org\/wp-content\/uploads\/2025\/08\/TorVergataTV-480x269.png 480w\" sizes=\"(min-width: 0px) and (max-width: 480px) 480px, (min-width: 481px) and (max-width: 980px) 980px, (min-width: 981px) 1000px, 100vw\" \/><figcaption class=\"wp-element-caption\">Imagem de TV<\/figcaption><\/figure>\n\n\n\n<figure class=\"wp-block-image size-large\"><img alt=\"\" alt=\"\" loading=\"lazy\" decoding=\"async\" width=\"1000\" height=\"667\" data-id=\"385217\" src=\"https:\/\/www.focolare.org\/wp-content\/uploads\/2025\/08\/JM.giubileodeigiovani.messafinale-26.jpg\" alt=\"\" class=\"wp-image-385217\" srcset=\"https:\/\/www.focolare.org\/wp-content\/uploads\/2025\/08\/JM.giubileodeigiovani.messafinale-26.jpg 1000w, https:\/\/www.focolare.org\/wp-content\/uploads\/2025\/08\/JM.giubileodeigiovani.messafinale-26-980x654.jpg 980w, https:\/\/www.focolare.org\/wp-content\/uploads\/2025\/08\/JM.giubileodeigiovani.messafinale-26-480x320.jpg 480w\" sizes=\"(min-width: 0px) and (max-width: 480px) 480px, (min-width: 481px) and (max-width: 980px) 980px, (min-width: 981px) 1000px, 100vw\" \/><\/figure>\n<\/figure>\n\n<div style=\"height:24px\" aria-hidden=\"true\" class=\"wp-block-spacer\"><\/div>\n\n<p>A semana do Jubileu, dedicada aos jovens, come\u00e7ou no dia 28 de julho e concluiu-se no domingo, 3 de agosto de 2025. Foram organizadas in\u00fameras atividades para receber quem chegava \u00e0 Roma para passar estes dias: visitas aos lugares hist\u00f3ricos, \u00e0s Bas\u00edlicas, eventos culturais, concertos, catequeses. <\/p>\n\n<p>Inclusive o Movimento dos Focolares prop\u00f4s quatro percursos especiais em Roma, seguindo a Peregrina\u00e7\u00e3o das Sete Igrejas, idealizada por S\u00e3o Felipe Neri: um itiner\u00e1rio hist\u00f3rico que acompanhou peregrinos desde o s\u00e9culo XVI. Um caminho de f\u00e9 e comunh\u00e3o fraterna, feito de ora\u00e7\u00e3o, cantos e reflex\u00f5es sobre a vida crist\u00e3, com atividades de grupo, catequeses e testemunhos, ajudados por um libreto de medita\u00e7\u00f5es, para um aprofundamento espiritual \u00e0 luz do carisma da unidade. O grande grupo que aderiu \u00e0 proposta era composto de jovens de l\u00edngua inglesa, h\u00fangara, holandesa, italiana, alem\u00e3, romena, coreana, espanhola e \u00e1rabe.  <\/p>\n\n<p>Toda a \u201cviagem\u201d teve como base quatro ideias-chave: peregrina\u00e7\u00e3o (um caminho), porta santa (uma abertura), esperan\u00e7a (olhar para frente), reconcilia\u00e7\u00e3o (gerar paz).<\/p>\n\n<p>\u201cEsperan\u00e7a\u201d \u00e9 a palavra que ecoou no testemunho de Samaher, jovem s\u00edria, de 28 anos: \u201cOs anos da minha inf\u00e2ncia foram dolorosos, escuros e solit\u00e1rios. A casa n\u00e3o era um lugar seguro para uma menina por causa dos conflitos, e nem a sociedade, por causa do bulismo. Enfrentava tudo sozinha, sem poder compartilhar com ningu\u00e9m, chegando a tentativas secretas de suic\u00eddio, devido \u00e0 forte depress\u00e3o e do medo. O Evangelho me transformou, depois que a vida se tinha apagado e tudo era escuro dentro de mim&#8230; ele me restituiu a luz\u201d.<\/p>\n\n<p>As catequeses foram realizadas no <a href=\"https:\/\/www.focolare.org\/pt-pt\/focolare-meeting-point\/\">Focolare meeting point<\/a>, feitas por <strong>Tommaso Bertolasi<\/strong> (fil\u00f3sofo), <strong>Anna Maria Rossi<\/strong> (linguista) e <strong>Luigino Bruni<\/strong> (economista). \u201cUm olhar que parte do amor e suscita amor, n\u00e3o \u00e9 o rosto mais concreto da esperan\u00e7a?\u201d, foi a pergunta provocat\u00f3ria dirigida por Anna Maria Rossi aos jovens peregrinos. <\/p>\n\n<figure class=\"wp-block-gallery has-nested-images columns-default is-cropped wp-block-gallery-2 is-layout-flex wp-block-gallery-is-layout-flex\">\n<figure class=\"wp-block-image size-large\"><img alt=\"\" alt=\"\" loading=\"lazy\" decoding=\"async\" width=\"1000\" height=\"667\" data-id=\"385232\" src=\"https:\/\/www.focolare.org\/wp-content\/uploads\/2025\/08\/giubileodeigiovani.giov31-099.jpg\" alt=\"\" class=\"wp-image-385232\" srcset=\"https:\/\/www.focolare.org\/wp-content\/uploads\/2025\/08\/giubileodeigiovani.giov31-099.jpg 1000w, https:\/\/www.focolare.org\/wp-content\/uploads\/2025\/08\/giubileodeigiovani.giov31-099-980x654.jpg 980w, https:\/\/www.focolare.org\/wp-content\/uploads\/2025\/08\/giubileodeigiovani.giov31-099-480x320.jpg 480w\" sizes=\"(min-width: 0px) and (max-width: 480px) 480px, (min-width: 481px) and (max-width: 980px) 980px, (min-width: 981px) 1000px, 100vw\" \/><\/figure>\n\n\n\n<figure class=\"wp-block-image size-large\"><img alt=\"\" alt=\"\" loading=\"lazy\" decoding=\"async\" width=\"1000\" height=\"667\" data-id=\"385237\" src=\"https:\/\/www.focolare.org\/wp-content\/uploads\/2025\/08\/JoaquinMasera.GiubileoGiovani.mart29-44.jpg\" alt=\"\" class=\"wp-image-385237\" srcset=\"https:\/\/www.focolare.org\/wp-content\/uploads\/2025\/08\/JoaquinMasera.GiubileoGiovani.mart29-44.jpg 1000w, https:\/\/www.focolare.org\/wp-content\/uploads\/2025\/08\/JoaquinMasera.GiubileoGiovani.mart29-44-980x654.jpg 980w, https:\/\/www.focolare.org\/wp-content\/uploads\/2025\/08\/JoaquinMasera.GiubileoGiovani.mart29-44-480x320.jpg 480w\" sizes=\"(min-width: 0px) and (max-width: 480px) 480px, (min-width: 481px) and (max-width: 980px) 980px, (min-width: 981px) 1000px, 100vw\" \/><\/figure>\n\n\n\n<figure class=\"wp-block-image size-large\"><img alt=\"\" alt=\"\" loading=\"lazy\" decoding=\"async\" width=\"1000\" height=\"667\" data-id=\"385227\" src=\"https:\/\/www.focolare.org\/wp-content\/uploads\/2025\/08\/JoaquinMasera.GiubileoGiovani.merc30-09.jpg\" alt=\"\" class=\"wp-image-385227\" srcset=\"https:\/\/www.focolare.org\/wp-content\/uploads\/2025\/08\/JoaquinMasera.GiubileoGiovani.merc30-09.jpg 1000w, https:\/\/www.focolare.org\/wp-content\/uploads\/2025\/08\/JoaquinMasera.GiubileoGiovani.merc30-09-980x654.jpg 980w, https:\/\/www.focolare.org\/wp-content\/uploads\/2025\/08\/JoaquinMasera.GiubileoGiovani.merc30-09-480x320.jpg 480w\" sizes=\"(min-width: 0px) and (max-width: 480px) 480px, (min-width: 481px) and (max-width: 980px) 980px, (min-width: 981px) 1000px, 100vw\" \/><\/figure>\n<\/figure>\n\n<div style=\"height:19px\" aria-hidden=\"true\" class=\"wp-block-spacer\"><\/div>\n\n<p>Jos\u00e9, 18 anos, do Panam\u00e1, confirmou isso em seu testemunho, falando do per\u00edodo de sua doen\u00e7a: \u201cA minha experi\u00eancia demonstra que, quando voc\u00ea coloca em pr\u00e1tica a arte de amar, que significa ver Jesus em todos, amar a todos, amar os inimigos, amar como a si mesmo, amar-nos reciprocamente&#8230; isso n\u00e3o apenas muda a sua vida, mas muda tamb\u00e9m a vida de outros. Justamente essa arte de amar, que muitas pessoas compartilharam comigo, criou um equil\u00edbrio t\u00e3o forte que me ajudou a n\u00e3o desabar nos momentos dif\u00edceis, sustentando-me e dando for\u00e7as diante de cada obst\u00e1culo que encontrei\u201d.<\/p>\n\n<p>Tamb\u00e9m La\u00eds, do Brasil, n\u00e3o escondeu os desafios encontrados com a separa\u00e7\u00e3o de seus pais: \u201cHouve momentos em que eu n\u00e3o entendia porque viviam separados, e queria que estivessem juntos novamente. Contudo, quando tive uma consci\u00eancia maior do que havia acontecido entre eles, pude fazer perguntas sinceras, e nenhum dos dois escondeu a verdade. Isso me ajudou a aceitar a realidade da nossa fam\u00edlia. Hoje eles t\u00eam uma rela\u00e7\u00e3o de amizade e, para mim, este \u00e9 um exemplo de maturidade, perd\u00e3o e amor verdadeiro, que supera as dificuldades e os erros. Recome\u00e7ar \u00e9 poss\u00edvel quando realmente nos deixamos envolver\u201d.<\/p>\n\n<p> Em v\u00e1rios momentos, o Papa Le\u00e3o fez interven\u00e7\u00f5es e sauda\u00e7\u00f5es fora do programa, como quando, na conclus\u00e3o da Missa de boas-vindas, quis se fazer presente, percorrendo, no \u201cpapam\u00f3vel\u201d, toda a Pra\u00e7a de S\u00e3o Pedro e a Via da Reconcilia\u00e7\u00e3o, lotada de jovens. Falando de improviso, ele disse: \u201c<strong>Esperamos que todos voc\u00eas sejam sempre sinais de esperan\u00e7a<\/strong>. (&#8230;) Caminhemos juntos com a nossa f\u00e9 em Jesus Cristo e <strong>o nosso grito deve ser tamb\u00e9m pela paz no mundo<\/strong>\u201d.   <\/p>\n\n<figure class=\"wp-block-gallery has-nested-images columns-default is-cropped wp-block-gallery-3 is-layout-flex wp-block-gallery-is-layout-flex\">\n<figure class=\"wp-block-image size-large\"><img alt=\"\" alt=\"\" loading=\"lazy\" decoding=\"async\" width=\"1000\" height=\"667\" data-id=\"385242\" src=\"https:\/\/www.focolare.org\/wp-content\/uploads\/2025\/08\/JoaquinMasera.GiubileoGiovani.merc30-30.jpg\" alt=\"\" class=\"wp-image-385242\" srcset=\"https:\/\/www.focolare.org\/wp-content\/uploads\/2025\/08\/JoaquinMasera.GiubileoGiovani.merc30-30.jpg 1000w, https:\/\/www.focolare.org\/wp-content\/uploads\/2025\/08\/JoaquinMasera.GiubileoGiovani.merc30-30-980x654.jpg 980w, https:\/\/www.focolare.org\/wp-content\/uploads\/2025\/08\/JoaquinMasera.GiubileoGiovani.merc30-30-480x320.jpg 480w\" sizes=\"(min-width: 0px) and (max-width: 480px) 480px, (min-width: 481px) and (max-width: 980px) 980px, (min-width: 981px) 1000px, 100vw\" \/><\/figure>\n\n\n\n<figure class=\"wp-block-image size-large\"><img alt=\"\" alt=\"\" loading=\"lazy\" decoding=\"async\" width=\"1000\" height=\"667\" data-id=\"385252\" src=\"https:\/\/www.focolare.org\/wp-content\/uploads\/2025\/08\/JoaquinMasera.GiubileoGiovani.mart29-01.jpg\" alt=\"\" class=\"wp-image-385252\" srcset=\"https:\/\/www.focolare.org\/wp-content\/uploads\/2025\/08\/JoaquinMasera.GiubileoGiovani.mart29-01.jpg 1000w, https:\/\/www.focolare.org\/wp-content\/uploads\/2025\/08\/JoaquinMasera.GiubileoGiovani.mart29-01-980x654.jpg 980w, https:\/\/www.focolare.org\/wp-content\/uploads\/2025\/08\/JoaquinMasera.GiubileoGiovani.mart29-01-480x320.jpg 480w\" sizes=\"(min-width: 0px) and (max-width: 480px) 480px, (min-width: 481px) and (max-width: 980px) 980px, (min-width: 981px) 1000px, 100vw\" \/><\/figure>\n\n\n\n<figure class=\"wp-block-image size-large\"><img alt=\"\" alt=\"\" loading=\"lazy\" decoding=\"async\" width=\"1000\" height=\"667\" data-id=\"385247\" src=\"https:\/\/www.focolare.org\/wp-content\/uploads\/2025\/08\/Papa-Leone.png\" alt=\"\" class=\"wp-image-385247\" srcset=\"https:\/\/www.focolare.org\/wp-content\/uploads\/2025\/08\/Papa-Leone.png 1000w, https:\/\/www.focolare.org\/wp-content\/uploads\/2025\/08\/Papa-Leone-980x654.png 980w, https:\/\/www.focolare.org\/wp-content\/uploads\/2025\/08\/Papa-Leone-480x320.png 480w\" sizes=\"(min-width: 0px) and (max-width: 480px) 480px, (min-width: 481px) and (max-width: 980px) 980px, (min-width: 981px) 1000px, 100vw\" \/><figcaption class=\"wp-element-caption\">\u00a9 Bautista Peralta<\/figcaption><\/figure>\n<\/figure>\n\n<div style=\"height:17px\" aria-hidden=\"true\" class=\"wp-block-spacer\"><\/div>\n\n<p>No s\u00e1bado, 2 de agosto, enquanto a natureza presenteava um p\u00f4r do sol maravilhoso, respondendo \u00e0s perguntas dos jovens, em Tor Vergata, O Papa reafirmou o seu apelo: \u201cQueridos jovens, queiram-se bem entre voc\u00eas! Querer-se bem em Cristo.  <strong>Saber ver Jesus nos outros. A amizade pode verdadeiramente mudar o mundo. A amizade \u00e9 um caminho para a paz  <\/strong>\u201d. E acrescentou: \u201cPara ser livres \u00e9 preciso partir do alicerce est\u00e1vel, da rocha que sustenta os nossos passos. Esta rocha \u00e9 um amor que nos precede, nos surpreende e nos supera infinitamente: \u00e9 o amor de Deus. (&#8230;) Encontramos a felicidade quando aprendemos a doar a n\u00f3s mesmos, a doar a vida pelos outros\u201d. E indicou o caminho para seguir Jesus: \u201cVoc\u00eas querem realmente encontrar o Senhor Ressuscitado? <strong>Escutem a sua palavra<\/strong>, que \u00e9 Evangelho de salva\u00e7\u00e3o! <strong>Busquem a justi\u00e7a<\/strong>, renovando o modo de viver, para construir um mundo mais humano! <strong>Sirvam o pobre<\/strong>, testemunhando o bem que queremos sempre receber do pr\u00f3ximo!\u201d. <\/p>\n\n<p>Na Santa Missa de domingo, o Papa Le\u00e3o disse aos jovens que somos feitos \u201cpara uma exist\u00eancia que se regenera constantemente na doa\u00e7\u00e3o, no amor. E assim aspiramos continuamente a algo \u2018a mais\u2019, que nenhuma realidade criada nos pode dar; sentimos uma sede grande e avassaladora, a tal ponto que nenhuma bebida deste mundo a pode extinguir\u201d. E concluiu a homilia com um convite de cora\u00e7\u00e3o: \u201cQueridos jovens, a nossa esperan\u00e7a \u00e9 Jesus. (&#8230;) <strong>Aspirem a coisas grandes, a santidade, em qualquer lugar onde estejam.<\/strong> N\u00e3o se contentem com menos\u201d.   <\/p>\n\n<p>Na sauda\u00e7\u00e3o final definiu estes dias \u201cuma cascata de gra\u00e7a para a Igreja e para o mundo inteiro\u201d. Reafirmando ainda o seu grito pela paz: \u201cEstamos com os jovens (&#8230;) de cada terra ensanguentada pelas guerras. (&#8230;) Voc\u00eas s\u00e3o o sinal que um mundo diferente \u00e9 poss\u00edvel: um mundo de fraternidade e amizade, onde os conflitos s\u00e3o enfrentados n\u00e3o com as armas, mas com o di\u00e1logo\u201d. <\/p>\n\n<hr class=\"wp-block-separator has-text-color has-luminous-vivid-orange-color has-alpha-channel-opacity has-luminous-vivid-orange-background-color has-background is-style-wide\"\/>\n\n<div class=\"wp-block-group has-background is-layout-constrained wp-block-group-is-layout-constrained\" style=\"background-color:#faf3d9\">\n<h2 class=\"wp-block-heading has-text-color has-link-color wp-elements-77567cd1510417d30c4218aad6b99650\" style=\"color:#6e0808;font-size:25px;line-height:1.4\"><strong><strong>Um companheiro ao teu lado<\/strong><\/strong><\/h2>\n\n\n\n<div class=\"wp-block-columns is-layout-flex wp-container-core-columns-is-layout-9d6595d7 wp-block-columns-is-layout-flex\">\n<div class=\"wp-block-column is-layout-flow wp-block-column-is-layout-flow\">\n<div class=\"wp-block-group is-layout-constrained wp-block-group-is-layout-constrained\">\n<p style=\"font-size:15px\">Conclui-se a experi\u00eancia \u00fanica e irrepet\u00edvel do Jubileu dos Jovens 2025. Nesta viagem incr\u00edvel n\u00f3s caminhamos, cantamos, caminhamos, dan\u00e7amos, nos alegramos, caminhamos, rezamos, rimos e caminhamos&#8230; arrastados por um objetivo comum a tantos companheiros de viagem. Sim, porque al\u00e9m do programa fant\u00e1stico que nos enriqueceu culturalmente e espiritualmente, ficar\u00e1 para sempre impressa nos nossos olhos a imagem de milhares de jovens, como n\u00f3s, que caminhavam. Talvez, se tiv\u00e9ssemos perguntado a algum deles qual era o seu objetivo, teria respondido algo como: \u201cestamos indo \u00e0 igreja de Santa Maria Maior\u201d, ou \u201cfinalmente vamos descansar&#8230;\u201d, mas estou convicto que, se tiv\u00e9ssemos perguntado como estavam fazendo aquilo, teriam contado, com olhos cheios de energia, sobre as can\u00e7\u00f5es que cantaram, os jovens com quem fizeram amizade e a plenitude de esp\u00edrito que estas caminhadas deram a eles. No fundo, para n\u00f3s o Jubileu foi isso, um caminho como nenhum outro, numa cidade como nenhuma outra,     <\/p>\n<\/div>\n<\/div>\n\n\n\n<div class=\"wp-block-column is-layout-flow wp-block-column-is-layout-flow\">\n<figure class=\"wp-block-image size-full is-resized\"><img alt=\"\" alt=\"\" loading=\"lazy\" decoding=\"async\" width=\"1000\" height=\"667\" src=\"https:\/\/www.focolare.org\/wp-content\/uploads\/2025\/08\/JM.giubileodeigiovani.messafinale-53.jpg\" alt=\"\" class=\"wp-image-385264\" style=\"width:378px;height:auto\" srcset=\"https:\/\/www.focolare.org\/wp-content\/uploads\/2025\/08\/JM.giubileodeigiovani.messafinale-53.jpg 1000w, https:\/\/www.focolare.org\/wp-content\/uploads\/2025\/08\/JM.giubileodeigiovani.messafinale-53-980x654.jpg 980w, https:\/\/www.focolare.org\/wp-content\/uploads\/2025\/08\/JM.giubileodeigiovani.messafinale-53-480x320.jpg 480w\" sizes=\"(min-width: 0px) and (max-width: 480px) 480px, (min-width: 481px) and (max-width: 980px) 980px, (min-width: 981px) 1000px, 100vw\" \/><\/figure>\n\n\n\n<p style=\"font-size:15px\">onde unem-se sonhos, esperan\u00e7as, alegrias e dores de um mar de pessoas, onde, se voc\u00ea caminha sozinho de qualquer forma tem um companheiro ao seu lado, onde o mundo \u00e9 contemporaneamente min\u00fasculo e imenso, onde tudo grita unidade. Voltamos para casa com uma recorda\u00e7\u00e3o que n\u00e3o se apagar\u00e1 facilmente, a recorda\u00e7\u00e3o de um Mundo Unido que se toma pela m\u00e3o e caminha, com a cabe\u00e7a erguida e o cora\u00e7\u00e3o cheio de um esp\u00edrito maior. <\/p>\n\n\n\n<p class=\"has-text-align-right\" style=\"font-size:13px\"><em>Mattia, Cal\u00e1bria (It\u00e1lia)<\/em><\/p>\n<\/div>\n<\/div>\n<\/div>\n\n<hr class=\"wp-block-separator has-text-color has-luminous-vivid-orange-color has-alpha-channel-opacity has-luminous-vivid-orange-background-color has-background is-style-wide\"\/>\n\n<div style=\"height:19px\" aria-hidden=\"true\" class=\"wp-block-spacer\"><\/div>\n\n<p class=\"has-text-align-right\"><em>Carlos Mana (com a colabora\u00e7\u00e3o de Paola Pepe)<\/em><br\/>\n  <em>Foto \u00a9 Joaqu\u00edn Masera &#8211; CSC Audiovisivi<\/em>\n<\/p>\n\n<p class=\"has-text-align-right\"><\/p>\n\n<div style=\"height:219px\" aria-hidden=\"true\" class=\"wp-block-spacer\"><\/div>\n\n<p class=\"has-text-align-right\"><\/p>\n","protected":false},"excerpt":{"rendered":"<p>Mais de um milh\u00e3o de jovens provenientes de 146 pa\u00edses: uma peregrina\u00e7\u00e3o feita de alegria, ao ritmo da m\u00fasica, capaz de sil\u00eancio e de escuta, alimentada pela f\u00e9, aberta \u00e0 esperan\u00e7a que implora a paz. <\/p>\n","protected":false},"author":34,"featured_media":385214,"comment_status":"open","ping_status":"open","sticky":false,"template":"","format":"standard","meta":{"give_campaign_id":0,"_seopress_robots_primary_cat":"","_seopress_titles_title":"","_seopress_titles_desc":"","_seopress_robots_index":"","_et_pb_use_builder":"","_et_pb_old_content":"","_et_gb_content_width":"","footnotes":""},"categories":[2951,2945,3288],"tags":[4094,3717,3391,3347,3922,3198],"class_list":["post-385308","post","type-post","status-publish","format-standard","has-post-thumbnail","hentry","category-chiesa-3","category-nuove-generazioni-3","category-testimonianze-di-vita-pt-pt","tag-di1","tag-giubileo-pt-pt","tag-jovens","tag-notifiche-pt-pt","tag-papa-leone-xiv-pt-pt","tag-ppg-pt-pt"],"_links":{"self":[{"href":"https:\/\/www.focolare.org\/pt-pt\/wp-json\/wp\/v2\/posts\/385308","targetHints":{"allow":["GET"]}}],"collection":[{"href":"https:\/\/www.focolare.org\/pt-pt\/wp-json\/wp\/v2\/posts"}],"about":[{"href":"https:\/\/www.focolare.org\/pt-pt\/wp-json\/wp\/v2\/types\/post"}],"author":[{"embeddable":true,"href":"https:\/\/www.focolare.org\/pt-pt\/wp-json\/wp\/v2\/users\/34"}],"replies":[{"embeddable":true,"href":"https:\/\/www.focolare.org\/pt-pt\/wp-json\/wp\/v2\/comments?post=385308"}],"version-history":[{"count":5,"href":"https:\/\/www.focolare.org\/pt-pt\/wp-json\/wp\/v2\/posts\/385308\/revisions"}],"predecessor-version":[{"id":388962,"href":"https:\/\/www.focolare.org\/pt-pt\/wp-json\/wp\/v2\/posts\/385308\/revisions\/388962"}],"wp:featuredmedia":[{"embeddable":true,"href":"https:\/\/www.focolare.org\/pt-pt\/wp-json\/wp\/v2\/media\/385214"}],"wp:attachment":[{"href":"https:\/\/www.focolare.org\/pt-pt\/wp-json\/wp\/v2\/media?parent=385308"}],"wp:term":[{"taxonomy":"category","embeddable":true,"href":"https:\/\/www.focolare.org\/pt-pt\/wp-json\/wp\/v2\/categories?post=385308"},{"taxonomy":"post_tag","embeddable":true,"href":"https:\/\/www.focolare.org\/pt-pt\/wp-json\/wp\/v2\/tags?post=385308"}],"curies":[{"name":"wp","href":"https:\/\/api.w.org\/{rel}","templated":true}]}}