{"id":386912,"date":"2025-09-01T05:00:00","date_gmt":"2025-09-01T03:00:00","guid":{"rendered":"https:\/\/www.focolare.org\/?p=386912"},"modified":"2025-09-01T07:11:31","modified_gmt":"2025-09-01T05:11:31","slug":"ninguem-para-tras","status":"publish","type":"post","link":"https:\/\/www.focolare.org\/pt-pt\/ninguem-para-tras\/","title":{"rendered":"Ningu\u00e9m para tr\u00e1s"},"content":{"rendered":"\n<p> \u201cAlguns alunos frequentavam as aulas de vez em quando, conta-nos um professor. Nas horas vagas, eu ia ao mercado perto da escola. Era o lugar em que eu esperava encontr\u00e1-los, porque tinha ouvido dizer que ali eles faziam uns trabalhos para ganhar alguma coisa. Um dia finalmente os vi e eles ficaram surpresos por eu ter ido procur\u00e1-los pessoalmente. Ficaram impressionados de ver o quanto eles eram importantes para toda a comunidade escolar. Ent\u00e3o recome\u00e7aram a frequentar a escola regularmente, o que foi uma verdadeira festa para todos\u201d.<\/p>\n\n<p> Este fato expressa o valor indispens\u00e1vel de cada ser humano. Ele nos fala de um acolhimento incondicional, de uma esperan\u00e7a que n\u00e3o desiste e da alegria compartilhada, que nasce quando a dignidade \u00e9 restaurada pela reintegra\u00e7\u00e3o de algu\u00e9m na comunidade como pessoa \u00fanica e insubstitu\u00edvel. <\/p>\n\n<p> H\u00e1 momentos na vida em que n\u00e3o conseguimos andar todos no mesmo ritmo. A nossa fragilidade, ou a dos outros, impede-nos de caminhar sempre ao lado de quem nos acompanha. As causas podem ser muitas: cansa\u00e7o, confus\u00e3o, sofrimento\u2026 Mas \u00e9 justamente nesses momentos que se ativa uma forma de amor profundamente humana e radicalmente comunit\u00e1ria: \u00e9 o amor atento que sabe parar e olhar para quem j\u00e1 n\u00e3o consegue acompanhar o ritmo, que se aproxima e n\u00e3o abandona. \u00c9 um amor que, como uma m\u00e3e ou um pai com seus filhos, re\u00fane, protege e acompanha. \u00c9 um amor paciente que olha o outro com compreens\u00e3o, respeito e confian\u00e7a. Trata-se de carregar os fardos uns dos outros, n\u00e3o como um dever, mas como uma escolha l\u00facida e livre de amor que se compromete a caminhar mais devagar, se necess\u00e1rio, para manter viva e unida a comunidade, familiar e\/ou social.     <\/p>\n\n<p> Este tipo de amor \u2013 que cuida do outro, que busca, que inclui \u2013 n\u00e3o faz distin\u00e7\u00f5es entre bons e maus, entre \u201cdignos\u201d e \u201cindignos\u201d. Ele nos lembra que todos n\u00f3s podemos nos sentir perdidos em algum momento e que a alegria coletiva de se reencontrar \u00e9 mais forte do que qualquer julgamento ou separa\u00e7\u00e3o. <\/p>\n\n<p> Essa ideia \u00e9 um convite a ver o outro n\u00e3o pelo que ele fez, mas pelo fato de que ele \u00e9 \u00fanico e digno de ser amado. Ela nos convida a viver a \u00e9tica do cuidado, sem deixar ningu\u00e9m para tr\u00e1s nem abandonar ningu\u00e9m, restabelecendo assim os la\u00e7os rompidos e celebrando juntos a contribui\u00e7\u00e3o para tornar o mundo um pouco mais humano. <\/p>\n\n<p> Martin Buber &#8211; fil\u00f3sofo judeu &#8211; refletindo sobre a profunda rela\u00e7\u00e3o entre as pessoas como lugar de verdade, afirma que a autenticidade n\u00e3o est\u00e1 no que fazemos sozinhos, mas no encontro com o outro, principalmente quando isso ocorre com respeito e gratuidade.<\/p>\n\n<p class=\"has-small-font-size\"><em>Foto: \u00a9 Sabine van Erp en Pixabay<\/em><\/p>\n\n<p>&#8212;&#8212;&#8212;&#8212;&#8212;&#8212;&#8212;&#8212;&#8212;&#8212;&#8211;<\/p>\n\n<p class=\"has-small-font-size\">A IDEIA DO M\u00caS, \u00e9 preparada pelo \u201cCentro do Di\u00e1logo com pessoas de convic\u00e7\u00f5es n\u00e3o religiosas\u201d do Movimento dos Focolares. \u00c9 uma iniciativa que nasceu no Uruguai em 2014 para compartilhar com os amigos que n\u00e3o creem em Deus os valores da Palavra de Vida, uma frase da Escritura que os membros do Movimento se comprometem a colocar em pr\u00e1tica. Atualmente, A IDEIA DO M\u00caS \u00e9 traduzida em doze idiomas e distribu\u00edda em mais de 25 pa\u00edses, adaptada em alguns deles segundo as exig\u00eancias culturais. www. dialogue4unity.focolare.org<\/p>\n","protected":false},"excerpt":{"rendered":"<p>Ideia do M\u00eas &#8211; Setembro de 2025<\/p>\n","protected":false},"author":33,"featured_media":387015,"comment_status":"open","ping_status":"open","sticky":false,"template":"","format":"standard","meta":{"give_campaign_id":0,"_seopress_robots_primary_cat":"","_seopress_titles_title":"","_seopress_titles_desc":"","_seopress_robots_index":"","_et_pb_use_builder":"","_et_pb_old_content":"","_et_gb_content_width":"","footnotes":""},"categories":[3435],"tags":[3347,3198],"class_list":["post-386912","post","type-post","status-publish","format-standard","has-post-thumbnail","hentry","category-ideia-do-mes","tag-notifiche-pt-pt","tag-ppg-pt-pt"],"_links":{"self":[{"href":"https:\/\/www.focolare.org\/pt-pt\/wp-json\/wp\/v2\/posts\/386912","targetHints":{"allow":["GET"]}}],"collection":[{"href":"https:\/\/www.focolare.org\/pt-pt\/wp-json\/wp\/v2\/posts"}],"about":[{"href":"https:\/\/www.focolare.org\/pt-pt\/wp-json\/wp\/v2\/types\/post"}],"author":[{"embeddable":true,"href":"https:\/\/www.focolare.org\/pt-pt\/wp-json\/wp\/v2\/users\/33"}],"replies":[{"embeddable":true,"href":"https:\/\/www.focolare.org\/pt-pt\/wp-json\/wp\/v2\/comments?post=386912"}],"version-history":[{"count":2,"href":"https:\/\/www.focolare.org\/pt-pt\/wp-json\/wp\/v2\/posts\/386912\/revisions"}],"predecessor-version":[{"id":387021,"href":"https:\/\/www.focolare.org\/pt-pt\/wp-json\/wp\/v2\/posts\/386912\/revisions\/387021"}],"wp:featuredmedia":[{"embeddable":true,"href":"https:\/\/www.focolare.org\/pt-pt\/wp-json\/wp\/v2\/media\/387015"}],"wp:attachment":[{"href":"https:\/\/www.focolare.org\/pt-pt\/wp-json\/wp\/v2\/media?parent=386912"}],"wp:term":[{"taxonomy":"category","embeddable":true,"href":"https:\/\/www.focolare.org\/pt-pt\/wp-json\/wp\/v2\/categories?post=386912"},{"taxonomy":"post_tag","embeddable":true,"href":"https:\/\/www.focolare.org\/pt-pt\/wp-json\/wp\/v2\/tags?post=386912"}],"curies":[{"name":"wp","href":"https:\/\/api.w.org\/{rel}","templated":true}]}}