{"id":386926,"date":"2025-09-02T05:00:00","date_gmt":"2025-09-02T03:00:00","guid":{"rendered":"https:\/\/www.focolare.org\/?p=386926"},"modified":"2025-10-10T15:14:43","modified_gmt":"2025-10-10T13:14:43","slug":"moyses-louro-azevedo-filho-precisamos-estar-abertos-ao-espirito-santo-para-construir-a-paz","status":"publish","type":"post","link":"https:\/\/www.focolare.org\/pt-pt\/moyses-louro-azevedo-filho-precisamos-estar-abertos-ao-espirito-santo-para-construir-a-paz\/","title":{"rendered":"Moys\u00e9s Louro Azevedo Filho: precisamos estar abertos ao Esp\u00edrito Santo para construir a Paz"},"content":{"rendered":"\n<p>De 4 a 6 de junho de 2025, na v\u00e9spera do Jubileu dos Movimentos \u2013 que reuniu diversas realidades eclesiais na Pra\u00e7a de S\u00e3o Pedro, convocadas pelo Papa Le\u00e3o XIV \u2013, realizou-se no Vaticano o Encontro Anual com moderadores das associa\u00e7\u00f5es de fi\u00e9is, dos movimentos eclesiais e das novas comunidades, do qual participou tamb\u00e9m o Movimento dos Focolares. Reunir os carismas para cooperar com o caminho de unidade na Igreja \u00e9 o desejo comum, que inspirou os diversos participantes em um momento hist\u00f3rico que nos apresenta um mundo extremamente dilacerado e polarizado. Compartilhamos a seguir algumas entrevistas com Presidentes e Fundadores, os quais ressaltam a profunda exig\u00eancia de se sentirem irm\u00e3os nesse percurso e, ao mesmo tempo, a gratid\u00e3o por colocarem-se a servi\u00e7o, todos juntos, para fortalecer a esperan\u00e7a.<\/p>\n\n<p>Vamos ouvir <strong>Moys\u00e9s Louro Azevedo Filho<\/strong><\/p>\n\n<p><em><strong>Ative as legendas e escolha o idioma<\/strong><\/em><\/p>\n\n<figure class=\"wp-block-embed is-type-video is-provider-youtube wp-block-embed-youtube wp-embed-aspect-16-9 wp-has-aspect-ratio\"><div class=\"wp-block-embed__wrapper\">\n<iframe loading=\"lazy\" title=\"Moys\u00e9s Louro Azevedo Filho: aperti allo Spirito Santo per costruire la Pace\" width=\"1080\" height=\"608\" src=\"https:\/\/www.youtube.com\/embed\/Hj1iuFTh1L8?feature=oembed\"  allow=\"accelerometer; autoplay; clipboard-write; encrypted-media; gyroscope; picture-in-picture; web-share\" referrerpolicy=\"strict-origin-when-cross-origin\" allowfullscreen><\/iframe>\n<\/div><\/figure>\n\n<div style=\"height:153px\" aria-hidden=\"true\" class=\"wp-block-spacer\"><\/div>\n","protected":false},"excerpt":{"rendered":"<p>Entrevista com o fundador da Comunidade Cat\u00f3lica Shalom<\/p>\n","protected":false},"author":34,"featured_media":386918,"comment_status":"open","ping_status":"open","sticky":false,"template":"","format":"standard","meta":{"give_campaign_id":0,"_seopress_robots_primary_cat":"","_seopress_titles_title":"","_seopress_titles_desc":"","_seopress_robots_index":"","_et_pb_use_builder":"","_et_pb_old_content":"","_et_gb_content_width":"","footnotes":""},"categories":[2951],"tags":[4000,4102,3812,3347,3198],"class_list":["post-386926","post","type-post","status-publish","format-standard","has-post-thumbnail","hentry","category-chiesa-3","tag-comunita-shalom-pt-pt","tag-di1-pt-pt","tag-movimenti-ecclesiali-pt-pt-2","tag-notifiche-pt-pt","tag-ppg-pt-pt"],"_links":{"self":[{"href":"https:\/\/www.focolare.org\/pt-pt\/wp-json\/wp\/v2\/posts\/386926","targetHints":{"allow":["GET"]}}],"collection":[{"href":"https:\/\/www.focolare.org\/pt-pt\/wp-json\/wp\/v2\/posts"}],"about":[{"href":"https:\/\/www.focolare.org\/pt-pt\/wp-json\/wp\/v2\/types\/post"}],"author":[{"embeddable":true,"href":"https:\/\/www.focolare.org\/pt-pt\/wp-json\/wp\/v2\/users\/34"}],"replies":[{"embeddable":true,"href":"https:\/\/www.focolare.org\/pt-pt\/wp-json\/wp\/v2\/comments?post=386926"}],"version-history":[{"count":3,"href":"https:\/\/www.focolare.org\/pt-pt\/wp-json\/wp\/v2\/posts\/386926\/revisions"}],"predecessor-version":[{"id":386966,"href":"https:\/\/www.focolare.org\/pt-pt\/wp-json\/wp\/v2\/posts\/386926\/revisions\/386966"}],"wp:featuredmedia":[{"embeddable":true,"href":"https:\/\/www.focolare.org\/pt-pt\/wp-json\/wp\/v2\/media\/386918"}],"wp:attachment":[{"href":"https:\/\/www.focolare.org\/pt-pt\/wp-json\/wp\/v2\/media?parent=386926"}],"wp:term":[{"taxonomy":"category","embeddable":true,"href":"https:\/\/www.focolare.org\/pt-pt\/wp-json\/wp\/v2\/categories?post=386926"},{"taxonomy":"post_tag","embeddable":true,"href":"https:\/\/www.focolare.org\/pt-pt\/wp-json\/wp\/v2\/tags?post=386926"}],"curies":[{"name":"wp","href":"https:\/\/api.w.org\/{rel}","templated":true}]}}