{"id":387004,"date":"2025-09-05T05:00:00","date_gmt":"2025-09-05T03:00:00","guid":{"rendered":"https:\/\/www.focolare.org\/?p=387004"},"modified":"2025-09-05T08:54:43","modified_gmt":"2025-09-05T06:54:43","slug":"equador-uma-opcao-intercultural-na-america-latina","status":"publish","type":"post","link":"https:\/\/www.focolare.org\/pt-pt\/equador-uma-opcao-intercultural-na-america-latina\/","title":{"rendered":"Equador: uma op\u00e7\u00e3o intercultural na Am\u00e9rica Latina"},"content":{"rendered":"\n<figure class=\"wp-block-embed is-type-video is-provider-youtube wp-block-embed-youtube wp-embed-aspect-16-9 wp-has-aspect-ratio\"><div class=\"wp-block-embed__wrapper\">\n<iframe loading=\"lazy\" title=\"Equador: uma op\u00e7\u00e3o intercultural na Am\u00e9rica Latina\" width=\"1080\" height=\"608\" src=\"https:\/\/www.youtube.com\/embed\/-DE3wgSa95w?feature=oembed\"  allow=\"accelerometer; autoplay; clipboard-write; encrypted-media; gyroscope; picture-in-picture; web-share\" referrerpolicy=\"strict-origin-when-cross-origin\" allowfullscreen><\/iframe>\n<\/div><\/figure>\n\n\n\n<div style=\"height:145px\" aria-hidden=\"true\" class=\"wp-block-spacer\"><\/div>\n","protected":false},"excerpt":{"rendered":"<p>Uma centena de pessoas, representando quase todos os pa\u00edses da Am\u00e9rica Latina e do Caribe, reuniram-se no Equador, de 1\u00ba a 4 de maio de 2025, para participar do \u201cRimarishun\u201d, uma experi\u00eancia intercultural baseada em um exerc\u00edcio de di\u00e1logo entre a cosmovis\u00e3o andina e caribenha dos povos nativos e o carisma da unidade. <\/p>\n","protected":false},"author":34,"featured_media":386996,"comment_status":"open","ping_status":"open","sticky":false,"template":"","format":"standard","meta":{"give_campaign_id":0,"_seopress_robots_primary_cat":"","_seopress_titles_title":"","_seopress_titles_desc":"","_seopress_robots_index":"","_et_pb_use_builder":"","_et_pb_old_content":"","_et_gb_content_width":"","footnotes":""},"categories":[2962,3176],"tags":[3347,3198],"class_list":["post-387004","post","type-post","status-publish","format-standard","has-post-thumbnail","hentry","category-cultura-3","category-social","tag-notifiche-pt-pt","tag-ppg-pt-pt"],"_links":{"self":[{"href":"https:\/\/www.focolare.org\/pt-pt\/wp-json\/wp\/v2\/posts\/387004","targetHints":{"allow":["GET"]}}],"collection":[{"href":"https:\/\/www.focolare.org\/pt-pt\/wp-json\/wp\/v2\/posts"}],"about":[{"href":"https:\/\/www.focolare.org\/pt-pt\/wp-json\/wp\/v2\/types\/post"}],"author":[{"embeddable":true,"href":"https:\/\/www.focolare.org\/pt-pt\/wp-json\/wp\/v2\/users\/34"}],"replies":[{"embeddable":true,"href":"https:\/\/www.focolare.org\/pt-pt\/wp-json\/wp\/v2\/comments?post=387004"}],"version-history":[{"count":4,"href":"https:\/\/www.focolare.org\/pt-pt\/wp-json\/wp\/v2\/posts\/387004\/revisions"}],"predecessor-version":[{"id":387141,"href":"https:\/\/www.focolare.org\/pt-pt\/wp-json\/wp\/v2\/posts\/387004\/revisions\/387141"}],"wp:featuredmedia":[{"embeddable":true,"href":"https:\/\/www.focolare.org\/pt-pt\/wp-json\/wp\/v2\/media\/386996"}],"wp:attachment":[{"href":"https:\/\/www.focolare.org\/pt-pt\/wp-json\/wp\/v2\/media?parent=387004"}],"wp:term":[{"taxonomy":"category","embeddable":true,"href":"https:\/\/www.focolare.org\/pt-pt\/wp-json\/wp\/v2\/categories?post=387004"},{"taxonomy":"post_tag","embeddable":true,"href":"https:\/\/www.focolare.org\/pt-pt\/wp-json\/wp\/v2\/tags?post=387004"}],"curies":[{"name":"wp","href":"https:\/\/api.w.org\/{rel}","templated":true}]}}