{"id":387542,"date":"2025-09-19T05:00:00","date_gmt":"2025-09-19T03:00:00","guid":{"rendered":"https:\/\/www.focolare.org\/?p=387542"},"modified":"2025-09-18T10:24:57","modified_gmt":"2025-09-18T08:24:57","slug":"estados-unidos-reencontrar-a-unidade-num-mundo-polarizado","status":"publish","type":"post","link":"https:\/\/www.focolare.org\/pt-pt\/estados-unidos-reencontrar-a-unidade-num-mundo-polarizado\/","title":{"rendered":"Estados Unidos: reencontrar a unidade num mundo polarizado"},"content":{"rendered":"\n<p>A viol\u00eancia \u2013 tamb\u00e9m verbal \u2013 parece ser cada vez mais uma caracter\u00edstica da nossa \u00e9poca. Nas redes sociais, as divis\u00f5es tornam-se virais e criam ainda mais \u00f3dio, acentuam as polariza\u00e7\u00f5es e fecham o di\u00e1logo. N\u00e3o \u00e9 f\u00e1cil sair desse circuito. Phil e Laura s\u00e3o norte-americanos: Phil mora em Tucson, no Arizona, e Laura \u00e9 de Boston. Politicamente, eles est\u00e3o em lados opostos, mas compartilham o carisma da unidade e o compromisso de viver o Evangelho todos os dias. Aqui, eles contam como descobriram que n\u00e3o apenas a palavra, mas tamb\u00e9m a escuta sincera, podem abrir brechas nas paredes das convic\u00e7\u00f5es mais obstinadas.     <\/p>\n\n<p><em><strong>Ative as legendas e escolha o idioma<\/strong><\/em><\/p>\n\n<div style=\"height:18px\" aria-hidden=\"true\" class=\"wp-block-spacer\"><\/div>\n\n<figure class=\"wp-block-embed is-provider-youtube wp-block-embed-youtube\"><div class=\"wp-block-embed__wrapper\">\n<iframe loading=\"lazy\" title=\"Reclaiming Unity in a Polarized World\" width=\"1080\" height=\"608\" src=\"https:\/\/www.youtube.com\/embed\/P2OgESXKvQ0?feature=oembed\"  allow=\"accelerometer; autoplay; clipboard-write; encrypted-media; gyroscope; picture-in-picture; web-share\" referrerpolicy=\"strict-origin-when-cross-origin\" allowfullscreen><\/iframe>\n<\/div><\/figure>\n\n<div style=\"height:149px\" aria-hidden=\"true\" class=\"wp-block-spacer\"><\/div>\n","protected":false},"excerpt":{"rendered":"<p>Politicamente em frentes opostos, Phil e Laura partilham o carisma da unidade e o compromisso de viver o Evangelho todos os dias. \u00c9 da\u00ed que tiram for\u00e7a e esperan\u00e7a para superar as polariza\u00e7\u00f5es e dialogar para construir, entre eles e com muitos outros. <\/p>\n","protected":false},"author":34,"featured_media":387531,"comment_status":"open","ping_status":"open","sticky":false,"template":"","format":"standard","meta":{"give_campaign_id":0,"_seopress_robots_primary_cat":"","_seopress_titles_title":"","_seopress_titles_desc":"","_seopress_robots_index":"","_et_pb_use_builder":"","_et_pb_old_content":"","_et_gb_content_width":"","footnotes":""},"categories":[2962,3176,3288],"tags":[4039,3347,3198],"class_list":["post-387542","post","type-post","status-publish","format-standard","has-post-thumbnail","hentry","category-cultura-3","category-social","category-testimonianze-di-vita-pt-pt","tag-fraternita-in-politica-pt-pt","tag-notifiche-pt-pt","tag-ppg-pt-pt"],"_links":{"self":[{"href":"https:\/\/www.focolare.org\/pt-pt\/wp-json\/wp\/v2\/posts\/387542","targetHints":{"allow":["GET"]}}],"collection":[{"href":"https:\/\/www.focolare.org\/pt-pt\/wp-json\/wp\/v2\/posts"}],"about":[{"href":"https:\/\/www.focolare.org\/pt-pt\/wp-json\/wp\/v2\/types\/post"}],"author":[{"embeddable":true,"href":"https:\/\/www.focolare.org\/pt-pt\/wp-json\/wp\/v2\/users\/34"}],"replies":[{"embeddable":true,"href":"https:\/\/www.focolare.org\/pt-pt\/wp-json\/wp\/v2\/comments?post=387542"}],"version-history":[{"count":1,"href":"https:\/\/www.focolare.org\/pt-pt\/wp-json\/wp\/v2\/posts\/387542\/revisions"}],"predecessor-version":[{"id":387543,"href":"https:\/\/www.focolare.org\/pt-pt\/wp-json\/wp\/v2\/posts\/387542\/revisions\/387543"}],"wp:featuredmedia":[{"embeddable":true,"href":"https:\/\/www.focolare.org\/pt-pt\/wp-json\/wp\/v2\/media\/387531"}],"wp:attachment":[{"href":"https:\/\/www.focolare.org\/pt-pt\/wp-json\/wp\/v2\/media?parent=387542"}],"wp:term":[{"taxonomy":"category","embeddable":true,"href":"https:\/\/www.focolare.org\/pt-pt\/wp-json\/wp\/v2\/categories?post=387542"},{"taxonomy":"post_tag","embeddable":true,"href":"https:\/\/www.focolare.org\/pt-pt\/wp-json\/wp\/v2\/tags?post=387542"}],"curies":[{"name":"wp","href":"https:\/\/api.w.org\/{rel}","templated":true}]}}