{"id":387555,"date":"2025-10-01T05:00:00","date_gmt":"2025-10-01T03:00:00","guid":{"rendered":"https:\/\/www.focolare.org\/?p=387555"},"modified":"2025-09-19T07:13:31","modified_gmt":"2025-09-19T05:13:31","slug":"meu-socorro-vem-do-senhor-que-fez-o-ceu-e-a-terra-sl-1211202","status":"publish","type":"post","link":"https:\/\/www.focolare.org\/pt-pt\/meu-socorro-vem-do-senhor-que-fez-o-ceu-e-a-terra-sl-1211202\/","title":{"rendered":"\u201cMeu socorro vem do Senhor, que fez o c\u00e9u e a terra.\u201d (Sl 121[120],2)"},"content":{"rendered":"\n<p>Quem nunca, na vida, sentiu que n\u00e3o daria conta de certas situa\u00e7\u00f5es? <\/p>\n\n<p>Tamb\u00e9m o autor do Salmo 121 experimentou isso ao passar por circunst\u00e2ncias dif\u00edceis, e perguntou a si mesmo de onde poderia vir a ajuda de que tanto precisava. <\/p>\n\n<p>A resposta \u00e9 a afirma\u00e7\u00e3o da sua f\u00e9 em Deus, em quem confia. A convic\u00e7\u00e3o com a qual ele fala do Senhor sempre vigilante, que protege cada pessoa e todo o povo, expressa uma certeza que parece brotar de uma profunda experi\u00eancia pessoal. <\/p>\n\n<p><strong> \u201cMeu socorro vem do Senhor, que fez o c\u00e9u e a terra.\u201d <\/strong><\/p>\n\n<p>O que segue nesse salmo \u00e9, com efeito, o an\u00fancio de um Deus poderoso e amoroso, que criou tudo o que existe e que cuida de tudo, dia e noite. O Senhor \u201cn\u00e3o permitir\u00e1 que teu p\u00e9 vacile; n\u00e3o cochilar\u00e1, aquele que te guarda\u201d<a href=\"#_ftn1\" id=\"_ftnref1\">[1]<\/a>, afirma o salmista, desejoso de convencer seu leitor.  <\/p>\n\n<p>Cercado pelas dificuldades, o autor levantou os olhos <a href=\"#_ftn2\" id=\"_ftnref2\">[2]<\/a>, buscou um sustento fora e al\u00e9m de seu \u00e2mbito mais imediato e encontrou uma resposta.<\/p>\n\n<p>Ele experimentou que a ajuda vem Daquele que pensou cada criatura e lhe deu vida, que a sustenta continuamente, em cada momento, e que jamais a abandona <a href=\"#_ftn3\" id=\"_ftnref3\">[3]<\/a>. <\/p>\n\n<p>Ele acredita firmemente neste Deus que vigia dia e noite sobre todo o povo: Deus \u00e9 \u201caquele que guarda Israel\u201d <a href=\"#_ftn4\" id=\"_ftnref4\">[4]<\/a>. O salmista acredita nisso a tal ponto que n\u00e3o pode deixar de comunic\u00e1-lo aos outros.<\/p>\n\n<p><strong> \u201cMeu socorro vem do Senhor, que fez o c\u00e9u e a terra.\u201d <\/strong><\/p>\n\n<p> Nos momentos de incerteza, ang\u00fastia e suspens\u00e3o \u2013 afirma Chiara Lubich \u2013 \u201cDeus quer que acreditemos no seu amor e pede a n\u00f3s um ato de confian\u00e7a: (&#8230;) Ele deseja que tiremos proveito dessas circunst\u00e2ncias dolorosas para demonstrar-lhe que acreditamos no seu amor. Isso significa acreditar que Ele \u00e9 nosso Pai e cuida de n\u00f3s; significa, portanto, lan\u00e7ar nas m\u00e3os Dele todas as nossas preocupa\u00e7\u00f5es, descarreg\u00e1-las sobre Ele\u201d<a href=\"#_ftn5\" id=\"_ftnref5\">[5]<\/a><\/p>\n\n<p>Mas essa ajuda que vem de Deus, de que forma chega at\u00e9 cada um de n\u00f3s? <\/p>\n\n<p>A Sagrada Escritura narra muitos epis\u00f3dios em que isso se realiza por meio da a\u00e7\u00e3o de homens e de mulheres como Mois\u00e9s, Elias, Eliseu ou Ester, chamados a serem instrumentos da solicitude divina para o povo ou para alguma pessoa em particular.<\/p>\n\n<p>Tamb\u00e9m n\u00f3s, se \u201clevantarmos os olhos\u201d, reconheceremos a a\u00e7\u00e3o de pessoas que, consciente ou inconscientemente, v\u00eam em nosso aux\u00edlio. Seremos gratos a Deus do qual, em \u00faltima an\u00e1lise, prov\u00e9m todo bem (pois Ele criou o cora\u00e7\u00e3o de cada pessoa) e poderemos testemunh\u00e1-lo aos outros. <\/p>\n\n<p>Claro que \u00e9 dif\u00edcil perceber isso se estivermos fechados em n\u00f3s mesmos e, nos momentos dif\u00edceis, pensarmos no modo de super\u00e1-los apenas com as nossas pr\u00f3prias for\u00e7as. <\/p>\n\n<p>Mas, ao contr\u00e1rio, quando nos abrimos, olhamos ao nosso redor e levantamos os olhos, descobrimos tamb\u00e9m que n\u00f3s mesmos podemos ser instrumentos de Deus que tudo prov\u00ea para seus filhos. Percebemos as necessidades dos outros e podemos ser uma ajuda preciosa para eles.  <\/p>\n\n<p><strong> \u201cMeu socorro vem do Senhor, que fez o c\u00e9u e a terra.\u201d <\/strong><\/p>\n\n<p>Roger, da Costa Rica, nos conta: \u201cUm padre conhecido meu me avisou que algu\u00e9m viria buscar um material de assist\u00eancia m\u00e9dica que o grupo de solidariedade ao qual perten\u00e7o havia providenciado. Era para um de seus paroquianos. Enquanto eu esperava esse portador, vi passar na frente de casa uma vizinha que se encontrava numa situa\u00e7\u00e3o muito dif\u00edcil. Ent\u00e3o eu resolvi dar a ela alguns mantimentos, junto com os \u00faltimos sete ovos que t\u00ednhamos em casa. Ela ficou surpresa porque de fato, naquele dia, ela, o marido e os filhos n\u00e3o tinham nada para comer. Lembrei-a do convite de Jesus: \u2018Pedi e vos ser\u00e1 dado\u2019 (<em>Mt <\/em>7,7), enfatizando que Ele est\u00e1 atento \u00e0s nossas necessidades. Ela voltou para casa feliz, agradecendo a Deus.      <\/p>\n\n<p>Mais tarde, chegou a pessoa mandada pelo padre. Ofereci-lhe um caf\u00e9. Ele era caminhoneiro. Durante a conversa, eu lhe perguntei o que estava transportando. \u2018Ovos\u2019, respondeu ele, e fez quest\u00e3o de me dar trinta e dois ovos\u201d.    <\/p>\n\n<p class=\"has-text-align-right\"><em>Org.: Silvano Malini <br\/>com a comiss\u00e3o da Palavra de Vida<\/em><\/p>\n\n<hr class=\"wp-block-separator has-alpha-channel-opacity\"\/>\n\n<p class=\"has-small-font-size\"><a href=\"#_ftnref1\" id=\"_ftn1\">[1]<\/a><em>Sal<\/em> 121 [120], 3<br\/><a href=\"#_ftnref2\" id=\"_ftn2\">[2]<\/a>Cf. Id., versiculo 1.<br\/><a href=\"#_ftnref3\" id=\"_ftn3\">[3]<\/a>Cf. Id., v. 8. <br\/><a href=\"#_ftnref4\" id=\"_ftn4\">[4]<\/a>Id., v. 4.<br\/><a href=\"#_ftnref5\" id=\"_ftn5\">[5]<\/a> C. Lubich, <em>Buscar ad coisas do alto,<\/em> Sao Paulo: Cidade Nova 1993 p. 23-24<br\/><\/p>\n\n<p class=\"has-small-font-size\"><em>Fotos &#8211; \u00a9Louis-Hansel-Unsplash <\/em><\/p>\n\n<div style=\"height:174px\" aria-hidden=\"true\" class=\"wp-block-spacer\"><\/div>\n","protected":false},"excerpt":{"rendered":"<p>Palavra de Vida \u2013 Outubro de 2025<\/p>\n","protected":false},"author":34,"featured_media":387372,"comment_status":"open","ping_status":"open","sticky":false,"template":"","format":"standard","meta":{"give_campaign_id":0,"_seopress_robots_primary_cat":"","_seopress_titles_title":"","_seopress_titles_desc":"","_seopress_robots_index":"","_et_pb_use_builder":"","_et_pb_old_content":"","_et_gb_content_width":"","footnotes":""},"categories":[3602],"tags":[3347,3198],"class_list":["post-387555","post","type-post","status-publish","format-standard","has-post-thumbnail","hentry","category-parola-di-vita-pt-pt","tag-notifiche-pt-pt","tag-ppg-pt-pt"],"_links":{"self":[{"href":"https:\/\/www.focolare.org\/pt-pt\/wp-json\/wp\/v2\/posts\/387555","targetHints":{"allow":["GET"]}}],"collection":[{"href":"https:\/\/www.focolare.org\/pt-pt\/wp-json\/wp\/v2\/posts"}],"about":[{"href":"https:\/\/www.focolare.org\/pt-pt\/wp-json\/wp\/v2\/types\/post"}],"author":[{"embeddable":true,"href":"https:\/\/www.focolare.org\/pt-pt\/wp-json\/wp\/v2\/users\/34"}],"replies":[{"embeddable":true,"href":"https:\/\/www.focolare.org\/pt-pt\/wp-json\/wp\/v2\/comments?post=387555"}],"version-history":[{"count":1,"href":"https:\/\/www.focolare.org\/pt-pt\/wp-json\/wp\/v2\/posts\/387555\/revisions"}],"predecessor-version":[{"id":387556,"href":"https:\/\/www.focolare.org\/pt-pt\/wp-json\/wp\/v2\/posts\/387555\/revisions\/387556"}],"wp:featuredmedia":[{"embeddable":true,"href":"https:\/\/www.focolare.org\/pt-pt\/wp-json\/wp\/v2\/media\/387372"}],"wp:attachment":[{"href":"https:\/\/www.focolare.org\/pt-pt\/wp-json\/wp\/v2\/media?parent=387555"}],"wp:term":[{"taxonomy":"category","embeddable":true,"href":"https:\/\/www.focolare.org\/pt-pt\/wp-json\/wp\/v2\/categories?post=387555"},{"taxonomy":"post_tag","embeddable":true,"href":"https:\/\/www.focolare.org\/pt-pt\/wp-json\/wp\/v2\/tags?post=387555"}],"curies":[{"name":"wp","href":"https:\/\/api.w.org\/{rel}","templated":true}]}}