{"id":388324,"date":"2025-10-04T18:51:35","date_gmt":"2025-10-04T16:51:35","guid":{"rendered":"https:\/\/www.focolare.org\/?p=388324"},"modified":"2025-10-08T21:45:30","modified_gmt":"2025-10-08T19:45:30","slug":"papa-leao-xiv-inaugura-a-conferencia-raising-hope-o-que-ainda-falta-fazer-depois-da-laudato-si","status":"publish","type":"post","link":"https:\/\/www.focolare.org\/pt-pt\/papa-leao-xiv-inaugura-a-conferencia-raising-hope-o-que-ainda-falta-fazer-depois-da-laudato-si\/","title":{"rendered":"Papa Le\u00e3o XIV inaugura a Confer\u00eancia Raising Hope: o que ainda falta fazer depois da Laudato Si\u2019?"},"content":{"rendered":"\n<p>Na tarde de 1\u00ba de outubro, no Centro Internacional Mari\u00e1polis do Movimento dos Focolares em Castel Gandolfo, Roma, inaugurou-se a Confer\u00eancia Raising Hope com a participa\u00e7\u00e3o de Sua Santidade Le\u00e3o XIV, ao lado de figuras de destaque como Arnold Schwarzenegger, ex-governador da Calif\u00f3rnia, e a Hon. Marina Silva, Ministra do Meio Ambiente e Mudan\u00e7a Clim\u00e1tica do Brasil. <\/p>\n\n<p>A sess\u00e3o reuniu testemunhos, momentos espirituais e art\u00edsticos, em a\u00e7\u00e3o de gra\u00e7as pelo 10\u00ba anivers\u00e1rio da enc\u00edclica Laudato Si\u2019. Representando o Movimento <em>Laudato Si\u2019<\/em>, participaram Christina Lea\u00f1o, diretora associada, e Igor Bastos, diretor no Brasil, que presidiram a abertura do dia. <\/p>\n\n<p>Um momento simb\u00f3lico ocorreu quando o Papa Le\u00e3o XIV tocou e aben\u00e7oou um bloco de gelo com mais de 20.000 anos, desprendido de uma geleira da Groenl\u00e2ndia devido \u00e0s mudan\u00e7as clim\u00e1ticas, bem como \u00e1guas trazidas de diversas partes do mundo \u2014 gestos que expressaram compaix\u00e3o e preocupa\u00e7\u00e3o pelo grito da Terra e dos pobres.<\/p>\n\n<p class=\"has-text-color has-link-color wp-elements-9aee7fcdcb9ca467031ec34a00bde2a4\" style=\"color:#991515\"><strong>Laudato Si\u2019: o que ainda falta fazer?<\/strong><\/p>\n\n<p>\u201cEsta Enc\u00edclica inspirou profundamente a Igreja Cat\u00f3lica e muitas pessoas de boa vontade\u201d, come\u00e7ou o Papa Le\u00e3o no seu discurso sobre a <em>Laudato Si\u2019<\/em>, \u201cela abriu um forte di\u00e1logo, grupos de reflex\u00e3o e programas acad\u00eamicos.\u201d O Papa destacou como a enc\u00edclica de seu predecessor se espalhou \u201cpara c\u00fapulas internacionais, para o di\u00e1logo ecum\u00eanico e inter-religioso, para os c\u00edrculos econ\u00f4micos e empresariais, para os estudos teol\u00f3gicos e bio\u00e9ticos.\u201d <\/p>\n\n<p>Agradecendo ao Pai celeste \u201cpor este dom que herdamos do Papa Francisco\u201d, Le\u00e3o sublinhou que hoje os desafios ambientais e sociais s\u00e3o ainda mais urgentes. Neste anivers\u00e1rio devemos nos perguntar: \u201cO que ainda falta fazer? O que devemos fazer agora para garantir que o cuidado da nossa casa comum e a escuta do clamor da terra e dos pobres n\u00e3o pare\u00e7am modas passageiras ou, pior ainda, sejam vistas e sentidas como quest\u00f5es divisivas?\u201d, indagou. <\/p>\n\n<figure class=\"wp-block-image aligncenter size-full is-resized\"><img alt=\"\" alt=\"\" loading=\"lazy\" decoding=\"async\" width=\"756\" height=\"291\" src=\"https:\/\/www.focolare.org\/wp-content\/uploads\/2025\/10\/DSC00406-e1759349186284.jpg\" alt=\"\" class=\"wp-image-388267\" style=\"width:823px;height:auto\" srcset=\"https:\/\/www.focolare.org\/wp-content\/uploads\/2025\/10\/DSC00406-e1759349186284.jpg 756w, https:\/\/www.focolare.org\/wp-content\/uploads\/2025\/10\/DSC00406-e1759349186284-480x270.jpg 480w\" sizes=\"(min-width: 0px) and (max-width: 480px) 480px, (min-width: 481px) 756px, 100vw\" \/><\/figure>\n\n<div style=\"height:34px\" aria-hidden=\"true\" class=\"wp-block-spacer\"><\/div>\n\n<p class=\"has-text-color has-link-color wp-elements-8464d1b1d4566ea4d7f4974e89ddff6a\" style=\"color:#991515\"><strong>Voltar ao cora\u00e7\u00e3o: da coleta de dados ao cuidado<\/strong><\/p>\n\n<p>\u201cHoje, mais do que nunca, \u00e9 necess\u00e1rio voltar ao cora\u00e7\u00e3o, lugar da liberdade e das decis\u00f5es aut\u00eanticas\u201d, afirmou o Pont\u00edfice, porque embora ele \u201cinclua a raz\u00e3o\u201d, tamb\u00e9m \u201ca transcende e a transforma.\u201d \u201cO cora\u00e7\u00e3o \u00e9 o lugar onde a realidade externa tem maior impacto, onde ocorre a busca mais profunda, onde se descobrem os desejos mais aut\u00eanticos, onde se encontra a identidade \u00faltima de cada um e onde as decis\u00f5es s\u00e3o forjadas.\u201d <\/p>\n\n<p>Nesse sentido, destacou que \u201csomente voltando ao cora\u00e7\u00e3o pode acontecer uma verdadeira convers\u00e3o ecol\u00f3gica.\u201d \u201cDevemos passar da coleta de dados ao cuidado; e do discurso ambientalista a uma convers\u00e3o ecol\u00f3gica que transforme os estilos de vida pessoais e comunit\u00e1rios.\u201d <\/p>\n\n<p>Le\u00e3o lembrou aos presentes que essa experi\u00eancia de convers\u00e3o nos orienta para o Deus vivo: \u201cN\u00e3o podemos amar a Deus, a quem n\u00e3o vemos, enquanto desprezamos as suas criaturas. Nem podemos nos chamar disc\u00edpulos de Jesus Cristo sem partilhar a sua vis\u00e3o da cria\u00e7\u00e3o e o seu cuidado por tudo o que \u00e9 fr\u00e1gil e ferido.\u201d<\/p>\n\n<p class=\"has-text-color has-link-color wp-elements-3853cbed4946a56b02280b118b83a812\" style=\"color:#991515\"><strong>N\u00e3o h\u00e1 espa\u00e7o para indiferen\u00e7a nem resigna\u00e7\u00e3o<\/strong><\/p>\n\n<p>Antes de concluir, o Papa olhou com esperan\u00e7a para as pr\u00f3ximas c\u00fapulas internacionais \u2014 a COP30 de 2025, a sess\u00e3o do Comit\u00ea de Seguran\u00e7a Alimentar Mundial e a Confer\u00eancia da \u00c1gua de 2026 \u2014 \u201cpara que escutem o clamor da terra e o clamor dos pobres.\u201d<\/p>\n\n<p>Ele tamb\u00e9m encorajou os jovens, os pais e aqueles que trabalham nas administra\u00e7\u00f5es e institui\u00e7\u00f5es a contribu\u00edrem para \u201cencontrar solu\u00e7\u00f5es para os desafios culturais, espirituais e educativos de hoje, lutando sempre com tenacidade pelo bem comum.\u201d<\/p>\n\n<p>Por fim, refletiu: <strong>\u201cDeus nos perguntar\u00e1 se cultivamos e cuidamos do mundo que Ele criou e dos nossos irm\u00e3os e irm\u00e3s. Qual ser\u00e1 a nossa resposta?\u201d.<\/strong><\/p>\n\n<figure class=\"wp-block-gallery has-nested-images columns-default is-cropped wp-block-gallery-1 is-layout-flex wp-block-gallery-is-layout-flex\">\n<figure class=\"wp-block-image size-large\"><img alt=\"\" alt=\"\" loading=\"lazy\" decoding=\"async\" width=\"777\" height=\"524\" data-id=\"388272\" src=\"https:\/\/www.focolare.org\/wp-content\/uploads\/2025\/10\/DSC00301.jpg\" alt=\"\" class=\"wp-image-388272\" srcset=\"https:\/\/www.focolare.org\/wp-content\/uploads\/2025\/10\/DSC00301.jpg 777w, https:\/\/www.focolare.org\/wp-content\/uploads\/2025\/10\/DSC00301-480x324.jpg 480w\" sizes=\"(min-width: 0px) and (max-width: 480px) 480px, (min-width: 481px) 777px, 100vw\" \/><\/figure>\n\n\n\n<figure class=\"wp-block-image size-large\"><img alt=\"\" alt=\"\" loading=\"lazy\" decoding=\"async\" width=\"825\" height=\"619\" data-id=\"388282\" src=\"https:\/\/www.focolare.org\/wp-content\/uploads\/2025\/10\/DSC00249.jpg\" alt=\"\" class=\"wp-image-388282\" srcset=\"https:\/\/www.focolare.org\/wp-content\/uploads\/2025\/10\/DSC00249.jpg 825w, https:\/\/www.focolare.org\/wp-content\/uploads\/2025\/10\/DSC00249-480x360.jpg 480w\" sizes=\"(min-width: 0px) and (max-width: 480px) 480px, (min-width: 481px) 825px, 100vw\" \/><\/figure>\n\n\n\n<figure class=\"wp-block-image size-large\"><img alt=\"\" alt=\"\" loading=\"lazy\" decoding=\"async\" width=\"825\" height=\"619\" data-id=\"388277\" src=\"https:\/\/www.focolare.org\/wp-content\/uploads\/2025\/10\/DSC00238.jpg\" alt=\"\" class=\"wp-image-388277\" srcset=\"https:\/\/www.focolare.org\/wp-content\/uploads\/2025\/10\/DSC00238.jpg 825w, https:\/\/www.focolare.org\/wp-content\/uploads\/2025\/10\/DSC00238-480x360.jpg 480w\" sizes=\"(min-width: 0px) and (max-width: 480px) 480px, (min-width: 481px) 825px, 100vw\" \/><\/figure>\n<\/figure>\n\n<div style=\"height:25px\" aria-hidden=\"true\" class=\"wp-block-spacer\"><\/div>\n\n<p class=\"has-text-color has-link-color wp-elements-6fc56355b8a18c9f071e8a2c280d0a95\" style=\"color:#991515\"><strong>1,5 bilh\u00f5es de cat\u00f3licos podem se envolver<\/strong><\/p>\n\n<figure class=\"wp-block-image alignright size-full is-resized\"><img alt=\"\" alt=\"\" loading=\"lazy\" decoding=\"async\" width=\"780\" height=\"540\" src=\"https:\/\/www.focolare.org\/wp-content\/uploads\/2025\/10\/DSC00367.jpg\" alt=\"\" class=\"wp-image-388287\" style=\"width:352px;height:auto\" srcset=\"https:\/\/www.focolare.org\/wp-content\/uploads\/2025\/10\/DSC00367.jpg 780w, https:\/\/www.focolare.org\/wp-content\/uploads\/2025\/10\/DSC00367-480x332.jpg 480w\" sizes=\"(min-width: 0px) and (max-width: 480px) 480px, (min-width: 481px) 780px, 100vw\" \/><\/figure>\n\n<p>O ator e ex-governador da Calif\u00f3rnia, fundador do USC Schwarzenegger Institute e da Iniciativa Clim\u00e1tica Schwarzenegger, Arnold Schwarzenegger, iniciou o seu discurso parabenizando o Santo Padre pela instala\u00e7\u00e3o de pain\u00e9is solares nos telhados do Vaticano: \u201cEstou ao lado de um her\u00f3i\u201d, declarou.<\/p>\n\n<p>\u201cH\u00e1 1,5 bilh\u00e3o de cat\u00f3licos \u2014 esse poder e essa for\u00e7a precisam ser usados para se envolver no movimento clim\u00e1tico\u201d, disse Schwarzenegger, pedindo mais aten\u00e7\u00e3o para falar sobre a polui\u00e7\u00e3o: <em>\u201cA pessoa comum n\u00e3o entende quando falamos de carbono zero ou do aumento das temperaturas. Em vez de falar \u00e0 cabe\u00e7a, precisamos falar ao cora\u00e7\u00e3o. Podemos acabar com a polui\u00e7\u00e3o se trabalharmos juntos, porque Deus nos colocou na Terra para torn\u00e1-la um lugar melhor.\u201d<\/em><\/p>\n\n<p class=\"has-text-color has-link-color wp-elements-9334d340beed340ecdbe223090095096\" style=\"color:#991515\"><strong>Rumo \u00e0 COP da esperan\u00e7a<\/strong><\/p>\n\n<p>Em seguida, foi a vez da Hon. Marina Silva, Ministra do Meio Ambiente e Mudan\u00e7a Clim\u00e1tica do Brasil, copresidente da COP30. Em seu discurso, expressou estar inspirada pelos valores crist\u00e3os ao participar da confer\u00eancia.   <\/p>\n\n<figure class=\"wp-block-image alignright size-full is-resized\"><img alt=\"\" alt=\"\" loading=\"lazy\" decoding=\"async\" width=\"825\" height=\"619\" src=\"https:\/\/www.focolare.org\/wp-content\/uploads\/2025\/10\/DSC00389.jpg\" alt=\"\" class=\"wp-image-388292\" style=\"width:354px;height:auto\" srcset=\"https:\/\/www.focolare.org\/wp-content\/uploads\/2025\/10\/DSC00389.jpg 825w, https:\/\/www.focolare.org\/wp-content\/uploads\/2025\/10\/DSC00389-480x360.jpg 480w\" sizes=\"(min-width: 0px) and (max-width: 480px) 480px, (min-width: 481px) 825px, 100vw\" \/><\/figure>\n\n<p>Com confian\u00e7a, afirmou: \u201cEstou certa de que o Papa far\u00e1 uma grande contribui\u00e7\u00e3o para que a COP30 entre para a hist\u00f3ria e se torne, como todos n\u00f3s ardentemente desejamos, a COP da esperan\u00e7a, para preservar e cultivar todas as formas de vida que fazem parte do belo jardim que Deus nos deu.\u201d<\/p>\n\n<p class=\"has-text-color has-link-color wp-elements-d08fd51ff74944b64bab801fb3c63144\" style=\"color:#991515\"><strong>Das l\u00e1grimas \u00e0 esperan\u00e7a<\/strong><\/p>\n\n<p>No palco, o Papa esteve acompanhado pela Dra. Lorna Gold, diretora executiva do Movimento Laudato Si\u2019 e presidente do Comit\u00ea Organizador da Confer\u00eancia; pela te\u00f3loga Margaret Karram, presidente do Movimento dos Focolares; pelo Pe. Jes\u00fas Mor\u00e1n; e por Yeb Sa\u00f1o, presidente do Conselho Diretivo do Movimento Laudato Si\u2019, que compartilhou sua pr\u00f3pria hist\u00f3ria nas Filipinas, em contato direto com m\u00faltiplas cat\u00e1strofes clim\u00e1ticas, introduzindo os testemunhos principais. <\/p>\n\n<p>Seguiu-se um momento espiritual simb\u00f3lico em que representantes de diferentes pa\u00edses \u2014 Timor-Leste, Irlanda, Brasil, Z\u00e2mbia e M\u00e9xico \u2014 trouxeram \u00e1gua de suas terras, para coloc\u00e1-la em comum em uma bacia no palco. Eles encarnaram o clamor dos povos origin\u00e1rios, da vida selvagem, dos ecossistemas, das gera\u00e7\u00f5es futuras, dos migrantes, dos pobres e da pr\u00f3pria Terra. <\/p>\n\n<p>Das l\u00e1grimas \u00e0 esperan\u00e7a, com a plateia de p\u00e9, o Papa Le\u00e3o aproximou-se do gelo glacial e proclamou a b\u00ean\u00e7\u00e3o sobre a \u00e1gua e sobre todos os presentes: <em>\u201cQue possamos trabalhar pelo florescimento de toda a cria\u00e7\u00e3o.\u201d<\/em> Apresenta\u00e7\u00f5es musicais de Adenike, Gen Verde e dos Pacific Artists for Climate Justice deram alegria e energia ao encontro.<\/p>\n\n<figure class=\"wp-block-gallery has-nested-images columns-default is-cropped wp-block-gallery-2 is-layout-flex wp-block-gallery-is-layout-flex\">\n<figure class=\"wp-block-image size-large\"><img alt=\"\" alt=\"\" loading=\"lazy\" decoding=\"async\" width=\"825\" height=\"619\" data-id=\"388297\" src=\"https:\/\/www.focolare.org\/wp-content\/uploads\/2025\/10\/DSC00317.jpg\" alt=\"\" class=\"wp-image-388297\" srcset=\"https:\/\/www.focolare.org\/wp-content\/uploads\/2025\/10\/DSC00317.jpg 825w, https:\/\/www.focolare.org\/wp-content\/uploads\/2025\/10\/DSC00317-480x360.jpg 480w\" sizes=\"(min-width: 0px) and (max-width: 480px) 480px, (min-width: 481px) 825px, 100vw\" \/><\/figure>\n\n\n\n<figure class=\"wp-block-image size-large\"><img alt=\"\" alt=\"\" loading=\"lazy\" decoding=\"async\" width=\"791\" height=\"543\" data-id=\"388302\" src=\"https:\/\/www.focolare.org\/wp-content\/uploads\/2025\/10\/DSC00271.jpg\" alt=\"\" class=\"wp-image-388302\" srcset=\"https:\/\/www.focolare.org\/wp-content\/uploads\/2025\/10\/DSC00271.jpg 791w, https:\/\/www.focolare.org\/wp-content\/uploads\/2025\/10\/DSC00271-480x330.jpg 480w\" sizes=\"(min-width: 0px) and (max-width: 480px) 480px, (min-width: 481px) 791px, 100vw\" \/><\/figure>\n\n\n\n<figure class=\"wp-block-image size-large\"><img alt=\"\" alt=\"\" loading=\"lazy\" decoding=\"async\" width=\"825\" height=\"549\" data-id=\"388307\" src=\"https:\/\/www.focolare.org\/wp-content\/uploads\/2025\/10\/DSC00288.jpg\" alt=\"\" class=\"wp-image-388307\" srcset=\"https:\/\/www.focolare.org\/wp-content\/uploads\/2025\/10\/DSC00288.jpg 825w, https:\/\/www.focolare.org\/wp-content\/uploads\/2025\/10\/DSC00288-480x319.jpg 480w\" sizes=\"(min-width: 0px) and (max-width: 480px) 480px, (min-width: 481px) 825px, 100vw\" \/><\/figure>\n<\/figure>\n\n<div style=\"height:31px\" aria-hidden=\"true\" class=\"wp-block-spacer\"><\/div>\n\n<figure class=\"wp-block-image alignright size-full is-resized\"><img alt=\"\" alt=\"\" loading=\"lazy\" decoding=\"async\" width=\"493\" height=\"750\" src=\"https:\/\/www.focolare.org\/wp-content\/uploads\/2025\/10\/aDSC00455-e1759951971717.jpg\" alt=\"\" class=\"wp-image-388626\" style=\"width:348px;height:auto\" srcset=\"https:\/\/www.focolare.org\/wp-content\/uploads\/2025\/10\/aDSC00455-e1759951971717-493x720.jpg 493w, https:\/\/www.focolare.org\/wp-content\/uploads\/2025\/10\/aDSC00455-e1759951971717-480x270.jpg 480w\" sizes=\"(min-width: 0px) and (max-width: 480px) 480px, (min-width: 481px) and (max-width: 493px) 493px, 100vw\" \/><\/figure>\n\n<p class=\"has-black-color has-text-color has-background has-link-color wp-elements-bd727e2e03a1901ff9f11ecc2399d59d\" style=\"background-color:#eddfad\"><strong>Um bloco de gelo da Groenl\u00e2ndia<\/strong><br\/><br\/>O gelo percorreu mais de 5.000 quil\u00f4metros dos fiordes de Nuuk, Groenl\u00e2ndia, at\u00e9 Castel Gandolfo, Roma. O artista Olafur Eliasson organizou o transporte com o apoio do ge\u00f3logo Minik Rosing. Recolhido no fiorde de Nuup Kangerlua, o bloco de gelo havia se desprendido da camada de gelo da Groenl\u00e2ndia devido \u00e0s mudan\u00e7as clim\u00e1ticas e estava derretendo no oceano.<br\/>A vasta camada de gelo da Groenl\u00e2ndia \u00e9 um dos reguladores clim\u00e1ticos mais importantes da Terra. Formada por neve compactada ao longo de dezenas de milhares de anos, cont\u00e9m camadas com mais de 100.000 anos que guardam bolhas de ar antigo, registrando a hist\u00f3ria da atmosfera terrestre. O Observat\u00f3rio da Terra da NASA estima que a camada de gelo da Groenl\u00e2ndia esteja perdendo aproximadamente 270 bilh\u00f5es de toneladas por ano devido \u00e0s mudan\u00e7as clim\u00e1ticas.<br\/>\u00c0 medida que o gelo libera \u00e1gua do derretimento no oceano, lembra-nos que a nossa rela\u00e7\u00e3o global com as camadas de gelo \u00e9 existencial: elas nos ligam ao passado, moldam o nosso clima atual e \u2014 dependendo do nosso cuidado ou neglig\u00eancia \u2014 determinar\u00e3o o nosso futuro comum. Se o gelo derreter completamente, a NASA prev\u00ea que o n\u00edvel do mar poder\u00e1 subir cerca de sete metros, redesenhando as costas e deslocando milh\u00f5es de pessoas em todo o mundo.     <\/p>\n\n<div style=\"height:24px\" aria-hidden=\"true\" class=\"wp-block-spacer\"><\/div>\n\n<p class=\"has-text-align-right\"><em>A cargo do Gabinete de Imprensa da Raising Hope<\/em><br\/>\n  <em>Foto: \u00a9 Javier Garc\u00eda-CSC Audiovisivi<\/em>\n<\/p>\n\n<div style=\"height:197px\" aria-hidden=\"true\" class=\"wp-block-spacer\"><\/div>\n","protected":false},"excerpt":{"rendered":"<p>Um bloco de gelo glacial da Groenl\u00e2ndia foi o protagonista da abertura da Confer\u00eancia Raising Hope, onde o Papa Le\u00e3o XIV exortou os presentes a \u201cvoltar ao cora\u00e7\u00e3o\u201d, pois s\u00f3 ali pode acontecer uma verdadeira convers\u00e3o ecol\u00f3gica.<\/p>\n","protected":false},"author":34,"featured_media":388265,"comment_status":"open","ping_status":"open","sticky":false,"template":"","format":"standard","meta":{"give_campaign_id":0,"_seopress_robots_primary_cat":"","_seopress_titles_title":"","_seopress_titles_desc":"","_seopress_robots_index":"","_et_pb_use_builder":"","_et_pb_old_content":"","_et_gb_content_width":"","footnotes":""},"categories":[2957,2962,3187,3190,3176],"tags":[1387,1697,912,913],"class_list":["post-388324","post","type-post","status-publish","format-standard","has-post-thumbnail","hentry","category-centro-internazionale-3","category-cultura-3","category-dialogo-inter-religioso","category-ecologia-pt-pt","category-social","tag-laudato-si","tag-margaret-karram","tag-notifiche","tag-ppg"],"_links":{"self":[{"href":"https:\/\/www.focolare.org\/pt-pt\/wp-json\/wp\/v2\/posts\/388324","targetHints":{"allow":["GET"]}}],"collection":[{"href":"https:\/\/www.focolare.org\/pt-pt\/wp-json\/wp\/v2\/posts"}],"about":[{"href":"https:\/\/www.focolare.org\/pt-pt\/wp-json\/wp\/v2\/types\/post"}],"author":[{"embeddable":true,"href":"https:\/\/www.focolare.org\/pt-pt\/wp-json\/wp\/v2\/users\/34"}],"replies":[{"embeddable":true,"href":"https:\/\/www.focolare.org\/pt-pt\/wp-json\/wp\/v2\/comments?post=388324"}],"version-history":[{"count":5,"href":"https:\/\/www.focolare.org\/pt-pt\/wp-json\/wp\/v2\/posts\/388324\/revisions"}],"predecessor-version":[{"id":388641,"href":"https:\/\/www.focolare.org\/pt-pt\/wp-json\/wp\/v2\/posts\/388324\/revisions\/388641"}],"wp:featuredmedia":[{"embeddable":true,"href":"https:\/\/www.focolare.org\/pt-pt\/wp-json\/wp\/v2\/media\/388265"}],"wp:attachment":[{"href":"https:\/\/www.focolare.org\/pt-pt\/wp-json\/wp\/v2\/media?parent=388324"}],"wp:term":[{"taxonomy":"category","embeddable":true,"href":"https:\/\/www.focolare.org\/pt-pt\/wp-json\/wp\/v2\/categories?post=388324"},{"taxonomy":"post_tag","embeddable":true,"href":"https:\/\/www.focolare.org\/pt-pt\/wp-json\/wp\/v2\/tags?post=388324"}],"curies":[{"name":"wp","href":"https:\/\/api.w.org\/{rel}","templated":true}]}}