{"id":388504,"date":"2025-10-05T18:17:36","date_gmt":"2025-10-05T16:17:36","guid":{"rendered":"https:\/\/www.focolare.org\/?p=388504"},"modified":"2025-10-05T18:22:40","modified_gmt":"2025-10-05T16:22:40","slug":"com-fortes-compromissos-assumidos-raising-hope-chegou-ao-fim","status":"publish","type":"post","link":"https:\/\/www.focolare.org\/pt-pt\/com-fortes-compromissos-assumidos-raising-hope-chegou-ao-fim\/","title":{"rendered":"Com fortes compromissos assumidos, Raising Hope chegou ao fim"},"content":{"rendered":"\n<p>O terceiro e \u00faltimo dia da Confer\u00eancia Raising Hope aconteceu com novas palestras, momentos de reflex\u00e3o, ora\u00e7\u00e3o, m\u00fasica e um momento central: as contribui\u00e7\u00f5es dos participantes e os compromissos assumidos, apresentados como eixos fundamentais para agir em torno da justi\u00e7a clim\u00e1tica.<\/p>\n\n\n\n<p>No site <a href=\"https:\/\/raisinghope.earth\/it\/impegno\/\">raisinghope.earth\/pt\/compromisso\/<\/a> , os participantes, tanto presenciais como virtuais, foram convidados a compartilhar suas pr\u00f3prias contribui\u00e7\u00f5es: <em>Como voc\u00ea responder\u00e1 ao clamor da terra e ao clamor dos pobres?<\/em> Essas <em>Contribui\u00e7\u00f5es Determinadas pelo Povo<\/em> (PDC) s\u00e3o uma ousada iniciativa global da sociedade civil para apresentar os compromissos de pessoas e comunidades de base rumo \u00e0 transforma\u00e7\u00e3o ecol\u00f3gica.<\/p>\n\n\n\n<p class=\"has-text-color has-link-color wp-elements-7ae92f40fc0fa64a480d274b2749d23d\" style=\"color:#991515\"><strong>A \u00e1gua de Raising Hope chegar\u00e1 \u00e0 COP30<\/strong><\/p>\n\n\n\n<p>A emocionante abertura conduzida na quarta-feira, 1 de outubro, pelo Papa Le\u00e3o XIV \u2014 ao aben\u00e7oar um bloco de gelo da Groenl\u00e2ndia \u2014 teve seu ponto culminante nesta tarde, quando os participantes recolheram a \u00e1gua, fruto do gelo derretido, para levar para seus lares e comunidades.<\/p>\n\n\n\n<figure class=\"wp-block-image alignright size-full is-resized\"><img alt=\"\" alt=\"\" loading=\"lazy\" decoding=\"async\" width=\"363\" height=\"597\" src=\"https:\/\/www.focolare.org\/wp-content\/uploads\/2025\/10\/JGC_0665-e1759676637691.jpg\" alt=\"\" class=\"wp-image-388411\" style=\"width:229px;height:auto\"\/><\/figure>\n\n\n\n<p>A Dra. Lorna Gold, diretora executiva do Movimento Laudato Si\u2019, declarou com emo\u00e7\u00e3o: <em>\u201cUm bloco de gelo aben\u00e7oado pelo Papa se tornou viral nestes dias. Agora, esta \u00e1gua benta se transformar\u00e1 em algo muito poderoso, pois chegar\u00e1 \u00e0 COP30, no Brasil.\u201d<\/em><\/p>\n\n\n\n<p>Cada participante p\u00f4de levar consigo, em uma tigela, parte dessa \u00e1gua benta \u2014 proveniente em parte do gelo glacial, misturada com a \u00e1gua dos rios do mundo que, no in\u00edcio da confer\u00eancia, foi oferecida por diversos representantes. Isso n\u00e3o foi apenas um presente, mas um sinal da urg\u00eancia que a crise clim\u00e1tica exige, marcado ao mesmo tempo pela esperan\u00e7a transmitida pela b\u00ean\u00e7\u00e3o papal. <\/p>\n\n\n\n<p class=\"has-text-color has-link-color wp-elements-e27ef7830babbdeac4b22bca1c8343f9\" style=\"color:#991515\"><strong>Voltar ao cora\u00e7\u00e3o e levantar a voz<\/strong><\/p>\n\n\n\n<p>Outro dos momentos-chave do encerramento do evento aconteceu quando a Dra. Lorna Gold partilhou alguns dos compromissos assumidos pelos participantes. Entre os mais destacados estiveram<strong> a for\u00e7a da colabora\u00e7\u00e3o, a import\u00e2ncia das alian\u00e7as, o compromisso de voltar ao cora\u00e7\u00e3o e de promover o Programa de Animadores Laudato Si\u2019, desenvolvido pelo MLS.<\/strong> <\/p>\n\n\n\n<p>Ela tamb\u00e9m falou da import\u00e2ncia da implementa\u00e7\u00e3o:<em> \u201cN\u00e3o podemos esperar que outros fa\u00e7am. Temos que implementar as mudan\u00e7as que est\u00e3o em nossas m\u00e3os,\u201d<\/em> afirmou a Dra. Lorna. E incentivou a levantar a voz juntos em Bel\u00e9m, Brasil (pr\u00f3xima COP), ao mesmo tempo em que ser\u00e1 lan\u00e7ada uma nova alian\u00e7a para a n\u00e3o prolifera\u00e7\u00e3o de combust\u00edveis f\u00f3sseis. <\/p>\n\n\n\n<figure class=\"wp-block-gallery has-nested-images columns-default is-cropped wp-block-gallery-1 is-layout-flex wp-block-gallery-is-layout-flex\">\n<figure class=\"wp-block-image size-full\"><img alt=\"\" alt=\"\" loading=\"lazy\" decoding=\"async\" width=\"900\" height=\"656\" data-id=\"388421\" src=\"https:\/\/www.focolare.org\/wp-content\/uploads\/2025\/10\/JGC_0679.jpg\" alt=\"\" class=\"wp-image-388421\" srcset=\"https:\/\/www.focolare.org\/wp-content\/uploads\/2025\/10\/JGC_0679.jpg 900w, https:\/\/www.focolare.org\/wp-content\/uploads\/2025\/10\/JGC_0679-480x350.jpg 480w\" sizes=\"(min-width: 0px) and (max-width: 480px) 480px, (min-width: 481px) 900px, 100vw\" \/><\/figure>\n\n\n\n<figure class=\"wp-block-image size-large\"><img alt=\"\" alt=\"\" loading=\"lazy\" decoding=\"async\" width=\"900\" height=\"598\" data-id=\"388431\" src=\"https:\/\/www.focolare.org\/wp-content\/uploads\/2025\/10\/JGC_0725.jpg\" alt=\"\" class=\"wp-image-388431\" srcset=\"https:\/\/www.focolare.org\/wp-content\/uploads\/2025\/10\/JGC_0725.jpg 900w, https:\/\/www.focolare.org\/wp-content\/uploads\/2025\/10\/JGC_0725-480x319.jpg 480w\" sizes=\"(min-width: 0px) and (max-width: 480px) 480px, (min-width: 481px) 900px, 100vw\" \/><\/figure>\n\n\n\n<figure class=\"wp-block-image size-large\"><img alt=\"\" alt=\"\" loading=\"lazy\" decoding=\"async\" width=\"900\" height=\"604\" data-id=\"388416\" src=\"https:\/\/www.focolare.org\/wp-content\/uploads\/2025\/10\/JGC_0671.jpg\" alt=\"\" class=\"wp-image-388416\" srcset=\"https:\/\/www.focolare.org\/wp-content\/uploads\/2025\/10\/JGC_0671.jpg 900w, https:\/\/www.focolare.org\/wp-content\/uploads\/2025\/10\/JGC_0671-480x322.jpg 480w\" sizes=\"(min-width: 0px) and (max-width: 480px) 480px, (min-width: 481px) 900px, 100vw\" \/><\/figure>\n<\/figure>\n\n\n\n<div style=\"height:21px\" aria-hidden=\"true\" class=\"wp-block-spacer\"><\/div>\n\n\n\n<p class=\"has-text-color has-link-color wp-elements-785071db37e7610c5d5da2dff8a95741\" style=\"color:#991515\"><strong>A\u00e7\u00e3o de gra\u00e7as pelos 10 anos do MLS<\/strong><\/p>\n\n\n\n<p>Um momento emocionante ocorreu na a\u00e7\u00e3o de gra\u00e7as pelos dez anos de hist\u00f3ria do Movimento Laudato Si\u2019, fundado em janeiro de 2015. A Dra. Lorna Gold lembrou quando, nesse mesmo ano, conheceu Tom\u00e1s Insua, cofundador, e ficou impressionada com seu entusiasmo e energia em difundir os valores da enc\u00edclica. <\/p>\n\n\n\n<p><em>\u201cO mais extraordin\u00e1rio do nosso movimento \u00e9 a alegria,\u201d <\/em>garantiu, encorajando todos a <em>\u201clevar essa alegria para a COP.\u201d<\/em> Recordou ainda o Papa Francisco quando chamou a \u201c<em>cantar ao longo do caminho,\u201d<\/em> pois <em>\u201ca nossa preocupa\u00e7\u00e3o n\u00e3o deve tirar de n\u00f3s a alegria nem a esperan\u00e7a.\u201d<\/em><\/p>\n\n\n\n<p>Por sua vez, Yeb Sa\u00f1o, presidente do Conselho Diretor do Movimento Laudato Si\u2019, exortou os presentes a gravar na mem\u00f3ria tudo o que foi vivido na confer\u00eancia para que<em> \u201ctodas essas raz\u00f5es nos empurrem para fora da cama todas as manh\u00e3s.\u201d<\/em> <em>\u201cTemos muito trabalho pela frente, mas o Papa Le\u00e3o est\u00e1 do nosso lado. N\u00e3o se trata de correr \u00e0 frente, mas de avan\u00e7ar todos juntos.\u201d<\/em><\/p>\n\n\n\n<figure class=\"wp-block-gallery has-nested-images columns-default is-cropped wp-block-gallery-2 is-layout-flex wp-block-gallery-is-layout-flex\">\n<figure class=\"wp-block-image size-large\"><img alt=\"\" alt=\"\" loading=\"lazy\" decoding=\"async\" width=\"900\" height=\"598\" data-id=\"388446\" src=\"https:\/\/www.focolare.org\/wp-content\/uploads\/2025\/10\/JGC_0913.jpg\" alt=\"\" class=\"wp-image-388446\" srcset=\"https:\/\/www.focolare.org\/wp-content\/uploads\/2025\/10\/JGC_0913.jpg 900w, https:\/\/www.focolare.org\/wp-content\/uploads\/2025\/10\/JGC_0913-480x319.jpg 480w\" sizes=\"(min-width: 0px) and (max-width: 480px) 480px, (min-width: 481px) 900px, 100vw\" \/><\/figure>\n\n\n\n<figure class=\"wp-block-image size-large\"><img alt=\"\" alt=\"\" loading=\"lazy\" decoding=\"async\" width=\"900\" height=\"598\" data-id=\"388456\" src=\"https:\/\/www.focolare.org\/wp-content\/uploads\/2025\/10\/JGC_0942.jpg\" alt=\"\" class=\"wp-image-388456\" srcset=\"https:\/\/www.focolare.org\/wp-content\/uploads\/2025\/10\/JGC_0942.jpg 900w, https:\/\/www.focolare.org\/wp-content\/uploads\/2025\/10\/JGC_0942-480x319.jpg 480w\" sizes=\"(min-width: 0px) and (max-width: 480px) 480px, (min-width: 481px) 900px, 100vw\" \/><\/figure>\n\n\n\n<figure class=\"wp-block-image size-large\"><img alt=\"\" alt=\"\" loading=\"lazy\" decoding=\"async\" width=\"900\" height=\"598\" data-id=\"388451\" src=\"https:\/\/www.focolare.org\/wp-content\/uploads\/2025\/10\/JGC_0921.jpg\" alt=\"\" class=\"wp-image-388451\" srcset=\"https:\/\/www.focolare.org\/wp-content\/uploads\/2025\/10\/JGC_0921.jpg 900w, https:\/\/www.focolare.org\/wp-content\/uploads\/2025\/10\/JGC_0921-480x319.jpg 480w\" sizes=\"(min-width: 0px) and (max-width: 480px) 480px, (min-width: 481px) 900px, 100vw\" \/><\/figure>\n<\/figure>\n\n\n\n<div style=\"height:20px\" aria-hidden=\"true\" class=\"wp-block-spacer\"><\/div>\n\n\n\n<p class=\"has-text-color has-link-color wp-elements-deb5d74bc12ae0e7dec0967e996e8e41\" style=\"color:#991515\"><strong>Laudato Si\u2019, para comunidades corajosas<\/strong><\/p>\n\n\n\n<p>Na abertura da manh\u00e3, destacou-se a participa\u00e7\u00e3o de Kumi Naidoo, presidente do Tratado de N\u00e3o Prolifera\u00e7\u00e3o de Combust\u00edveis F\u00f3sseis, que se definiu como um <em>\u201cprisioneiro da esperan\u00e7a.\u201d <\/em>Ele afirmou que devemos cuidar do nosso ambiente porque \u201c<em>n\u00e3o h\u00e1 trabalho nem seres humanos em um planeta morto.\u201d<\/em><\/p>\n\n\n\n<p><em>\u201cAs comunidades cat\u00f3licas, atrav\u00e9s de Laudato Si\u2019, demonstraram coragem,\u201d <\/em>afirmou Naidoo, por isso incentivou que, com sabedoria e f\u00e9, possamos debater e agir com urg\u00eancia. <em>\u201cA esperan\u00e7a n\u00e3o \u00e9 amor; a esperan\u00e7a \u00e9 resili\u00eancia, a esperan\u00e7a \u00e9 uma miss\u00e3o.\u201d<\/em><\/p>\n\n\n\n<figure class=\"wp-block-gallery has-nested-images columns-default is-cropped wp-block-gallery-3 is-layout-flex wp-block-gallery-is-layout-flex\">\n<figure class=\"wp-block-image size-large\"><img alt=\"\" alt=\"\" loading=\"lazy\" decoding=\"async\" width=\"900\" height=\"598\" data-id=\"388436\" src=\"https:\/\/www.focolare.org\/wp-content\/uploads\/2025\/10\/JGC_0744.jpg\" alt=\"\" class=\"wp-image-388436\" srcset=\"https:\/\/www.focolare.org\/wp-content\/uploads\/2025\/10\/JGC_0744.jpg 900w, https:\/\/www.focolare.org\/wp-content\/uploads\/2025\/10\/JGC_0744-480x319.jpg 480w\" sizes=\"(min-width: 0px) and (max-width: 480px) 480px, (min-width: 481px) 900px, 100vw\" \/><\/figure>\n\n\n\n<figure class=\"wp-block-image size-large\"><img alt=\"\" alt=\"\" loading=\"lazy\" decoding=\"async\" width=\"900\" height=\"598\" data-id=\"388441\" src=\"https:\/\/www.focolare.org\/wp-content\/uploads\/2025\/10\/JGC_0765.jpg\" alt=\"\" class=\"wp-image-388441\" srcset=\"https:\/\/www.focolare.org\/wp-content\/uploads\/2025\/10\/JGC_0765.jpg 900w, https:\/\/www.focolare.org\/wp-content\/uploads\/2025\/10\/JGC_0765-480x319.jpg 480w\" sizes=\"(min-width: 0px) and (max-width: 480px) 480px, (min-width: 481px) 900px, 100vw\" \/><\/figure>\n\n\n\n<figure class=\"wp-block-image size-large\"><img alt=\"\" alt=\"\" loading=\"lazy\" decoding=\"async\" width=\"900\" height=\"598\" data-id=\"388426\" src=\"https:\/\/www.focolare.org\/wp-content\/uploads\/2025\/10\/JGC_0687.jpg\" alt=\"\" class=\"wp-image-388426\" srcset=\"https:\/\/www.focolare.org\/wp-content\/uploads\/2025\/10\/JGC_0687.jpg 900w, https:\/\/www.focolare.org\/wp-content\/uploads\/2025\/10\/JGC_0687-480x319.jpg 480w\" sizes=\"(min-width: 0px) and (max-width: 480px) 480px, (min-width: 481px) 900px, 100vw\" \/><\/figure>\n<\/figure>\n\n\n\n<div style=\"height:18px\" aria-hidden=\"true\" class=\"wp-block-spacer\"><\/div>\n\n\n\n<p class=\"has-text-color has-link-color wp-elements-0d6e841e1bd607355308c07cad9d5d7b\" style=\"color:#991515\"><strong>A resili\u00eancia dos povos<\/strong><\/p>\n\n\n\n<p>O painel seguinte, intitulado <em>\u201cA f\u00e9 e a miss\u00e3o compartilhada por um planeta resiliente\u201d<\/em>, foi moderado por Josianne Gauthier, secret\u00e1ria-geral da CIDSE (Coopera\u00e7\u00e3o Internacional para o Desenvolvimento e Solidariedade). Entre os principais temas discutidos estavam o financiamento para os pa\u00edses em desenvolvimento e a resili\u00eancia como motor para seguir em frente. <\/p>\n\n\n\n<p>A Dra. Maina Vakafua Talia, ministra do Interior, Mudan\u00e7a Clim\u00e1tica e Meio Ambiente de Tuvalu, disse que, embora em sua l\u00edngua nativa n\u00e3o exista a palavra resili\u00eancia, seu povo aprendeu a<em> \u201cpassar da vulnerabilidade \u00e0 for\u00e7a\u201d<\/em> depois de sofrer m\u00faltiplas cat\u00e1strofes clim\u00e1ticas. Ela tamb\u00e9m destacou a import\u00e2ncia da espiritualidade para construir um futuro resiliente. <\/p>\n\n\n\n<p>A Dra. Svitlana Romanko, fundadora e diretora da <em>Razom We Stand<\/em>, falou sobre seu pa\u00eds, a Ucr\u00e2nia, e como o uso de combust\u00edveis f\u00f3sseis como consequ\u00eancia da guerra deteriorou o povo. Ela afirmou que a resili\u00eancia hoje os mant\u00e9m de p\u00e9, juntamente com iniciativas como energias renov\u00e1veis e economias verdes, pois viver de energia limpa \u00e9 poss\u00edvel. <\/p>\n\n\n\n<p>Dom Robert Vitillo, do Dicast\u00e9rio para o Servi\u00e7o do Desenvolvimento Humano Integral e da Plataforma de A\u00e7\u00e3o Laudato Si\u2019, trouxe sua contribui\u00e7\u00e3o a partir do Evangelho:<em> \u201cSomos ensinados sobre solidariedade e temos que mudar a perspectiva para traduzi-la em a\u00e7\u00f5es em nosso compromisso.\u201d<\/em><\/p>\n\n\n\n<figure class=\"wp-block-gallery has-nested-images columns-default is-cropped wp-block-gallery-4 is-layout-flex wp-block-gallery-is-layout-flex\">\n<figure class=\"wp-block-image size-large\"><img alt=\"\" alt=\"\" loading=\"lazy\" decoding=\"async\" width=\"900\" height=\"598\" data-id=\"388461\" src=\"https:\/\/www.focolare.org\/wp-content\/uploads\/2025\/10\/JGC_0953.jpg\" alt=\"\" class=\"wp-image-388461\" srcset=\"https:\/\/www.focolare.org\/wp-content\/uploads\/2025\/10\/JGC_0953.jpg 900w, https:\/\/www.focolare.org\/wp-content\/uploads\/2025\/10\/JGC_0953-480x319.jpg 480w\" sizes=\"(min-width: 0px) and (max-width: 480px) 480px, (min-width: 481px) 900px, 100vw\" \/><\/figure>\n\n\n\n<figure class=\"wp-block-image size-large\"><img alt=\"\" alt=\"\" loading=\"lazy\" decoding=\"async\" width=\"900\" height=\"598\" data-id=\"388487\" src=\"https:\/\/www.focolare.org\/wp-content\/uploads\/2025\/10\/JGC_1017.jpg\" alt=\"\" class=\"wp-image-388487\" srcset=\"https:\/\/www.focolare.org\/wp-content\/uploads\/2025\/10\/JGC_1017.jpg 900w, https:\/\/www.focolare.org\/wp-content\/uploads\/2025\/10\/JGC_1017-480x319.jpg 480w\" sizes=\"(min-width: 0px) and (max-width: 480px) 480px, (min-width: 481px) 900px, 100vw\" \/><\/figure>\n\n\n\n<figure class=\"wp-block-image size-large\"><img alt=\"\" alt=\"\" loading=\"lazy\" decoding=\"async\" width=\"900\" height=\"598\" data-id=\"388471\" src=\"https:\/\/www.focolare.org\/wp-content\/uploads\/2025\/10\/JGC_1101.jpg\" alt=\"\" class=\"wp-image-388471\" srcset=\"https:\/\/www.focolare.org\/wp-content\/uploads\/2025\/10\/JGC_1101.jpg 900w, https:\/\/www.focolare.org\/wp-content\/uploads\/2025\/10\/JGC_1101-480x319.jpg 480w\" sizes=\"(min-width: 0px) and (max-width: 480px) 480px, (min-width: 481px) 900px, 100vw\" \/><\/figure>\n<\/figure>\n\n\n\n<div style=\"height:21px\" aria-hidden=\"true\" class=\"wp-block-spacer\"><\/div>\n\n\n\n<p class=\"has-text-color has-link-color wp-elements-9dcd04ae4163a98d239d2ee9252ddef4\" style=\"color:#991515\"><strong>Ouvir as periferias<\/strong><\/p>\n\n\n\n<p>\u00c0 tarde, o \u00faltimo painel contou com a participa\u00e7\u00e3o de Bianca Pitt, fundadora da Women\u2019s Environment Network e cofundadora da SHE Changes Climate, como moderadora. O debate girou em torno do que o cora\u00e7\u00e3o nos diz sobre o que vivemos nestes dias. <\/p>\n\n\n\n<p>Catherine Coleman Flowers, bolsista MacArthur e defensora da sa\u00fade ambiental, membro do Conselho de Defesa dos Recursos Naturais, falou a partir de sua perspectiva de como as pessoas das periferias s\u00e3o as que mais sofrem e as que menos s\u00e3o ouvidas.<\/p>\n\n\n\n<figure class=\"wp-block-image alignright size-large is-resized is-style-default\"><img alt=\"\" alt=\"\" loading=\"lazy\" decoding=\"async\" width=\"1024\" height=\"681\" src=\"https:\/\/www.focolare.org\/wp-content\/uploads\/2025\/10\/JGC_1375-1024x681.jpg\" alt=\"\" class=\"wp-image-388481\" style=\"width:352px;height:auto\" srcset=\"https:\/\/www.focolare.org\/wp-content\/uploads\/2025\/10\/JGC_1375-980x652.jpg 980w, https:\/\/www.focolare.org\/wp-content\/uploads\/2025\/10\/JGC_1375-480x319.jpg 480w\" sizes=\"(min-width: 0px) and (max-width: 480px) 480px, (min-width: 481px) and (max-width: 980px) 980px, (min-width: 981px) 1024px, 100vw\" \/><\/figure>\n\n\n\n<p>Por sua vez, Dom Ricardo Hoepers, secret\u00e1rio-geral da Confer\u00eancia Nacional dos Bispos do Brasil, falou sobre a diversidade de seu pa\u00eds e como \u00e9 necess\u00e1rio que cada um saia de seu lugar para ampliar os horizontes: <em>\u201cMeu sonho para o Brasil \u00e9 unir Laudato Si\u2019 e Fratelli Tutti; e que a natureza e os seres humanos tenham a mesma import\u00e2ncia: a natureza \u00e9 o espa\u00e7o que Deus nos deu para viver como irm\u00e3os.\u201d<\/em><\/p>\n\n\n\n<p>E Margaret Karram, presidente do Movimento dos Focolares, afirmou: <em>&#8220;Estou convencida de que a \u00fanica maneira de promover uma mudan\u00e7a duradoura \u00e9 abra\u00e7ar o amor como princ\u00edpio orientador da nossa a\u00e7\u00e3o ecol\u00f3gica. Na Laudato Si\u2019, a palavra amor aparece setenta vezes! Um ind\u00edcio poderoso de um caminho que todos n\u00f3s somos convidados a percorrer. Um convite a caminharmos a partir de uma aut\u00eantica fraternidade humana \u2014 como a que vivemos nestes dias \u2014 at\u00e9 uma fraternidade c\u00f3smica.   <\/em><em>.&#8221;<\/em><\/p>\n\n\n\n<p>Antes de concluir, os participantes tiveram um momento final de ora\u00e7\u00e3o e reflex\u00e3o, conduzido por membros da Tr\u00f3caire. Ap\u00f3s a exibi\u00e7\u00e3o de um v\u00eddeo resumo de tudo o que foi vivido, foram convidados a recordar os momentos mais marcantes dos tr\u00eas dias e a se comprometer solenemente com a continuidade do caminho, defendendo a casa comum.<\/p>\n\n\n\n<p class=\"has-text-align-right\"><em>A cargo do Gabinete de Imprensa da Raising Hope<\/em><br>\n  <em>Foto: \u00a9 Javier Garc\u00eda-CSC Audiovisivi<\/em>\n<\/p>\n\n\n\n<blockquote class=\"wp-block-quote is-layout-flow wp-block-quote-is-layout-flow\">\n<p><\/p>\n<\/blockquote>\n\n\n\n<p class=\"has-text-align-right\"><\/p>\n\n\n\n<div style=\"height:154px\" aria-hidden=\"true\" class=\"wp-block-spacer\"><\/div>\n","protected":false},"excerpt":{"rendered":"<p>Cerca de 1.000 participantes de 80 pa\u00edses reuniram-se nesta confer\u00eancia sem precedentes em Castel Gandolfo, Roma, para celebrar os dez anos da enc\u00edclica Laudato Si\u2019 e debater quest\u00f5es controversas relacionadas \u00e0 crise clim\u00e1tica.<\/p>\n","protected":false},"author":34,"featured_media":388469,"comment_status":"open","ping_status":"open","sticky":false,"template":"","format":"standard","meta":{"give_campaign_id":0,"_seopress_robots_primary_cat":"","_seopress_titles_title":"","_seopress_titles_desc":"","_seopress_robots_index":"","_et_pb_use_builder":"","_et_pb_old_content":"","_et_gb_content_width":"","footnotes":""},"categories":[2957,2962,3187,3190,3176],"tags":[3477,3347,3198,4083],"class_list":["post-388504","post","type-post","status-publish","format-standard","has-post-thumbnail","hentry","category-centro-internazionale-3","category-cultura-3","category-dialogo-inter-religioso","category-ecologia-pt-pt","category-social","tag-ecologia-pt-pt","tag-notifiche-pt-pt","tag-ppg-pt-pt","tag-sviluppo-umano-pt-pt"],"_links":{"self":[{"href":"https:\/\/www.focolare.org\/pt-pt\/wp-json\/wp\/v2\/posts\/388504","targetHints":{"allow":["GET"]}}],"collection":[{"href":"https:\/\/www.focolare.org\/pt-pt\/wp-json\/wp\/v2\/posts"}],"about":[{"href":"https:\/\/www.focolare.org\/pt-pt\/wp-json\/wp\/v2\/types\/post"}],"author":[{"embeddable":true,"href":"https:\/\/www.focolare.org\/pt-pt\/wp-json\/wp\/v2\/users\/34"}],"replies":[{"embeddable":true,"href":"https:\/\/www.focolare.org\/pt-pt\/wp-json\/wp\/v2\/comments?post=388504"}],"version-history":[{"count":2,"href":"https:\/\/www.focolare.org\/pt-pt\/wp-json\/wp\/v2\/posts\/388504\/revisions"}],"predecessor-version":[{"id":388511,"href":"https:\/\/www.focolare.org\/pt-pt\/wp-json\/wp\/v2\/posts\/388504\/revisions\/388511"}],"wp:featuredmedia":[{"embeddable":true,"href":"https:\/\/www.focolare.org\/pt-pt\/wp-json\/wp\/v2\/media\/388469"}],"wp:attachment":[{"href":"https:\/\/www.focolare.org\/pt-pt\/wp-json\/wp\/v2\/media?parent=388504"}],"wp:term":[{"taxonomy":"category","embeddable":true,"href":"https:\/\/www.focolare.org\/pt-pt\/wp-json\/wp\/v2\/categories?post=388504"},{"taxonomy":"post_tag","embeddable":true,"href":"https:\/\/www.focolare.org\/pt-pt\/wp-json\/wp\/v2\/tags?post=388504"}],"curies":[{"name":"wp","href":"https:\/\/api.w.org\/{rel}","templated":true}]}}