{"id":389646,"date":"2025-10-26T05:00:00","date_gmt":"2025-10-26T04:00:00","guid":{"rendered":"https:\/\/www.focolare.org\/?p=389646"},"modified":"2025-10-25T18:32:22","modified_gmt":"2025-10-25T16:32:22","slug":"novo-curso-no-ceg-encarnar-a-sinodalidade-nas-realidades-em-que-vivemos","status":"publish","type":"post","link":"https:\/\/www.focolare.org\/pt-pt\/novo-curso-no-ceg-encarnar-a-sinodalidade-nas-realidades-em-que-vivemos\/","title":{"rendered":"Novo curso no CEG: encarnar a sinodalidade nas realidades em que vivemos"},"content":{"rendered":"\n<p><strong>O Centro Evangelii Gaudium (CEG) iniciar\u00e1 em breve um novo curso sobre a Sinodalidade. Quais s\u00e3o as novidades para este ano? <\/strong><\/p>\n\n\n\n<p>Estamos em uma nova fase do processo sinodal. Depois dos primeiros 3 anos que culminaram na Assembleia de outubro de 2024, agora entramos na chamada <em>fase de implementa\u00e7\u00e3o<\/em>. De fato, no dia 15 de mar\u00e7o de 2025, o Papa Francisco aprovou o in\u00edcio de um processo de acompanhamento da fase de implementa\u00e7\u00e3o por parte do Secretariado Geral do S\u00ednodo. Esse processo envolve todos, desde as dioceses at\u00e9 as associa\u00e7\u00f5es leigas, movimentos eclesiais e novas comunidade.   <\/p>\n\n\n\n<figure class=\"wp-block-image alignright size-full\"><a href=\"https:\/\/www.focolare.org\/wp-content\/uploads\/2025\/10\/Locandina-3-Nov-2025-Pt.pdf\" target=\"_blank\" rel=\" noreferrer noopener\"><img alt=\"\" alt=\"\" loading=\"lazy\" decoding=\"async\" width=\"333\" height=\"472\" src=\"https:\/\/www.focolare.org\/wp-content\/uploads\/2025\/10\/CopertinaPT.jpg\" alt=\"\" class=\"wp-image-389630\" srcset=\"https:\/\/www.focolare.org\/wp-content\/uploads\/2025\/10\/CopertinaPT.jpg 333w, https:\/\/www.focolare.org\/wp-content\/uploads\/2025\/10\/CopertinaPT-212x300.jpg 212w\" sizes=\"(max-width: 333px) 100vw, 333px\" \/><\/a><figcaption class=\"wp-element-caption\"><em><strong>Clique na imagem para descarregar o cartaz<\/strong><\/em><\/figcaption><\/figure>\n\n\n\n<p>\u00c9 por esse motivo que decidimos lan\u00e7ar um novo curso, intitulado <em>Pr\u00e1ticas para uma Igreja sinodal<\/em> como uma contribui\u00e7\u00e3o concreta para a implementa\u00e7\u00e3o do processo sinodal. Temos a convic\u00e7\u00e3o de que a pr\u00e1tica da sinodalidade \u00e9 muito mais do que uma tentativa de tornar a Igreja mais participativa, \u00e9 um novo paradigma da exist\u00eancia eclesial. N\u00e3o apenas isso, nos parece que n\u00e3o se trata s\u00f3 de um fato religioso. Nossas sociedades est\u00e3o mudando radicalmente e, todos est\u00e3o vendo, a verdade, os valores fundamentais, o comprometimento rec\u00edproco est\u00e3o cedendo espa\u00e7o para a lei da selva. Por outro lado, a n\u00edvel local e regional, est\u00e3o emergindo novas ideias que revelam paralelismos com o processo sinodal na sociedade civil. Acreditamos que o processo sinodal no qual a Igreja est\u00e1 empenhada poderia tamb\u00e9m ser uma contribui\u00e7\u00e3o v\u00e1lida neste momento hist\u00f3rico para toda a sociedade.     <\/p>\n\n\n\n<p>Este ano, queremos nos identificar com esses aspectos, oferecendo um aprofundamento no processo corrente, procurando descobrir novas pistas e instrumentos para encarnar a sinodalidade nas realidades em que vivemos, como nos convida o <em>Documento final<\/em> do S\u00ednodo e o documento seguinte da Secretaria de julho passado, <em>Pistas para a fase de implementa\u00e7\u00e3o do S\u00ednodo<\/em>. Temos certeza de que se trata de um caminho no qual o protagonista \u00e9 o Esp\u00edrito Santo e que antes de tudo devemos nos abrir a Ele e deixar que seja Ele a guiar a hist\u00f3ria, tanto a nossa pessoal, como aquela da Igreja e da humanidade.<\/p>\n\n\n\n<p><strong>O tema da \u201cSinodalidade\u201d foi central durante os anos do pontificado de Francisco. De que modo est\u00e3o prosseguindo nesse caminho com o Papa Le\u00e3o XIV? <\/strong><\/p>\n\n\n\n<figure class=\"wp-block-image alignright size-full is-resized\"><img alt=\"\" alt=\"\" decoding=\"async\" src=\"https:\/\/www.focolare.org\/wp-content\/uploads\/2025\/10\/Samerio.jpg\" alt=\"\" class=\"wp-image-389706\" style=\"width:240px;height:auto\"\/><figcaption class=\"wp-element-caption\"><em>Maria do Sameiro Freitas<\/em><\/figcaption><\/figure>\n\n\n\n<p>No \u00faltimo dia 08 de maio, em sua primeira mensagem ao povo de Deus, no dia de sua elei\u00e7\u00e3o, o Papa Le\u00e3o desenhou um programa: <em>A todos voc\u00eas, irm\u00e3os e irm\u00e3s de Roma, da It\u00e1lia, de todo o mundo: queremos ser uma Igreja sinodal, uma Igreja que caminha, uma Igreja que procura sempre a paz, que procura sempre a caridade, que procura sempre estar perto especialmente daqueles que sofrem.<\/em><\/p>\n\n\n\n<p>E em diversas circunst\u00e2ncias, em particular no dia 26 de junho, aos membros do Conselho ordin\u00e1rio da Secretaria geral do S\u00ednodo, reafirmou: <em>E a heran\u00e7a que nos deixou (Papa Francisco) me parece que \u00e9 sobretudo esta: que a sinodalidade \u00e9 um estilo, um comportamento que nos ajuda a ser Igreja, promovendo experi\u00eancias aut\u00eanticas de participa\u00e7\u00e3o e comunh\u00e3o.<\/em><\/p>\n\n\n\n<p>Parece claro que a linha seja aquela de seu predecessor, com a convic\u00e7\u00e3o de que a sinodalidade \u00e9 intr\u00ednseca \u00e0 Igreja. \u00c9 significativo tamb\u00e9m o pr\u00f3ximo Jubileu das equipes sinodais e organismos de participa\u00e7\u00e3o que acontecer\u00e1 de 24 a 26 de outubro no Vaticano. S\u00e3o esperados mais de 2.000 participantes aos quais o Papa dirigir\u00e1 uma mensagem no dia 24 \u00e0 tarde. Ser\u00e1 mais um passo para ir decisivamente adiante, todos em grupo no mundo.   <\/p>\n\n\n\n<p><strong>Qual \u00e9 a estrutura desse curso? Para quem se dirige?<\/strong><\/p>\n\n\n\n<p>Desta vez, o curso ser\u00e1 online, em italiano, com tradu\u00e7\u00e3o para 3 l\u00ednguas: ingl\u00eas, portugu\u00eas e espanhol. Como conte\u00fado, se partir\u00e1 do <em>Documento Final<\/em> do S\u00ednodo e das <em>Pistas <\/em>para sua implementa\u00e7\u00e3o, procurando descobrir <em>Novos Percursos para uma pr\u00e1tica sinodal<\/em> e como implement\u00e1-las nos diversos contextos em que cada um se encontra. <\/p>\n\n\n\n<p>Depois, daremos instrumentos pr\u00e1ticos para implementar o processo sinodal, como o m\u00e9todo da <em>facilita\u00e7\u00e3o<\/em>, a presta\u00e7\u00e3o de contas, a avalia\u00e7\u00e3o e a verifica\u00e7\u00e3o.<\/p>\n\n\n\n<p>As boas pr\u00e1ticas j\u00e1 em andamento ser\u00e3o destacadas, com uma partilha a n\u00edvel internacional. Tudo com a convic\u00e7\u00e3o de que o processo sinodal n\u00e3o \u00e9 uma t\u00e9cnica, mas sim uma experi\u00eancia de abertura aos irm\u00e3os e irm\u00e3s, que abre a possibilidade da presen\u00e7a de Jesus entre os seus (Mt 18:20) e, \u00e0 luz dessa presen\u00e7a, ficamos \u00e0 altura de escutar o Esp\u00edrito. <\/p>\n\n\n\n<p>Em cada aula, haver\u00e1 a possibilidade de uma partilha entre os estudantes, seja de boas pr\u00e1ticas seja de reflex\u00f5es ou sugest\u00f5es.<\/p>\n\n\n\n<p>Na conclus\u00e3o, haver\u00e1 um laborat\u00f3rio em abril no qual colocaremos em pr\u00e1tica o que aprendemos durante o ano.<\/p>\n\n\n\n<p>O curso come\u00e7ar\u00e1 no dia 03 de novembro com uma aula especial confiada \u00e0 Secretaria geral do S\u00ednodo e com a participa\u00e7\u00e3o de Margaret Karram, presidente do Movimento dos Focolares, que esteve presente nas duas Assembleias sinodais. Esse momento \u00e9 aberto a todos. <\/p>\n\n\n\n<p>Pessoas de todas as voca\u00e7\u00f5es, tanto leigas como sacerdotes, religiosos e consagrados, pessoas empenhadas em n\u00edvel eclesial e civil est\u00e3o se inscrevendo. H\u00e1 muitos estudantes dos anos anteriores, mas tamb\u00e9m temos muitas novas inscri\u00e7\u00f5es de diversos pa\u00edses. <\/p>\n\n\n\n<div style=\"height:18px\" aria-hidden=\"true\" class=\"wp-block-spacer\"><\/div>\n\n\n\n<figure class=\"wp-block-image size-large\"><img alt=\"\" alt=\"\" loading=\"lazy\" decoding=\"async\" width=\"2556\" height=\"1080\" src=\"https:\/\/www.focolare.org\/wp-content\/uploads\/2025\/10\/workshop1-1-scaled-e1761408425299.jpg\" alt=\"\" class=\"wp-image-389582\" srcset=\"https:\/\/www.focolare.org\/wp-content\/uploads\/2025\/10\/workshop1-1-scaled-e1761408425299.jpg 2556w, https:\/\/www.focolare.org\/wp-content\/uploads\/2025\/10\/workshop1-1-scaled-e1761408425299-1280x720.jpg 1280w, https:\/\/www.focolare.org\/wp-content\/uploads\/2025\/10\/workshop1-1-scaled-e1761408425299-980x551.jpg 980w, https:\/\/www.focolare.org\/wp-content\/uploads\/2025\/10\/workshop1-1-scaled-e1761408425299-480x270.jpg 480w\" sizes=\"(min-width: 0px) and (max-width: 480px) 480px, (min-width: 481px) and (max-width: 980px) 980px, (min-width: 981px) and (max-width: 1280px) 1280px, (min-width: 1281px) 2556px, 100vw\" \/><\/figure>\n\n\n\n<p><strong>Considerando os anos anteriores, o que voc\u00eas esperam? <\/strong><\/p>\n\n\n\n<p>Esperamos que seja uma contribui\u00e7\u00e3o para a implementa\u00e7\u00e3o do processo sinodal nos v\u00e1rios ambientes em que os participantes vivem.<\/p>\n\n\n\n<p>Nos anos anteriores, vimos que diversos estudantes se empenharam em n\u00edvel de diocese, par\u00f3quia, associa\u00e7\u00f5es, para colocar em pr\u00e1tica o que aprenderam; outros foram multiplicadores de ideias em universidades, escolas&#8230;<\/p>\n\n\n\n<p>Temos uma ampla gama de participantes de diversos pa\u00edses, das Filipinas ao Canad\u00e1, da \u00c1frica do Sul \u00e0 Su\u00e9cia. A troca de boas pr\u00e1ticas poder\u00e1 dar ideias novas, impulsos decisivos para levar adiante o processo sinodal, para o bem da Igreja e da sociedade. <\/p>\n\n\n\n<p class=\"has-text-align-right\"><em>Entrevista feita por Maria Grazia Berretta<\/em><\/p>\n\n\n\n<div style=\"height:185px\" aria-hidden=\"true\" class=\"wp-block-spacer\"><\/div>\n","protected":false},"excerpt":{"rendered":"<p>No dia 03 de novembro de 2025, se iniciar\u00e1 a quarta edi\u00e7\u00e3o do curso de forma\u00e7\u00e3o para a sinodalidade organizado pelo Centro Evangelii Gaudium (CEG) do Instituto Universit\u00e1rio Sophia, intitulado \u201cPr\u00e1ticas para uma Igreja sinodal\u201d. Maria do Sameiro Freitas, secret\u00e1ria geral do CEG, moderadora do Curso de Forma\u00e7\u00e3o para a Sinodalidade, responde nossas perguntas. <\/p>\n","protected":false},"author":34,"featured_media":389560,"comment_status":"open","ping_status":"open","sticky":false,"template":"","format":"standard","meta":{"give_campaign_id":0,"_seopress_robots_primary_cat":"","_seopress_titles_title":"","_seopress_titles_desc":"","_seopress_robots_index":"","_et_pb_use_builder":"","_et_pb_old_content":"","_et_gb_content_width":"","footnotes":""},"categories":[2951,2962],"tags":[3490,3489,3347,3198,4152],"class_list":["post-389646","post","type-post","status-publish","format-standard","has-post-thumbnail","hentry","category-chiesa-3","category-cultura-3","tag-ceg-pt-pt","tag-instituto-universitario-sophia-pt-pt","tag-notifiche-pt-pt","tag-ppg-pt-pt","tag-sinodalita"],"_links":{"self":[{"href":"https:\/\/www.focolare.org\/pt-pt\/wp-json\/wp\/v2\/posts\/389646","targetHints":{"allow":["GET"]}}],"collection":[{"href":"https:\/\/www.focolare.org\/pt-pt\/wp-json\/wp\/v2\/posts"}],"about":[{"href":"https:\/\/www.focolare.org\/pt-pt\/wp-json\/wp\/v2\/types\/post"}],"author":[{"embeddable":true,"href":"https:\/\/www.focolare.org\/pt-pt\/wp-json\/wp\/v2\/users\/34"}],"replies":[{"embeddable":true,"href":"https:\/\/www.focolare.org\/pt-pt\/wp-json\/wp\/v2\/comments?post=389646"}],"version-history":[{"count":4,"href":"https:\/\/www.focolare.org\/pt-pt\/wp-json\/wp\/v2\/posts\/389646\/revisions"}],"predecessor-version":[{"id":389709,"href":"https:\/\/www.focolare.org\/pt-pt\/wp-json\/wp\/v2\/posts\/389646\/revisions\/389709"}],"wp:featuredmedia":[{"embeddable":true,"href":"https:\/\/www.focolare.org\/pt-pt\/wp-json\/wp\/v2\/media\/389560"}],"wp:attachment":[{"href":"https:\/\/www.focolare.org\/pt-pt\/wp-json\/wp\/v2\/media?parent=389646"}],"wp:term":[{"taxonomy":"category","embeddable":true,"href":"https:\/\/www.focolare.org\/pt-pt\/wp-json\/wp\/v2\/categories?post=389646"},{"taxonomy":"post_tag","embeddable":true,"href":"https:\/\/www.focolare.org\/pt-pt\/wp-json\/wp\/v2\/tags?post=389646"}],"curies":[{"name":"wp","href":"https:\/\/api.w.org\/{rel}","templated":true}]}}