{"id":389766,"date":"2025-11-01T00:10:00","date_gmt":"2025-10-31T23:10:00","guid":{"rendered":"https:\/\/www.focolare.org\/?p=389766"},"modified":"2025-10-28T11:51:33","modified_gmt":"2025-10-28T10:51:33","slug":"bem-aventurados-os-que-promovem-a-paz-pois-eles-serao-chamados-filhos-de-deus-mt-59","status":"publish","type":"post","link":"https:\/\/www.focolare.org\/pt-pt\/bem-aventurados-os-que-promovem-a-paz-pois-eles-serao-chamados-filhos-de-deus-mt-59\/","title":{"rendered":"\u201cBem-aventurados os que promovem a paz, pois eles ser\u00e3o chamados filhos de Deus.\u201d (Mt 5,9)"},"content":{"rendered":"\n<p>Uma pesquisa organizada por tr\u00eas universidades italianas relatou recentemente que, naquele pa\u00eds, mais de um milh\u00e3o de mensagens de \u00f3dio foram postadas online em um ano. As mensagens mais violentas eram direcionadas sempre contra os estrangeiros, os judeus, mas, sobretudo, contra as mulheres.  <\/p>\n\n<p>Claro que n\u00e3o podemos generalizar, mas cada um de n\u00f3s j\u00e1 vivenciou na fam\u00edlia, no trabalho, no esporte etc., atitudes conflituosas, ofensivas e antag\u00f4nicas que dividem, comprometendo a conviv\u00eancia social. Al\u00e9m disso, em um n\u00edvel mais global, existem atualmente 56 conflitos armados no mundo. \u00c9 o maior n\u00famero desde a Segunda Guerra Mundial, com uma quantidade alt\u00edssima de v\u00edtimas civis. <\/p>\n\n<p>\u00c9 precisamente nesse contexto que ressoam instigantes, verdadeiras e fortes como nunca, as palavras de Jesus: <\/p>\n\n<p><em><strong>\u201cBem-aventurados os que promovem a paz, pois eles ser\u00e3o chamados filhos de Deus.\u201d<\/strong><\/em><\/p>\n\n<p>\u201cCada povo, cada pessoa sente um profundo desejo de paz, de conc\u00f3rdia, de unidade. Mesmo assim, apesar dos esfor\u00e7os e da boa vontade, ap\u00f3s mil\u00eanios de hist\u00f3ria, continuamos incapazes de manter uma paz est\u00e1vel e duradoura. Jesus veio trazer-nos a paz, uma paz \u2013 diz Ele \u2013 que n\u00e3o \u00e9 \u2018como a d\u00e1 o mundo\u2019 <a href=\"#_ftn1\" id=\"_ftnref1\">[1]<\/a> porque n\u00e3o consiste apenas na aus\u00eancia de guerras, de lutas, de divis\u00f5es, de traumas. A \u2018sua\u2019 paz \u00e9 tamb\u00e9m isso, mas \u00e9 muito mais: \u00e9 plenitude de vida e de alegria, \u00e9 salva\u00e7\u00e3o integral da pessoa, \u00e9 liberdade, \u00e9 justi\u00e7a e fraternidade no amor entre todos os povos.\u201d<a href=\"#_ftn2\" id=\"_ftnref2\">[2]<\/a>.    <\/p>\n\n<p>A Palavra de Vida deste m\u00eas \u00e9 a s\u00e9tima das Bem-aventuran\u00e7as com as quais come\u00e7a o Serm\u00e3o da Montanha (Mt 5-7). Jesus, que personifica todas elas, dirige-se aos seus disc\u00edpulos para instru\u00ed-los. Chama aten\u00e7\u00e3o o fato de que as oito Bem-aventuran\u00e7as s\u00e3o formuladas no plural. Da\u00ed podemos deduzir que a \u00eanfase n\u00e3o \u00e9 dada a uma atitude individual ou a virtudes pessoais, mas sim a uma \u00e9tica coletiva, vivenciada em um grupo.   <\/p>\n\n<p><em><strong>\u201cBem-aventurados os que promovem a paz, pois eles ser\u00e3o chamados filhos de Deus.\u201d<\/strong><\/em><\/p>\n\n<p>Quem s\u00e3o os que promovem a paz? Esta \u201cbem-aventuran\u00e7a \u00e9 a mais ativa, explicitamente operativa; a express\u00e3o verbal \u00e9 an\u00e1loga \u00e0quela utilizada para a cria\u00e7\u00e3o no primeiro vers\u00edculo da B\u00edblia e indica iniciativa e laboriosidade. O amor, pela sua natureza, \u00e9 criativo [&#8230;] e procura a reconcilia\u00e7\u00e3o custe o que custar. S\u00e3o chamados filhos de Deus aqueles que aprenderam a arte da paz e que a praticam, sabem que n\u00e3o h\u00e1 reconcilia\u00e7\u00e3o sem o dom da pr\u00f3pria vida, e que a paz deve ser procurada sempre e de todas as formas. [&#8230;] Esta n\u00e3o \u00e9 uma obra aut\u00f4noma, fruto das pr\u00f3prias capacidades; \u00e9 manifesta\u00e7\u00e3o da gra\u00e7a recebida de Cristo, que \u00e9 a nossa paz, que nos fez filhos de Deus.\u201d <a href=\"#_ftn3\" id=\"_ftnref3\">[3]<\/a>.  <\/p>\n\n<p><em><strong>\u201cBem-aventurados os que promovem a paz, pois eles ser\u00e3o chamados filhos de Deus.\u201d<\/strong><\/em><\/p>\n\n<p>Como, ent\u00e3o, podemos viver esta Palavra? Primeiro, irradiando o amor verdadeiro por toda parte. Depois, intervindo quando a paz estiver amea\u00e7ada ao nosso redor. \u00c0s vezes basta escutar com amor, at\u00e9 o fim, as partes em conflito para vislumbrarmos uma solu\u00e7\u00e3o.    <\/p>\n\n<p>Mais ainda: n\u00e3o desistiremos enquanto n\u00e3o se restabelecerem relacionamentos que, muitas vezes, se romperam por motivos f\u00fateis. Quem sabe, poder\u00edamos fazer surgir, dentro da nossa organiza\u00e7\u00e3o, associa\u00e7\u00e3o ou par\u00f3quia, alguma iniciativa espec\u00edfica para desenvolver uma maior consci\u00eancia da necessidade da paz. No mundo inteiro existem incont\u00e1veis iniciativas, grandes e pequenas, com essa orienta\u00e7\u00e3o. Por exemplo: caminhadas, shows, confer\u00eancias; tamb\u00e9m o trabalho volunt\u00e1rio desencadeia uma corrente de generosidade que constr\u00f3i a paz.   <\/p>\n\n<p>H\u00e1 tamb\u00e9m programas de educa\u00e7\u00e3o para a paz, como o <a href=\"http:\/\/livingpeaceinternational.org\/br\/\">\u00ab<em>Living Peace<\/em>\u00bb<\/a>. At\u00e9 o momento, mais de 2.600 escolas e grupos aderiram a esse projeto, e mais de dois milh\u00f5es de crian\u00e7as, al\u00e9m de jovens e adultos, est\u00e3o envolvidos nessas iniciativas, nos cinco continentes. Entre elas, o lan\u00e7amento do Dado da Paz \u2013 que se inspira no Dado da Arte de Amar, de Chiara Lubich<a href=\"#_ftn4\">[4]<\/a> \u2013 sulle cui facce sono scritte delle frasi che aiutano a costruire rapporti di pace e anche l\u2019iniziativa che si tiene in tutto il mondo, il \u00ab<em>Time out<\/em>\u00bb: alle ore 12:00 di ogni giorno, si tiene un momento di silenzio, di riflessione o di preghiera per la pace.  <\/p>\n\n<p class=\"has-text-align-right\"><em>Org.: Augusto Parody Reyes com a comiss\u00e3o da Palavra de Vida<\/em><\/p>\n\n<hr class=\"wp-block-separator has-alpha-channel-opacity\"\/>\n\n<p class=\"has-small-font-size\">Foto: \u00a9 De Rezende Maria Clara &#8211; Sito Living Peace &#8211; Copertina Guida 2025-2026<\/p>\n\n<p class=\"has-small-font-size\"><a href=\"#_ftnref1\" id=\"_ftn1\">[1]<\/a> Cf. Jo 14,27.<\/p>\n\n<p class=\"has-small-font-size\"><a href=\"#_ftnref2\" id=\"_ftn2\">[2]<\/a> LUBICH, Chiara. A paz que \u00e9 fraternidade. Palavra de Vida, janeiro de 2004.<\/p>\n\n<p class=\"has-small-font-size\"><a href=\"#_ftnref3\" id=\"_ftn3\">[3]<\/a> Papa Francisco, Audi\u00eancia Geral. Catequese sobre as Bem-aventuran\u00e7as. 15 de abril de 2020. <\/p>\n\n<p class=\"has-small-font-size\"><a href=\"#_ftnref5\" id=\"_ftn5\">[4]<\/a> LUBICH, Chiara. <em>A arte de amar<\/em>. S\u00e3o Paulo: Editora Cidade Nova, 2006.<\/p>\n\n<div style=\"height:162px\" aria-hidden=\"true\" class=\"wp-block-spacer\"><\/div>\n","protected":false},"excerpt":{"rendered":"<p>Palavra de Vida \u2013 Novembro de 2025<\/p>\n","protected":false},"author":34,"featured_media":388882,"comment_status":"open","ping_status":"open","sticky":false,"template":"","format":"standard","meta":{"give_campaign_id":0,"_seopress_robots_primary_cat":"","_seopress_titles_title":"","_seopress_titles_desc":"","_seopress_robots_index":"","_et_pb_use_builder":"","_et_pb_old_content":"","_et_gb_content_width":"","footnotes":""},"categories":[3602,129],"tags":[3347,3198],"class_list":["post-389766","post","type-post","status-publish","format-standard","has-post-thumbnail","hentry","category-parola-di-vita-pt-pt","category-sem-categoria","tag-notifiche-pt-pt","tag-ppg-pt-pt"],"_links":{"self":[{"href":"https:\/\/www.focolare.org\/pt-pt\/wp-json\/wp\/v2\/posts\/389766","targetHints":{"allow":["GET"]}}],"collection":[{"href":"https:\/\/www.focolare.org\/pt-pt\/wp-json\/wp\/v2\/posts"}],"about":[{"href":"https:\/\/www.focolare.org\/pt-pt\/wp-json\/wp\/v2\/types\/post"}],"author":[{"embeddable":true,"href":"https:\/\/www.focolare.org\/pt-pt\/wp-json\/wp\/v2\/users\/34"}],"replies":[{"embeddable":true,"href":"https:\/\/www.focolare.org\/pt-pt\/wp-json\/wp\/v2\/comments?post=389766"}],"version-history":[{"count":3,"href":"https:\/\/www.focolare.org\/pt-pt\/wp-json\/wp\/v2\/posts\/389766\/revisions"}],"predecessor-version":[{"id":389769,"href":"https:\/\/www.focolare.org\/pt-pt\/wp-json\/wp\/v2\/posts\/389766\/revisions\/389769"}],"wp:featuredmedia":[{"embeddable":true,"href":"https:\/\/www.focolare.org\/pt-pt\/wp-json\/wp\/v2\/media\/388882"}],"wp:attachment":[{"href":"https:\/\/www.focolare.org\/pt-pt\/wp-json\/wp\/v2\/media?parent=389766"}],"wp:term":[{"taxonomy":"category","embeddable":true,"href":"https:\/\/www.focolare.org\/pt-pt\/wp-json\/wp\/v2\/categories?post=389766"},{"taxonomy":"post_tag","embeddable":true,"href":"https:\/\/www.focolare.org\/pt-pt\/wp-json\/wp\/v2\/tags?post=389766"}],"curies":[{"name":"wp","href":"https:\/\/api.w.org\/{rel}","templated":true}]}}