{"id":390402,"date":"2025-11-18T12:00:00","date_gmt":"2025-11-18T11:00:00","guid":{"rendered":"https:\/\/www.focolare.org\/?p=390402"},"modified":"2025-11-18T11:44:17","modified_gmt":"2025-11-18T10:44:17","slug":"a-mim-o-fizeste-os-projetos-e-as-obras-do-movimento-dos-focolares-no-mundo","status":"publish","type":"post","link":"https:\/\/www.focolare.org\/pt-pt\/a-mim-o-fizeste-os-projetos-e-as-obras-do-movimento-dos-focolares-no-mundo\/","title":{"rendered":"&#8220;A mim o fizeste&#8221;: os projetos e as obras do Movimento dos Focolares no mundo."},"content":{"rendered":"\n<p>Apresenta\u00e7\u00e3o do Balan\u00e7o de Comunh\u00e3o 2024 realizada em Roma (It\u00e1lia) a 6 de novembro de 2025. O v\u00eddeo est\u00e1 em italiano com uma interven\u00e7\u00e3o em ingl\u00eas.  <strong>As legendas foram geradas automaticamente, \u00e9 necess\u00e1rio ativ\u00e1-las e escolher o idioma.<\/strong> <\/p>\n\n<div style=\"height:26px\" aria-hidden=\"true\" class=\"wp-block-spacer\"><\/div>\n\n<figure class=\"wp-block-embed is-type-video is-provider-youtube wp-block-embed-youtube wp-embed-aspect-16-9 wp-has-aspect-ratio\"><div class=\"wp-block-embed__wrapper\">\n<iframe loading=\"lazy\" title=\"Roma, 06\/11\/2025 - Presentazione del Bilancio di Comunione 2024 del Movimento dei Focolari\" width=\"1080\" height=\"608\" src=\"https:\/\/www.youtube.com\/embed\/ya4ufwwtV_E?feature=oembed\"  allow=\"accelerometer; autoplay; clipboard-write; encrypted-media; gyroscope; picture-in-picture; web-share\" referrerpolicy=\"strict-origin-when-cross-origin\" allowfullscreen><\/iframe>\n<\/div><\/figure>\n\n<div style=\"height:233px\" aria-hidden=\"true\" class=\"wp-block-spacer\"><\/div>\n","protected":false},"excerpt":{"rendered":"<p>O Balan\u00e7o de Comunh\u00e3o 2024 do Movimento dos Focolares retrata uma fraternidade que contribui para mudar a realidade.Um balan\u00e7o que fala de paz, forma\u00e7\u00e3o, sa\u00fade e inclus\u00e3o. <\/p>\n","protected":false},"author":34,"featured_media":390395,"comment_status":"open","ping_status":"open","sticky":false,"template":"","format":"standard","meta":{"give_campaign_id":0,"_seopress_robots_primary_cat":"","_seopress_titles_title":"","_seopress_titles_desc":"","_seopress_robots_index":"","_et_pb_use_builder":"","_et_pb_old_content":"","_et_gb_content_width":"","footnotes":""},"categories":[2957,3176],"tags":[4164,3347,4175,3198],"class_list":["post-390402","post","type-post","status-publish","format-standard","has-post-thumbnail","hentry","category-centro-internazionale-3","category-social","tag-bilancio-di-comunione","tag-notifiche-pt-pt","tag-opere-sociali","tag-ppg-pt-pt"],"_links":{"self":[{"href":"https:\/\/www.focolare.org\/pt-pt\/wp-json\/wp\/v2\/posts\/390402","targetHints":{"allow":["GET"]}}],"collection":[{"href":"https:\/\/www.focolare.org\/pt-pt\/wp-json\/wp\/v2\/posts"}],"about":[{"href":"https:\/\/www.focolare.org\/pt-pt\/wp-json\/wp\/v2\/types\/post"}],"author":[{"embeddable":true,"href":"https:\/\/www.focolare.org\/pt-pt\/wp-json\/wp\/v2\/users\/34"}],"replies":[{"embeddable":true,"href":"https:\/\/www.focolare.org\/pt-pt\/wp-json\/wp\/v2\/comments?post=390402"}],"version-history":[{"count":1,"href":"https:\/\/www.focolare.org\/pt-pt\/wp-json\/wp\/v2\/posts\/390402\/revisions"}],"predecessor-version":[{"id":390403,"href":"https:\/\/www.focolare.org\/pt-pt\/wp-json\/wp\/v2\/posts\/390402\/revisions\/390403"}],"wp:featuredmedia":[{"embeddable":true,"href":"https:\/\/www.focolare.org\/pt-pt\/wp-json\/wp\/v2\/media\/390395"}],"wp:attachment":[{"href":"https:\/\/www.focolare.org\/pt-pt\/wp-json\/wp\/v2\/media?parent=390402"}],"wp:term":[{"taxonomy":"category","embeddable":true,"href":"https:\/\/www.focolare.org\/pt-pt\/wp-json\/wp\/v2\/categories?post=390402"},{"taxonomy":"post_tag","embeddable":true,"href":"https:\/\/www.focolare.org\/pt-pt\/wp-json\/wp\/v2\/tags?post=390402"}],"curies":[{"name":"wp","href":"https:\/\/api.w.org\/{rel}","templated":true}]}}