{"id":390642,"date":"2025-12-01T05:02:00","date_gmt":"2025-12-01T04:02:00","guid":{"rendered":"https:\/\/www.focolare.org\/?p=390642"},"modified":"2025-12-01T05:05:35","modified_gmt":"2025-12-01T04:05:35","slug":"todos-os-confins-da-terra-verao-a-salvacao-do-nosso-deus-is-5210","status":"publish","type":"post","link":"https:\/\/www.focolare.org\/pt-pt\/todos-os-confins-da-terra-verao-a-salvacao-do-nosso-deus-is-5210\/","title":{"rendered":"\u201cTodos os confins da terra ver\u00e3o a salva\u00e7\u00e3o do nosso Deus.\u201d (Is 52,10)"},"content":{"rendered":"\n<p>Ao ser levado para o ex\u00edlio na Babil\u00f4nia, o povo de Israel perdeu tudo: sua terra, seu rei, o templo e, portanto, a possibilidade de prestar culto ao seu Deus, Aquele que em tempos passados o fizera sair do Egito.<\/p>\n\n<p>Mas eis que a voz de um profeta faz um an\u00fancio surpreendente, fascinante: \u00e9 hora de voltar para casa. Mais uma vez, Deus vai intervir com poder para conduzir os israelitas de volta, para al\u00e9m do deserto, at\u00e9 Jerusal\u00e9m. E todos os povos da terra v\u00e3o testemunhar este evento prodigioso: <\/p>\n\n<p>\u201cTodos os confins da terra ver\u00e3o a salva\u00e7\u00e3o do nosso Deus.\u201d<\/p>\n\n<p>Atualmente, os notici\u00e1rios s\u00e3o inundados por not\u00edcias alarmantes: pessoas perdendo emprego, sa\u00fade, seguran\u00e7a e dignidade; jovens, sobretudo, cujo futuro est\u00e1 em risco por causa da guerra ou da pobreza provocada pelas mudan\u00e7as clim\u00e1ticas em seus pa\u00edses; povos que n\u00e3o t\u00eam mais terra, nem paz, nem liberdade.<\/p>\n\n<p>Um cen\u00e1rio tr\u00e1gico, de dimens\u00f5es planet\u00e1rias, de tirar o f\u00f4lego e escurecer o horizonte. Quem nos salvar\u00e1 da destrui\u00e7\u00e3o de tudo aquilo que acredit\u00e1vamos possuir? Aparentemente a esperan\u00e7a n\u00e3o tem raz\u00e3o de ser. No entanto, o an\u00fancio do profeta vale tamb\u00e9m para n\u00f3s:   <\/p>\n\n<p>\u201cTodos os confins da terra ver\u00e3o a salva\u00e7\u00e3o do nosso Deus.\u201d<\/p>\n\n<p>A sua mensagem revela a a\u00e7\u00e3o de Deus na hist\u00f3ria pessoal e coletiva e convida a abrir os olhos aos sinais deste projeto de salva\u00e7\u00e3o. De fato, a salva\u00e7\u00e3o j\u00e1 se manifesta na paix\u00e3o educativa de uma professora, na honestidade de um empres\u00e1rio, na integridade de uma administradora, na fidelidade de um casal, no abra\u00e7o de uma crian\u00e7a, na ternura de um enfermeiro, na paci\u00eancia de uma av\u00f3, na coragem de homens e mulheres que se op\u00f5em pacificamente \u00e0 criminalidade, no esp\u00edrito acolhedor de uma comunidade. <\/p>\n\n<p>\u201cTodos os confins da terra ver\u00e3o a salva\u00e7\u00e3o do nosso Deus.\u201d<\/p>\n\n<p>O Natal se aproxima. Na inoc\u00eancia desarmada do Menino podemos reconhecer mais uma vez a presen\u00e7a paciente e misericordiosa de Deus na hist\u00f3ria humana e testemunh\u00e1-la com nossas escolhas, contr\u00e1rias \u00e0s do mundo:  <\/p>\n\n<p>\u201c[&#8230;] Num mundo como o nosso, onde se teoriza a luta, a lei do mais forte, do mais astuto, do mais inescrupuloso, e onde \u00e0s vezes tudo parece paralisado pelo materialismo e pelo ego\u00edsmo, a resposta que devemos dar \u00e9 o amor ao pr\u00f3ximo. Este \u00e9 o rem\u00e9dio que pode curar o mundo. [&#8230;] \u00c9 como uma onda de calor divino, que se irradia e se propaga, facilitando as rela\u00e7\u00f5es entre as pessoas, entre os grupos, transformando aos poucos a sociedade.\u201d <a href=\"#_ftn1\" id=\"_ftnref1\">[1]<\/a>.<\/p>\n\n<p>Do mesmo modo como foi para o povo de Israel, tamb\u00e9m para n\u00f3s este \u00e9 o momento de come\u00e7ar a caminhada, \u00e9 a ocasi\u00e3o favor\u00e1vel para dar decididamente um passo \u00e0 frente em dire\u00e7\u00e3o a todos aqueles \u2013 sejam jovens ou idosos, pobres ou migrantes, desempregados ou sem-teto, doentes ou presos \u2013 que esperam um gesto de dedica\u00e7\u00e3o e de proximidade, um testemunho da presen\u00e7a suave, mas eficaz, do amor de Deus em nosso meio. <\/p>\n\n<p>Hoje, as fronteiras para al\u00e9m das quais esta mensagem de esperan\u00e7a deve ser levada s\u00e3o certamente as divisas geogr\u00e1ficas, que com muita frequ\u00eancia se tornam muros ou dolorosas linhas de guerra; mas s\u00e3o tamb\u00e9m as divisas culturais e existenciais. Al\u00e9m disso, as comunidades digitais, geralmente mais usadas por jovens, podem dar uma contribui\u00e7\u00e3o eficaz para superar a agressividade, a solid\u00e3o e a marginaliza\u00e7\u00e3o. <\/p>\n\n<p>Como escreveu o poeta congol\u00eas Henri Boukoulou: \u201c[\u2026] Oh, divina esperan\u00e7a! Eis que no solu\u00e7o desesperado do vento se tra\u00e7am as primeiras frases do mais belo poema de amor. E amanh\u00e3, \u00e9 a esperan\u00e7a!&#8221; <a href=\"#_ftn2\" id=\"_ftnref2\">[2]<\/a>.<\/p>\n\n<p class=\"has-text-align-right\">Org.: Letizia Magri<br \/>com a comiss\u00e3o da Palavra de Vida<\/p>\n\n<hr class=\"wp-block-separator has-alpha-channel-opacity\" \/>\n\n<p class=\"has-small-font-size\"><a href=\"#_ftnref1\" id=\"_ftn1\">[1]<\/a> C.LUBICH, Chiara. Da morte \u00e0 vida! Palavra de Vida, maio de 1985.<\/p>\n\n<p class=\"has-small-font-size\"><a href=\"#_ftnref2\" id=\"_ftn2\">[2]<\/a> Cf. AA.VV. <em>Poeti Africani Anti-Apartheid<\/em>, I vol., Edizioni dell\u2019Arco, Milano, 2003. <\/p>\n\n<p>Foto: \u00a9 Ryutaro &#8211; Pexels<\/p>\n\n<p><\/p>\n\n<div style=\"height:231px\" aria-hidden=\"true\" class=\"wp-block-spacer\"><\/div>\n","protected":false},"excerpt":{"rendered":"<p>Palavra de Vida \u2013 Dezembro de 2025<\/p>\n","protected":false},"author":33,"featured_media":390651,"comment_status":"open","ping_status":"open","sticky":false,"template":"","format":"standard","meta":{"give_campaign_id":0,"_seopress_robots_primary_cat":"","_seopress_titles_title":"","_seopress_titles_desc":"","_seopress_robots_index":"","_et_pb_use_builder":"","_et_pb_old_content":"","_et_gb_content_width":"","footnotes":""},"categories":[3602],"tags":[3347,3198],"class_list":["post-390642","post","type-post","status-publish","format-standard","has-post-thumbnail","hentry","category-parola-di-vita-pt-pt","tag-notifiche-pt-pt","tag-ppg-pt-pt"],"_links":{"self":[{"href":"https:\/\/www.focolare.org\/pt-pt\/wp-json\/wp\/v2\/posts\/390642","targetHints":{"allow":["GET"]}}],"collection":[{"href":"https:\/\/www.focolare.org\/pt-pt\/wp-json\/wp\/v2\/posts"}],"about":[{"href":"https:\/\/www.focolare.org\/pt-pt\/wp-json\/wp\/v2\/types\/post"}],"author":[{"embeddable":true,"href":"https:\/\/www.focolare.org\/pt-pt\/wp-json\/wp\/v2\/users\/33"}],"replies":[{"embeddable":true,"href":"https:\/\/www.focolare.org\/pt-pt\/wp-json\/wp\/v2\/comments?post=390642"}],"version-history":[{"count":4,"href":"https:\/\/www.focolare.org\/pt-pt\/wp-json\/wp\/v2\/posts\/390642\/revisions"}],"predecessor-version":[{"id":392695,"href":"https:\/\/www.focolare.org\/pt-pt\/wp-json\/wp\/v2\/posts\/390642\/revisions\/392695"}],"wp:featuredmedia":[{"embeddable":true,"href":"https:\/\/www.focolare.org\/pt-pt\/wp-json\/wp\/v2\/media\/390651"}],"wp:attachment":[{"href":"https:\/\/www.focolare.org\/pt-pt\/wp-json\/wp\/v2\/media?parent=390642"}],"wp:term":[{"taxonomy":"category","embeddable":true,"href":"https:\/\/www.focolare.org\/pt-pt\/wp-json\/wp\/v2\/categories?post=390642"},{"taxonomy":"post_tag","embeddable":true,"href":"https:\/\/www.focolare.org\/pt-pt\/wp-json\/wp\/v2\/tags?post=390642"}],"curies":[{"name":"wp","href":"https:\/\/api.w.org\/{rel}","templated":true}]}}