{"id":393463,"date":"2026-01-01T00:05:00","date_gmt":"2025-12-31T23:05:00","guid":{"rendered":"https:\/\/www.focolare.org\/?p=393463"},"modified":"2025-12-31T17:39:02","modified_gmt":"2025-12-31T16:39:02","slug":"ha-um-so-corpo-e-um-so-espirito-como-tambem-e-uma-so-a-esperanca-da-vocacao-a-qual-fostes-chamados-ef-44","status":"publish","type":"post","link":"https:\/\/www.focolare.org\/pt-pt\/ha-um-so-corpo-e-um-so-espirito-como-tambem-e-uma-so-a-esperanca-da-vocacao-a-qual-fostes-chamados-ef-44\/","title":{"rendered":"\u201cH\u00e1 um s\u00f3 corpo e um s\u00f3 Esp\u00edrito, como tamb\u00e9m \u00e9 uma s\u00f3 a esperan\u00e7a da voca\u00e7\u00e3o \u00e0 qual fostes chamados.\u201d <br>(Ef 4,4)"},"content":{"rendered":"\n<p><\/p>\n\n<p>Durante a Semana de Ora\u00e7\u00e3o pela Unidade Crist\u00e3 <a href=\"#_ftn1\" id=\"_ftnref1\">[1]<\/a> somos convidados a concentrar nossa aten\u00e7\u00e3o em um tema espec\u00edfico: aquele que nos \u00e9 apresentado na carta de Paulo aos Ef\u00e9sios. Nas assim chamadas Ep\u00edstolas da Pris\u00e3o, ele se dirige aos seus destinat\u00e1rios exortando-os a darem um testemunho aut\u00eantico a respeito da pr\u00f3pria f\u00e9, vivendo a unidade. <\/p>\n\n<p>Essa unidade se baseia numa \u00fanica f\u00e9, num s\u00f3 esp\u00edrito, numa s\u00f3 esperan\u00e7a, e somente por meio dela se pode testemunhar Cristo como \u201ccorpo\u201d. <\/p>\n\n<p>\u201cH\u00e1 um s\u00f3 corpo e um s\u00f3 Esp\u00edrito, como tamb\u00e9m \u00e9 uma s\u00f3 a esperan\u00e7a da voca\u00e7\u00e3o \u00e0 qual fostes chamados.\u201d<\/p>\n\n<p>Paulo nos chama de novo \u00e0 esperan\u00e7a. O que \u00e9 a esperan\u00e7a? E por que somos convidados a viv\u00ea-la? Ela \u00e9 o broto de uma semente, um dom e um compromisso que temos o dever de proteger, cultivar e fazer frutificar para o bem de todos. \u201cA esperan\u00e7a crist\u00e3 atribui a n\u00f3s, como nosso lugar, aquele estreito divisor de \u00e1guas na crista da montanha, aquela fronteira onde nossa voca\u00e7\u00e3o exige que escolhamos cada dia e cada hora ser fi\u00e9is \u00e0 fidelidade que Deus tem por n\u00f3s.\u201d <a href=\"#_ftn2\" id=\"_ftnref2\">[2]<\/a>.    <\/p>\n\n<p> A nossa voca\u00e7\u00e3o, o chamado dos crist\u00e3os, n\u00e3o \u00e9 apenas uma rela\u00e7\u00e3o entre o indiv\u00edduo e Deus, mas \u00e9 \u201cconvoca\u00e7\u00e3o\u201d, ou seja, somos chamados juntos; \u00e9 o chamado \u00e0 unidade entre aqueles que se esfor\u00e7am para viver o Evangelho. Nos discursos e nos escritos de Chiara Lubich encontramos frequentemente refer\u00eancias expl\u00edcitas \u00e0 unidade, um aspecto t\u00edpico da sua espiritualidade: ela \u00e9 fruto da presen\u00e7a de Jesus entre n\u00f3s. E essa presen\u00e7a \u00e9 fonte de uma profunda felicidade.  <\/p>\n\n<p> \u201cSe a unidade \u00e9 t\u00e3o importante assim para o crist\u00e3o, consequentemente nada \u00e9 mais contr\u00e1rio \u00e0 sua voca\u00e7\u00e3o do que n\u00e3o ser fiel a ela. E pecamos contra a unidade todas as vezes que ca\u00edmos na tenta\u00e7\u00e3o \u2013 sempre presente \u2013 do individualismo, que nos leva a fazer tudo por conta pr\u00f3pria, a nos deixarmos levar por nossas ideias, nossos interesses ou nosso prest\u00edgio pessoal, ignorando ou at\u00e9 desprezando os outros, suas exig\u00eancias, seus direitos.\u201d <a href=\"#_ftn3\" id=\"_ftnref3\">[3]<\/a>. <\/p>\n\n<p>\u201cH\u00e1 um s\u00f3 corpo e um s\u00f3 Esp\u00edrito, como tamb\u00e9m \u00e9 uma s\u00f3 a esperan\u00e7a da voca\u00e7\u00e3o \u00e0 qual fostes chamados.\u201d<\/p>\n\n<p>Na Guatemala, o di\u00e1logo entre os membros das diferentes Igrejas crist\u00e3s \u00e9 muito ativo. Ramiro nos escreve: \u201cJuntamente com um grupo de pessoas de v\u00e1rias Igrejas, preparamos a Semana de <br\/>Ora\u00e7\u00e3o pela Unidade Crist\u00e3. No programa inclu\u00edmos um festival art\u00edstico organizado com os jovens, e diversas celebra\u00e7\u00f5es nas diferentes igrejas. A Confer\u00eancia dos bispos cat\u00f3licos nos pediu que d\u00e9ssemos continuidade a essa experi\u00eancia, a fim de preparar tamb\u00e9m um momento de partilha entre um grupo de bispos cat\u00f3licos e outras pessoas de diversas Igrejas, que vinham de todas as Am\u00e9ricas para um encontro dedicado a comemorar os 1.700 anos do Conc\u00edlio de Niceia. Para al\u00e9m dessas atividades, estamos experimentando de modo muito marcante a unidade entre todos n\u00f3s e sentimos os frutos que ela traz consigo: fraternidade, alegria, paz.\u201d  <\/p>\n\n<p class=\"has-text-align-right\"><em>Org.: Patrizia Mazzola com a comiss\u00e3o da Palavra de Vida<\/em><\/p>\n\n<div style=\"height:60px\" aria-hidden=\"true\" class=\"wp-block-spacer\"><\/div>\n\n<hr class=\"wp-block-separator has-alpha-channel-opacity\"\/>\n\n<p class=\"has-small-font-size\"><a href=\"#_ftnref1\" id=\"_ftn1\">[1]<\/a> Esta reflex\u00e3o foi escrita no Hemisf\u00e9rio Norte, onde a Semana de Ora\u00e7\u00e3o pela Unidade Crist\u00e3 (SOUC) \u00e9 celebrada de 18 a 25 de janeiro. No Hemisf\u00e9rio Sul ela se realiza entre o domingo em que se festeja a Ascens\u00e3o e o domingo de Pentecostes (em 2026 ser\u00e1 de 17 a 24 de maio). Mas o apelo \u00e0 esperan\u00e7a e \u00e0 unidade \u00e9 sempre atual, em todos os tempos e lugares. As ora\u00e7\u00f5es da SOUC deste ano foram preparadas por um grupo ecum\u00eanico coordenado por crist\u00e3os da Igreja Apost\u00f3lica Arm\u00eania.<\/p>\n\n<p class=\"has-small-font-size\"><a href=\"#_ftnref2\" id=\"_ftn2\">[2]<\/a> Madeleine Delbr\u00eal \u00e9 considerada por muitos uma das personalidades espirituais mais significativas do s\u00e9culo XX. Veja o trecho citado acima (tradu\u00e7\u00e3o livre nossa), em italiano, em: <a href=\"https:\/\/www.pasomv.it\/files\/bocc\/madalein_del_brel_noi_spes.pdf\">https:\/\/www.pasomv.it\/files\/bocc\/madalein_del_brel_noi_spes.pdf<\/a><a href=\"https:\/\/www.pasomv.it\/files\/bocc\/madalein_del_brel_noi_spes.pdf\"> <\/a>. <\/p>\n\n<p class=\"has-small-font-size\"><a href=\"#_ftnref3\" id=\"_ftn3\">[3]<\/a> LUBICH, Chiara. A aventura da unidade. Palavra de Vida, julho de 1985.<\/p>\n\n<p class=\"has-small-font-size\"><em>\u00a9 <\/em>Fotos: R\u00dc\u015eT\u00dc BOZKU\u015e &#8211; Pixabay &#8211; Lago di Iznik &#8211; Turchia<\/p>\n\n<div style=\"height:179px\" aria-hidden=\"true\" class=\"wp-block-spacer\"><\/div>\n","protected":false},"excerpt":{"rendered":"<p>Palavra de Vida \u2013 Janeiro de 2026<\/p>\n","protected":false},"author":33,"featured_media":393461,"comment_status":"open","ping_status":"open","sticky":false,"template":"","format":"standard","meta":{"give_campaign_id":0,"_seopress_robots_primary_cat":"","_seopress_titles_title":"","_seopress_titles_desc":"","_seopress_robots_index":"","_et_pb_use_builder":"","_et_pb_old_content":"","_et_gb_content_width":"","footnotes":""},"categories":[3602],"tags":[3347,3198],"class_list":["post-393463","post","type-post","status-publish","format-standard","has-post-thumbnail","hentry","category-parola-di-vita-pt-pt","tag-notifiche-pt-pt","tag-ppg-pt-pt"],"_links":{"self":[{"href":"https:\/\/www.focolare.org\/pt-pt\/wp-json\/wp\/v2\/posts\/393463","targetHints":{"allow":["GET"]}}],"collection":[{"href":"https:\/\/www.focolare.org\/pt-pt\/wp-json\/wp\/v2\/posts"}],"about":[{"href":"https:\/\/www.focolare.org\/pt-pt\/wp-json\/wp\/v2\/types\/post"}],"author":[{"embeddable":true,"href":"https:\/\/www.focolare.org\/pt-pt\/wp-json\/wp\/v2\/users\/33"}],"replies":[{"embeddable":true,"href":"https:\/\/www.focolare.org\/pt-pt\/wp-json\/wp\/v2\/comments?post=393463"}],"version-history":[{"count":2,"href":"https:\/\/www.focolare.org\/pt-pt\/wp-json\/wp\/v2\/posts\/393463\/revisions"}],"predecessor-version":[{"id":393771,"href":"https:\/\/www.focolare.org\/pt-pt\/wp-json\/wp\/v2\/posts\/393463\/revisions\/393771"}],"wp:featuredmedia":[{"embeddable":true,"href":"https:\/\/www.focolare.org\/pt-pt\/wp-json\/wp\/v2\/media\/393461"}],"wp:attachment":[{"href":"https:\/\/www.focolare.org\/pt-pt\/wp-json\/wp\/v2\/media?parent=393463"}],"wp:term":[{"taxonomy":"category","embeddable":true,"href":"https:\/\/www.focolare.org\/pt-pt\/wp-json\/wp\/v2\/categories?post=393463"},{"taxonomy":"post_tag","embeddable":true,"href":"https:\/\/www.focolare.org\/pt-pt\/wp-json\/wp\/v2\/tags?post=393463"}],"curies":[{"name":"wp","href":"https:\/\/api.w.org\/{rel}","templated":true}]}}