{"id":393879,"date":"2026-01-09T08:30:00","date_gmt":"2026-01-09T07:30:00","guid":{"rendered":"https:\/\/www.focolare.org\/?p=393879"},"modified":"2026-01-09T07:11:09","modified_gmt":"2026-01-09T06:11:09","slug":"venezuela-uma-mensagem-de-unidade-e-esperanca-dos-jovens","status":"publish","type":"post","link":"https:\/\/www.focolare.org\/pt-pt\/venezuela-uma-mensagem-de-unidade-e-esperanca-dos-jovens\/","title":{"rendered":"Venezuela: uma mensagem de unidade e esperan\u00e7a dos jovens"},"content":{"rendered":"\n<p><em>\u201cEm meio \u00e0 escurid\u00e3o que vivemos hoje na Venezuela, lembramos que n\u00e3o estamos sozinhos. Chiara Lubich descobriu, sob as bombas em 1943, que h\u00e1 um Ideal que nada nem ningu\u00e9m pode destruir: Deus nos ama imensamente\u201d.<\/em><\/p>\n\n<p>Assim come\u00e7a a <strong><em>\u201cMensagem de esperan\u00e7a e unidade\u201d<\/em><\/strong> que os <em>gen <\/em>(jovens que aderem \u00e0 espiritualidade do Movimento dos Focolares) venezuelanos que moram no pa\u00eds e em outras partes do mundo compartilharam na noite do \u00faltimo dia 05 de janeiro, encontrando-se online para orar e contar como cada um est\u00e1 vivendo essa \u00e9poca crucial para todo o povo, n\u00e3o se esquecendo jamais da escolha de amar a todos. \u00c9 forte a exig\u00eancia de enfrentar juntos este tempo que definiram como \u201csagrado\u201d: \u201cn\u00e3o estamos s\u00f3s porque temos o suporte das ora\u00e7\u00f5es de todos aqueles da Venezuela e do mundo inteiro que pedem a paz\u201d. <\/p>\n\n<p>A mensagem continua assim:<\/p>\n\n<p><em>\u201cHoje, o medo quer nos paralisar, mas a resposta n\u00e3o \u00e9 o \u00f3dio, e sim a unidade. Chiara nos ensinou <\/em><em> <\/em><em>que,<\/em><em> <\/em><em>quando tudo desmorona, a \u00fanica coisa que permanece \u00e9 o Amor. Se nos tornamos \u201cum\u201d, se cuidamos uns dos outros e colocamos Deus como nossa pedra angular, o medo perde sua for\u00e7a. <\/em><\/p>\n\n<p><em>N\u00e3o temos medo. Fa\u00e7amos deste momento uma oportunidade para: <\/em><\/p>\n\n<ul class=\"wp-block-list\">\n<li><em>Ter plena confian\u00e7a de que Deus \u00e9 Pai e n\u00e3o nos abandona, mesmo quando o panorama \u00e9 dif\u00edcil;<\/em><\/li>\n\n\n\n<li><em>Tornar-nos \u201cum\u201d: que a dor do pr\u00f3ximo seja nossa. Ajudemo-nos, compartilhemos o pouco ou o muito que temos e derrubemos os muros da indiferen\u00e7a; <\/em><\/li>\n\n\n\n<li><em>Ser construtuores de paz: que a nossa arma seja a solidariedade.<\/em><\/li>\n<\/ul>\n\n<p><em>Se permanecemos unidos, Jesus estar\u00e1 entre n\u00f3s e onde Ele est\u00e1, a luz acaba vencendo as trevas.<\/em><\/p>\n\n<p><em>For\u00e7a e confian\u00e7a!\u201d.<\/em><\/p>\n\n<p class=\"has-text-align-right has-small-font-size\"><em>Por: Reda\u00e7\u00e3o<\/em><br\/><em>Foto: Vista da cidade de Caracas (Venezuela) \u00a9 Pixabay<\/em><\/p>\n\n<p class=\"has-small-font-size\"><\/p>\n\n<div style=\"height:163px\" aria-hidden=\"true\" class=\"wp-block-spacer\"><\/div>\n","protected":false},"excerpt":{"rendered":"<p>\u201cN\u00e3o nos sentimos sozinhos porque temos o suporte das ora\u00e7\u00f5es de todos aqueles da Venezuela e do mundo inteiro que pedem a paz\u201d.<\/p>\n","protected":false},"author":34,"featured_media":393878,"comment_status":"open","ping_status":"open","sticky":false,"template":"","format":"standard","meta":{"give_campaign_id":0,"_seopress_robots_primary_cat":"","_seopress_titles_title":"","_seopress_titles_desc":"","_seopress_robots_index":"","_et_pb_use_builder":"","_et_pb_old_content":"","_et_gb_content_width":"","footnotes":""},"categories":[2941,2945,3288],"tags":[4239,3347,4240,3198,4238],"class_list":["post-393879","post","type-post","status-publish","format-standard","has-post-thumbnail","hentry","category-focolari-nel-mondo-3","category-nuove-generazioni-3","category-testimonianze-di-vita-pt-pt","tag-giovani-dei-focolari","tag-notifiche-pt-pt","tag-pace-e-riconciliazione","tag-ppg-pt-pt","tag-venezuela"],"_links":{"self":[{"href":"https:\/\/www.focolare.org\/pt-pt\/wp-json\/wp\/v2\/posts\/393879","targetHints":{"allow":["GET"]}}],"collection":[{"href":"https:\/\/www.focolare.org\/pt-pt\/wp-json\/wp\/v2\/posts"}],"about":[{"href":"https:\/\/www.focolare.org\/pt-pt\/wp-json\/wp\/v2\/types\/post"}],"author":[{"embeddable":true,"href":"https:\/\/www.focolare.org\/pt-pt\/wp-json\/wp\/v2\/users\/34"}],"replies":[{"embeddable":true,"href":"https:\/\/www.focolare.org\/pt-pt\/wp-json\/wp\/v2\/comments?post=393879"}],"version-history":[{"count":3,"href":"https:\/\/www.focolare.org\/pt-pt\/wp-json\/wp\/v2\/posts\/393879\/revisions"}],"predecessor-version":[{"id":393882,"href":"https:\/\/www.focolare.org\/pt-pt\/wp-json\/wp\/v2\/posts\/393879\/revisions\/393882"}],"wp:featuredmedia":[{"embeddable":true,"href":"https:\/\/www.focolare.org\/pt-pt\/wp-json\/wp\/v2\/media\/393878"}],"wp:attachment":[{"href":"https:\/\/www.focolare.org\/pt-pt\/wp-json\/wp\/v2\/media?parent=393879"}],"wp:term":[{"taxonomy":"category","embeddable":true,"href":"https:\/\/www.focolare.org\/pt-pt\/wp-json\/wp\/v2\/categories?post=393879"},{"taxonomy":"post_tag","embeddable":true,"href":"https:\/\/www.focolare.org\/pt-pt\/wp-json\/wp\/v2\/tags?post=393879"}],"curies":[{"name":"wp","href":"https:\/\/api.w.org\/{rel}","templated":true}]}}