{"id":396990,"date":"2026-03-09T05:00:00","date_gmt":"2026-03-09T04:00:00","guid":{"rendered":"https:\/\/www.focolare.org\/?p=396990"},"modified":"2026-03-06T15:16:56","modified_gmt":"2026-03-06T14:16:56","slug":"evangelho-vivido-levantai-vos-nao-tenhais-medo-mt-177","status":"publish","type":"post","link":"https:\/\/www.focolare.org\/pt-pt\/evangelho-vivido-levantai-vos-nao-tenhais-medo-mt-177\/","title":{"rendered":"Evangelho vivido: \u201cLevantai-vos, n\u00e3o tenhais medo\u201d (Mt 17,7)"},"content":{"rendered":"\n<p><strong>Como um gr\u00e3o de trigo maduro<\/strong><\/p>\n\n\n\n<p>Quase tr\u00eas anos ap\u00f3s a chegada, os exames revelaram que Elio tinha um tumor com met\u00e1stases disseminadas. A cirurgia foi in\u00fatil. Uma pergunta surgiu espontaneamente em mim: por que isso aconteceu justamente com ele, uma pessoa no auge de sua maturidade humana e espiritual, que ainda podia contribuir tanto para nossa comunidade, onde sua presen\u00e7a s\u00e1bia e serena j\u00e1 havia melhorado uma situa\u00e7\u00e3o t\u00e3o dif\u00edcil? Meu grito foi doloroso, quase de revolta. Ent\u00e3o, conversando com os irm\u00e3os, revisamos alguns exemplos da B\u00edblia, de Abra\u00e3o a J\u00f3, sem respostas imediatas. Certos eventos n\u00e3o podem ser explicados sem f\u00e9. Naqueles dias, por acaso, li um texto esclarecedor de S\u00e3o Le\u00e3o Magno: &#8220;A Igreja \u00e9 o campo do Senhor que se cobre de uma colheita cada vez mais rica, porque os gr\u00e3os que caem um a um renascem multiplicados&#8221;. Pronto! Somente com essa perspectiva pude aceitar a partida de um querido amigo para o C\u00e9u. Caiu como um grande gr\u00e3o de trigo maduro. Eu precisava acreditar que ele cresceria e se tornaria uma espiga cheia e bela.<\/p>\n\n\n\n<p>(G. \u2013 B\u00e9lgica)<\/p>\n\n\n\n<p><strong>Pequenos e grandes milagres<\/strong><\/p>\n\n\n\n<p>Nasci no Brasil, mas vivi por nove anos em outro pa\u00eds da Am\u00e9rica Latina, com infla\u00e7\u00e3o galopante e pobreza generalizada, o que alimentava a criminalidade. Um dia, uma amiga veio at\u00e9 mim chorando porque acabara de ser roubada, perdendo a \u00fanica fonte de renda que sustentava sua fam\u00edlia, j\u00e1 que seu marido estava desempregado e ela tinha quatro filhos. O que eu poderia fazer? Simplesmente tentei consol\u00e1-la, aconselhando-a a perdoar e orar para que o ladr\u00e3o se convertesse. Mas ela respondeu que jamais faria isso. &#8220;Nesse caso&#8221;, respondi, &#8220;vou orar por ele&#8221;. Alguns dias depois, essa mesma amiga voltou a me procurar, mas desta vez com um semblante e uma alma completamente diferentes: feliz, ela me contou que o ladr\u00e3o devia ter se arrependido de verdade, pois havia deixado a bolsa roubada em uma loja que ela conhecia. E, surpreendentemente, seu dinheiro ainda estava l\u00e1 dentro; nada havia sumido.<\/p>\n\n\n\n<p>(T.G.S.C. \u2013 Brasil)<\/p>\n\n\n\n<p><strong>Em uma cadeira de rodas<\/strong><\/p>\n\n\n\n<p>Por muito tempo, devido \u00e0 artrite reumatoide, vivi em uma cadeira de rodas. Entre interna\u00e7\u00f5es e cirurgias, passei tr\u00eas anos da minha vida no hospital. Muitas vezes, devido \u00e0 dor excruciante, me vejo completamente im\u00f3vel, incapaz at\u00e9 mesmo de pentear o cabelo ou pegar um copo. H\u00e1 tantas coisas que antes me eram caras e que tive que abandonar. No entanto, tenho uma natureza brincalhona e costumo reagir \u00e0 doen\u00e7a com um toque de humor. Aos poucos, compreender a &#8220;sabedoria da cruz&#8221; me ajudou a abra\u00e7ar a dor como a forma mais sublime de amor e a oferecer o sofrimento da minha vida especialmente por aqueles que mais precisam, pela Igreja, pela unidade que Jesus pediu. Agora n\u00e3o pergunto mais a Deus &#8220;Por qu\u00ea?&#8221;, mas apenas: &#8220;Ajuda-me, Senhor&#8221;. Tento n\u00e3o sobrecarregar os outros com meus problemas f\u00edsicos e parece que tenho bastante sucesso, tanto que eles me acham muito alegre. Tudo coopera para o bem se estivermos abertos ao amor de Deus. Na verdade, todos na fam\u00edlia sentiram a necessidade de dar um salto em frente. As pr\u00f3prias crian\u00e7as amadureceram rapidamente, tornando-se mais respons\u00e1veis.<\/p>\n\n\n\n<p>(Branka \u2013 Cro\u00e1cia)<\/p>\n\n\n\n<p class=\"has-text-align-right\">Por Maria Grazia Berretta<\/p>\n\n\n\n<p class=\"has-text-align-right\">(extra\u00edso de \u201cIl Vangelo del Giorno\u201d, Citt\u00e0 Nuova, ano XII\u2013 n.1\u00b0 mar\u00e7o-abril de 2026)<\/p>\n\n\n\n<div style=\"height:65px\" aria-hidden=\"true\" class=\"wp-block-spacer\"><\/div>\n\n\n\n<p>Fotos: \u00a9Pexels-Shvets-Production<br><br><\/p>\n","protected":false},"excerpt":{"rendered":"<p>Um convite que evoca a Ressurrei\u00e7\u00e3o e abre o caminho para uma nova vida, fundada n\u00e3o na nossa pr\u00f3pria for\u00e7a, mas na gra\u00e7a de Deus que vence todo o medo. Mesmo em tempos de dificuldades e crises, o amor de Cristo est\u00e1 presente e, se vivenciado em comunh\u00e3o com os outros, \u00e9 capaz de dar ainda mais coragem e esperan\u00e7a para recome\u00e7ar. <\/p>\n","protected":false},"author":33,"featured_media":396989,"comment_status":"open","ping_status":"open","sticky":false,"template":"","format":"standard","meta":{"give_campaign_id":0,"_seopress_robots_primary_cat":"","_seopress_titles_title":"","_seopress_titles_desc":"","_seopress_robots_index":"","_et_pb_use_builder":"","_et_pb_old_content":"","_et_gb_content_width":"","footnotes":""},"categories":[3288],"tags":[3347,3198],"class_list":["post-396990","post","type-post","status-publish","format-standard","has-post-thumbnail","hentry","category-testimonianze-di-vita-pt-pt","tag-notifiche-pt-pt","tag-ppg-pt-pt"],"_links":{"self":[{"href":"https:\/\/www.focolare.org\/pt-pt\/wp-json\/wp\/v2\/posts\/396990","targetHints":{"allow":["GET"]}}],"collection":[{"href":"https:\/\/www.focolare.org\/pt-pt\/wp-json\/wp\/v2\/posts"}],"about":[{"href":"https:\/\/www.focolare.org\/pt-pt\/wp-json\/wp\/v2\/types\/post"}],"author":[{"embeddable":true,"href":"https:\/\/www.focolare.org\/pt-pt\/wp-json\/wp\/v2\/users\/33"}],"replies":[{"embeddable":true,"href":"https:\/\/www.focolare.org\/pt-pt\/wp-json\/wp\/v2\/comments?post=396990"}],"version-history":[{"count":3,"href":"https:\/\/www.focolare.org\/pt-pt\/wp-json\/wp\/v2\/posts\/396990\/revisions"}],"predecessor-version":[{"id":397003,"href":"https:\/\/www.focolare.org\/pt-pt\/wp-json\/wp\/v2\/posts\/396990\/revisions\/397003"}],"wp:featuredmedia":[{"embeddable":true,"href":"https:\/\/www.focolare.org\/pt-pt\/wp-json\/wp\/v2\/media\/396989"}],"wp:attachment":[{"href":"https:\/\/www.focolare.org\/pt-pt\/wp-json\/wp\/v2\/media?parent=396990"}],"wp:term":[{"taxonomy":"category","embeddable":true,"href":"https:\/\/www.focolare.org\/pt-pt\/wp-json\/wp\/v2\/categories?post=396990"},{"taxonomy":"post_tag","embeddable":true,"href":"https:\/\/www.focolare.org\/pt-pt\/wp-json\/wp\/v2\/tags?post=396990"}],"curies":[{"name":"wp","href":"https:\/\/api.w.org\/{rel}","templated":true}]}}