{"id":400506,"date":"2026-03-30T05:00:00","date_gmt":"2026-03-30T03:00:00","guid":{"rendered":"https:\/\/www.focolare.org\/?p=400506"},"modified":"2026-03-30T19:12:44","modified_gmt":"2026-03-30T17:12:44","slug":"o-convite-a-uma-verdadeira-guinada","status":"publish","type":"post","link":"https:\/\/www.focolare.org\/pt-pt\/o-convite-a-uma-verdadeira-guinada\/","title":{"rendered":"O convite a uma verdadeira guinada"},"content":{"rendered":"\n<p>Um verdadeiro encorajamento pastoral, fruto de uma leitura profunda do tempo que estamos vivendo: foi isso que representaram para n\u00f3s as palavras proferidas pelo papa Le\u00e3o XIV no encontro do dia 21 de mar\u00e7o, um momento de gra\u00e7a especial e de profunda alegria que deixou uma marca indel\u00e9vel nos cora\u00e7\u00f5es dos 300 participantes na audi\u00eancia no Vaticano. T\u00ednhamos conclu\u00eddo a Assembleia geral, convocada de cinco em cinco anos para eleger a presidente, o copresidente e o governo da Obra de Maria \u2013 Movimento dos Focolares, e acolhemos o que o Papa nos disse como uma orienta\u00e7\u00e3o plena de sabedoria para o futuro e para o servi\u00e7o que somos chamados a prestar hoje \u00e0 Igreja e ao mundo. <\/p>\n\n<p>O Pont\u00edfice reconheceu, inicialmente, o dom que o carisma de Chiara Lubich representa para a Igreja: um dom que moldou a vida de muitas pessoas, fam\u00edlias, consagrados e sacerdotes, e que continua a gerar frutos de comunh\u00e3o, de di\u00e1logo e de paz nos contextos mais diversos. Ao mesmo tempo, situou esse dom no dinamismo vivo da hist\u00f3ria, recordando-nos que cada carisma \u00e9 confiado \u00e0 responsabilidade de quem o recebe e \u00e9 chamado a encarn\u00e1-lo de forma sempre nova. <\/p>\n\n<p>Le\u00e3o XIV reafirmou-nos na ess\u00eancia do nosso carisma: a unidade. Uma unidade que n\u00e3o nasce de equil\u00edbrios organizacionais ou de estrat\u00e9gias humanas, mas que \u00e9 \u201cfruto e reflexo da unidade de Cristo com o Pai\u201d. Por isso \u2014 recordou-nos \u2014 ela n\u00e3o pode ser confundida com a uniformidade de pensamento, de sensibilidade ou de estilo de vida. Pelo contr\u00e1rio, a unidade autenticamente evang\u00e9lica valoriza as diferen\u00e7as, respeita a liberdade e a consci\u00eancia de cada um, e constr\u00f3i-se na escuta rec\u00edproca e na busca partilhada da vontade de Deus.   <\/p>\n\n<p>Em uma \u00e9poca marcada por profundas polariza\u00e7\u00f5es, tens\u00f5es sociais e conflitos armados, o Papa apontou a unidade como uma verdadeira for\u00e7a prof\u00e9tica. Uma semente simples, mas potente, capaz de servir de contrapeso contra \u201co veneno da divis\u00e3o\u201d que contamina os cora\u00e7\u00f5es e as rela\u00e7\u00f5es, por meio do testemunho evang\u00e9lico do di\u00e1logo, do perd\u00e3o e da paz. \u00c9 um apelo que sentimos profundamente nosso e que interpela cada membro do nosso Movimento a ser fermento de reconcilia\u00e7\u00e3o nos contextos quotidianos.  <\/p>\n\n<figure data-wp-context=\"{&quot;imageId&quot;:&quot;69f40d5fc43e1&quot;}\" data-wp-interactive=\"core\/image\" data-wp-key=\"69f40d5fc43e1\" class=\"wp-block-image size-large wp-lightbox-container\"><img alt=\"\" alt=\"\" loading=\"lazy\" decoding=\"async\" width=\"2048\" height=\"1365\" data-wp-class--hide=\"state.isContentHidden\" data-wp-class--show=\"state.isContentVisible\" data-wp-init=\"callbacks.setButtonStyles\" data-wp-on--click=\"actions.showLightbox\" data-wp-on--load=\"callbacks.setButtonStyles\" data-wp-on-window--resize=\"callbacks.setButtonStyles\" src=\"https:\/\/www.focolare.org\/wp-content\/uploads\/2026\/03\/MAR3931-2048x1365.jpg\" alt=\"\" class=\"wp-image-400150\" srcset=\"https:\/\/www.focolare.org\/wp-content\/uploads\/2026\/03\/MAR3931-2048x1365.jpg 2048w, https:\/\/www.focolare.org\/wp-content\/uploads\/2026\/03\/MAR3931-1280x854.jpg 1280w, https:\/\/www.focolare.org\/wp-content\/uploads\/2026\/03\/MAR3931-980x653.jpg 980w, https:\/\/www.focolare.org\/wp-content\/uploads\/2026\/03\/MAR3931-480x320.jpg 480w\" sizes=\"(min-width: 0px) and (max-width: 480px) 480px, (min-width: 481px) and (max-width: 980px) 980px, (min-width: 981px) and (max-width: 1280px) 1280px, (min-width: 1281px) 2048px, 100vw\" \/><button\n\t\t\tclass=\"lightbox-trigger\"\n\t\t\ttype=\"button\"\n\t\t\taria-haspopup=\"dialog\"\n\t\t\taria-label=\"Ampliar\"\n\t\t\tdata-wp-init=\"callbacks.initTriggerButton\"\n\t\t\tdata-wp-on--click=\"actions.showLightbox\"\n\t\t\tdata-wp-style--right=\"state.imageButtonRight\"\n\t\t\tdata-wp-style--top=\"state.imageButtonTop\"\n\t\t>\n\t\t\t<svg xmlns=\"http:\/\/www.w3.org\/2000\/svg\" width=\"12\" height=\"12\" fill=\"none\" viewBox=\"0 0 12 12\">\n\t\t\t\t<path fill=\"#fff\" d=\"M2 0a2 2 0 0 0-2 2v2h1.5V2a.5.5 0 0 1 .5-.5h2V0H2Zm2 10.5H2a.5.5 0 0 1-.5-.5V8H0v2a2 2 0 0 0 2 2h2v-1.5ZM8 12v-1.5h2a.5.5 0 0 0 .5-.5V8H12v2a2 2 0 0 1-2 2H8Zm2-12a2 2 0 0 1 2 2v2h-1.5V2a.5.5 0 0 0-.5-.5H8V0h2Z\" \/>\n\t\t\t<\/svg>\n\t\t<\/button><\/figure>\n\n<p>Com particular clareza, o Santo Padre indicou depois uma responsabilidade espec\u00edfica na fase p\u00f3s-funda\u00e7\u00e3o, que se segue, isto \u00e9, \u00e0 morte da nossa fundadora, Chiara Lubich. N\u00e3o se trata de uma etapa j\u00e1 conclu\u00edda, mas de um tempo que continua e que exige um discernimento constante, maduro e, sobretudo, partilhado. Chamou-nos a distinguir aquilo que pertence ao n\u00facleo essencial do nosso carisma daquilo que, embora tenha acompanhado a nossa hist\u00f3ria, j\u00e1 n\u00e3o o \u00e9, ou revelou, ao longo do tempo, limites, ambiguidades e pontos cr\u00edticos. Esse discernimento \u2014 sublinhou \u2014 n\u00e3o pode ser confiado a poucos, mas envolve todo o corpo do Movimento. O carisma, de fato, \u00e9 uma d\u00e1diva do Esp\u00edrito Santo, e todos t\u00eam o direito e o dever de se sentirem correspons\u00e1veis pela obra \u00e0 qual aderiram com dedica\u00e7\u00e3o.    <\/p>\n\n<p>Gostaria tamb\u00e9m de referir as palavras que o novo copresidente, padre Roberto Almada, proferiu, comentando esta parte do discurso do Santo Padre, captando o seu grande alcance: reconheceu que Ele nos falou \u201ccomo um pai\u201d. Acrescentou ainda que o Papa nos encorajou no caminho que, de fato, j\u00e1 empreendemos h\u00e1 alguns anos, de escuta das pessoas que sofreram e de revis\u00e3o das pr\u00e1ticas, mas, ao mesmo tempo, chamou-nos a uma convers\u00e3o mais profunda. <\/p>\n\n<p>A convers\u00e3o a que o Papa nos chama parte de uma mudan\u00e7a pessoal de mentalidade e, portanto, n\u00e3o se trata apenas de reformar estruturas ou institui\u00e7\u00f5es. No centro de tudo est\u00e1 a forma de viver as rela\u00e7\u00f5es, o respeito pela dignidade da pessoa e o exerc\u00edcio correto das fun\u00e7\u00f5es de responsabilidade, vividos como servi\u00e7o. Neste sentido, o Papa recordou-nos que s\u00f3 um estilo evang\u00e9lico pode fazer \u201cbrilhar a beleza\u201d do Evangelho nas rela\u00e7\u00f5es e nas estruturas.  <\/p>\n\n<p>Impressionou-me particularmente a insist\u00eancia do papa Le\u00e3o XIV na caridade, como alimento indispens\u00e1vel da unidade. Recorrendo \u00e0 primeira carta aos Cor\u00edntios, recordou que a caridade \u00e9 paciente, magn\u00e2nima, respeitosa, e que sem ela a unidade corre o risco de esvaziar-se. Nessas palavras, reencontrei o cerne da intui\u00e7\u00e3o de Chiara Lubich, que via na unidade n\u00e3o apenas um ideal espiritual, mas a \u201crocha\u201d sobre a qual se alicer\u00e7a toda a vida do Movimento.  <\/p>\n\n<p>Come\u00e7a agora para o Movimento dos Focolares um novo mandato; cinco anos em que sentimos que olhar para o futuro significa acolher e fazer uma verdadeira guinada. Uma guinada que exige convers\u00e3o pessoal e comunit\u00e1ria, uma escuta renovada do grito da humanidade de hoje e o compromisso de testemunhar a unidade n\u00e3o tanto com palavras, mas com a vida. A nossa Assembleia Geral, formada por pessoas que representavam todas as voca\u00e7\u00f5es, in\u00fameras culturas, l\u00ednguas e povos, fez-nos experimentar a riqueza de uma corresponsabilidade difusa e um novo entusiasmo: sinais de que o Esp\u00edrito continua a acompanhar-nos tamb\u00e9m nesta passagem delicada.  <\/p>\n\n<p>Com profunda gratid\u00e3o, acolhemos, ent\u00e3o, o encorajamento do Santo Padre e o seu convite a prosseguir no caminho. Fazemos isso com humildade e confian\u00e7a, certos de que, se vivermos a unidade como um dom gratuito e como uma tarefa di\u00e1ria, ela poder\u00e1 contribuir para a miss\u00e3o da Igreja e ser cada vez mais fermento de paz para o mundo. <\/p>\n\n<p class=\"has-text-align-right\"><em>Margaret Karram<br\/>Presidente do Movimento dos Focolares<\/em><\/p>\n\n<p>Publicado no <strong><a href=\"https:\/\/www.osservatoreromano.va\/it\/news\/2026-03\/quo-070\/l-invito-a-una-vera-svolta.html\" target=\"_blank\" rel=\"noreferrer noopener\">L\u2019Osservatore Romano <\/a><\/strong>em 26 de mar\u00e7o de 2026<br\/>(Tradu\u00e7\u00f5es: Servi\u00e7os Lingu\u00edsticos do Movimento dos Focolares)<br\/>Foto: <em>\u00a9 Vatican Media<\/em><\/p>\n\n<div style=\"height:194px\" aria-hidden=\"true\" class=\"wp-block-spacer\"><\/div>\n","protected":false},"excerpt":{"rendered":"<p>Le\u00e3o XIV encontra o Movimento dos Focolares e confirma o Carisma da Unidade, que n\u00e3o \u00e9 fruto de equil\u00edbrios organizacionais ou estrat\u00e9gias humanas, mas sim reflexo da rela\u00e7\u00e3o entre Cristo e o Pai. Um artigo de Margaret Karram para o \u00abL&#8217;Osservatore Romano\u00bb. <\/p>\n","protected":false},"author":34,"featured_media":400244,"comment_status":"open","ping_status":"open","sticky":false,"template":"","format":"standard","meta":{"give_campaign_id":0,"_seopress_robots_primary_cat":"","_seopress_titles_title":"","_seopress_titles_desc":"","_seopress_robots_index":"","_et_pb_use_builder":"","_et_pb_old_content":"","_et_gb_content_width":"","footnotes":""},"categories":[2957,3168],"tags":[4139,3347,3198],"class_list":["post-400506","post","type-post","status-publish","format-standard","has-post-thumbnail","hentry","category-centro-internazionale-3","category-margaret-karram-pt-pt","tag-assemblea-generale-2026-pt-pt","tag-notifiche-pt-pt","tag-ppg-pt-pt"],"_links":{"self":[{"href":"https:\/\/www.focolare.org\/pt-pt\/wp-json\/wp\/v2\/posts\/400506","targetHints":{"allow":["GET"]}}],"collection":[{"href":"https:\/\/www.focolare.org\/pt-pt\/wp-json\/wp\/v2\/posts"}],"about":[{"href":"https:\/\/www.focolare.org\/pt-pt\/wp-json\/wp\/v2\/types\/post"}],"author":[{"embeddable":true,"href":"https:\/\/www.focolare.org\/pt-pt\/wp-json\/wp\/v2\/users\/34"}],"replies":[{"embeddable":true,"href":"https:\/\/www.focolare.org\/pt-pt\/wp-json\/wp\/v2\/comments?post=400506"}],"version-history":[{"count":1,"href":"https:\/\/www.focolare.org\/pt-pt\/wp-json\/wp\/v2\/posts\/400506\/revisions"}],"predecessor-version":[{"id":400507,"href":"https:\/\/www.focolare.org\/pt-pt\/wp-json\/wp\/v2\/posts\/400506\/revisions\/400507"}],"wp:featuredmedia":[{"embeddable":true,"href":"https:\/\/www.focolare.org\/pt-pt\/wp-json\/wp\/v2\/media\/400244"}],"wp:attachment":[{"href":"https:\/\/www.focolare.org\/pt-pt\/wp-json\/wp\/v2\/media?parent=400506"}],"wp:term":[{"taxonomy":"category","embeddable":true,"href":"https:\/\/www.focolare.org\/pt-pt\/wp-json\/wp\/v2\/categories?post=400506"},{"taxonomy":"post_tag","embeddable":true,"href":"https:\/\/www.focolare.org\/pt-pt\/wp-json\/wp\/v2\/tags?post=400506"}],"curies":[{"name":"wp","href":"https:\/\/api.w.org\/{rel}","templated":true}]}}