{"id":401671,"date":"2026-05-01T00:05:00","date_gmt":"2026-04-30T22:05:00","guid":{"rendered":"https:\/\/www.focolare.org\/?p=401671"},"modified":"2026-04-30T15:27:19","modified_gmt":"2026-04-30T13:27:19","slug":"como-o-pai-me-enviou-eu-tambem-vos-envio-dito-isso-soprou-sobre-eles-e-falou-recebei-o-espirito-santo-jo-2021-22","status":"publish","type":"post","link":"https:\/\/www.focolare.org\/pt-pt\/como-o-pai-me-enviou-eu-tambem-vos-envio-dito-isso-soprou-sobre-eles-e-falou-recebei-o-espirito-santo-jo-2021-22\/","title":{"rendered":"\u201c\u2018Como o Pai me enviou, eu tamb\u00e9m vos envio.\u2019<br>Dito isso, soprou sobre eles e falou: \u2018Recebei o Esp\u00edrito Santo\u2019.\u201d (Jo 20,21-22)"},"content":{"rendered":"\n<p><\/p>\n\n<p>Na manh\u00e3 da P\u00e1scoa, o Ressuscitado apareceu primeiramente a Maria Madalena; e na noite daquele mesmo dia, pela primeira vez, Ele esteve entre os seus disc\u00edpulos. A rea\u00e7\u00e3o imediata deles foi de alegria, enriquecida pela paz, a verdadeira paz que s\u00f3 Ele pode dar <a href=\"#_ftn1\" id=\"_ftnref1\">[1]<\/a>: \u201cA paz esteja convosco\u201d (Jo 20,21). Alegria e paz s\u00e3o frutos do Esp\u00edrito <a href=\"#_ftn2\" id=\"_ftnref2\">[2]<\/a>.   De fato, Jesus imediatamente lhes diz: \u201cRecebei o Esp\u00edrito Santo\u201d (Jo 20,22). <\/p>\n\n<p>\u201c\u2018Como o Pai me enviou, eu tamb\u00e9m vos envio.\u2019<br\/>Dito isso, soprou sobre eles e falou: \u2018Recebei o Esp\u00edrito <br\/>Santo\u2019.\u201d<\/p>\n\n<p>O Esp\u00edrito Santo n\u00e3o s\u00f3 capacita os disc\u00edpulos para a mesma miss\u00e3o que Jesus recebeu do Pai, mas tamb\u00e9m os \u201crecria\u201d como uma nova humanidade. O gesto do Ressuscitado, de soprar sobre eles, \u00e9 o mesmo gesto do Criador ao soprar nas narinas do homem formado com o p\u00f3 do solo <a href=\"#_ftn3\" id=\"_ftnref3\">[3]<\/a>. Assim como a Cria\u00e7\u00e3o \u00e9 a obra cont\u00ednua do amor do Pai que sustenta todo o universo, da mesma forma a Nova Cria\u00e7\u00e3o realizada pelo Ressuscitado no Esp\u00edrito Santo sustenta continuamente a humanidade que caminha rumo ao Reino.  <\/p>\n\n<p>A Palavra de Vida deste m\u00eas nos lembra que temos uma grande possibilidade na vida: tornarmo-nos \u201coutros Jesus\u201d. Isso \u00e9 verdade para cada um de n\u00f3s individualmente, mas ainda mais como comunidade. Jesus fala aos seus disc\u00edpulos no plural: de fato, somente juntos, todos os membros com suas caracter\u00edsticas espec\u00edficas podem \u201crepetir\u201d o Corpo M\u00edstico de Jesus.   <\/p>\n\n<p>\u201c\u2018Como o Pai me enviou, eu tamb\u00e9m vos envio.\u2019<br\/>Dito isso, soprou sobre eles e falou: \u2018Recebei o Esp\u00edrito <br\/>Santo\u2019.\u201d<\/p>\n\n<p>Por sermos filhos no Filho, temos, portanto, a mesma voca\u00e7\u00e3o de Jesus: viemos do seio do Pai e somos chamados a retornar a Ele, repetindo no mundo seus atos e suas palavras, acompanhados pela gra\u00e7a do Esp\u00edrito Santo. Se nos abrirmos a esse dom, tamb\u00e9m n\u00f3s poderemos afirmar com Paulo: \u201cEu vivo, mas n\u00e3o eu: \u00e9 Cristo que vive em mim.\u201d<a href=\"#_ftn4\" id=\"_ftnref4\">[4]<\/a>. <\/p>\n\n<p>Portanto, esta Palavra de Vida nos convida a aprofundar nosso relacionamento com o Esp\u00edrito Santo, seja na ora\u00e7\u00e3o, seja na vida cotidiana, \u201cescutando aquela voz\u201d e lembrando-nos de que: \u201cSem o Esp\u00edrito Santo, Deus est\u00e1 distante, Cristo permanece no passado, o Evangelho \u00e9 letra morta, a Igreja \u00e9 mera organiza\u00e7\u00e3o, a miss\u00e3o \u00e9 uma propaganda.<\/p>\n\n<p>Mas no Esp\u00edrito Santo, o cosmos se eleva e geme na gesta\u00e7\u00e3o do Reino, Cristo ressuscitado est\u00e1 presente, o Evangelho \u00e9 poder de vida, a Igreja significa comunh\u00e3o trinit\u00e1ria, a miss\u00e3o \u00e9 um Pentecostes.\u201d<a href=\"#_ftn5\" id=\"_ftnref5\">[5]<\/a>.<\/p>\n\n<p>\u201c\u2018Como o Pai me enviou, eu tamb\u00e9m vos envio.\u2019<br\/>Dito isso, soprou sobre eles e falou: \u2018Recebei o Esp\u00edrito <br\/>Santo\u2019.\u201d<\/p>\n\n<p>Andr\u00e9 \u00e9 um adolescente em plena crise existencial: as d\u00favidas sobre o sentido da vida, o medo diante do futuro e as pr\u00f3prias fragilidades lhe parecem montanhas intranspon\u00edveis. Ele frequentemente se sente desanimado e infeliz. Algu\u00e9m sugere que ele converse com Chiara Lubich sobre isso.  Poucos momentos antes desse encontro, Andr\u00e9 ouve Chiara sussurrando as palavras \u201cEsp\u00edrito Santo\u201d \u2013 e entende que Chiara est\u00e1 rezando. <\/p>\n\n<p>Durante a conversa, Andr\u00e9 se sente profundamente compreendido, ouvido e aceito exatamente como ele \u00e9. E encontra novamente a paz: n\u00e3o porque seus problemas desapareceram de repente, mas porque agora existe algu\u00e9m com quem ele pode compartilh\u00e1-los.  <\/p>\n\n<p>\u201cDe Chiara eu recebi n\u00e3o s\u00f3 uma ajuda concreta\u201d, confidenciounos ele, anos mais tarde, \u201cmas tamb\u00e9m aprendi um estilo: colocar-se ao lado de quem sofre, com sensibilidade e compreens\u00e3o, sem julgar. Exatamente como Jesus faria.\u201d <\/p>\n\n<p>Somente o Esp\u00edrito Santo pode realizar isso, se o acolhermos e se permitirmos que Ele atue em n\u00f3s. <\/p>\n\n<p class=\"has-text-align-right\">Org.: Claudio Cianfaglioni com a comiss\u00e3o da Palavra de Vida<\/p>\n\n<hr class=\"wp-block-separator has-alpha-channel-opacity\"\/>\n\n<div style=\"height:61px\" aria-hidden=\"true\" class=\"wp-block-spacer\"><\/div>\n\n<p>Foto: \u00a9 CSC &#8211; Audiovisivi<\/p>\n\n<p class=\"has-small-font-size\"><a href=\"#_ftnref1\" id=\"_ftn1\">[1]<\/a> Cf. Jo 14,27.<\/p>\n\n<p class=\"has-small-font-size\"><a href=\"#_ftnref2\" id=\"_ftn2\">[2]<\/a> \u201cO fruto do Esp\u00edrito, por\u00e9m, \u00e9: amor, alegria, paz, paci\u00eancia\u2026\u201d (Gl 5,22). <\/p>\n\n<p class=\"has-small-font-size\"><a href=\"#_ftnref3\" id=\"_ftn3\">[3]<\/a> Cf. Gn 2,7.  <\/p>\n\n<p class=\"has-small-font-size\"><a href=\"#_ftnref4\" id=\"_ftn4\">[4]<\/a> Gl 2,20.<\/p>\n\n<p class=\"has-small-font-size\"><a href=\"#_ftnref5\" id=\"_ftn5\">[5]<\/a> IN\u00c1CIO, metropolita de Laodiceia; Assembleia Geral do Conselho Mundial de Igrejas, 5 de julho de 1968; citado pelo Papa Francisco na Homilia da solenidade de Pentecostes, 31 de maio de 2020 <\/p>\n","protected":false},"excerpt":{"rendered":"<p>Palavra de Vida \u2013 Maio de 2026<\/p>\n","protected":false},"author":33,"featured_media":401974,"comment_status":"open","ping_status":"open","sticky":false,"template":"","format":"standard","meta":{"give_campaign_id":0,"_seopress_robots_primary_cat":"","_seopress_titles_title":"","_seopress_titles_desc":"","_seopress_robots_index":"","_et_pb_use_builder":"","_et_pb_old_content":"","_et_gb_content_width":"","footnotes":""},"categories":[3602],"tags":[3347,3198],"class_list":["post-401671","post","type-post","status-publish","format-standard","has-post-thumbnail","hentry","category-parola-di-vita-pt-pt","tag-notifiche-pt-pt","tag-ppg-pt-pt"],"_links":{"self":[{"href":"https:\/\/www.focolare.org\/pt-pt\/wp-json\/wp\/v2\/posts\/401671","targetHints":{"allow":["GET"]}}],"collection":[{"href":"https:\/\/www.focolare.org\/pt-pt\/wp-json\/wp\/v2\/posts"}],"about":[{"href":"https:\/\/www.focolare.org\/pt-pt\/wp-json\/wp\/v2\/types\/post"}],"author":[{"embeddable":true,"href":"https:\/\/www.focolare.org\/pt-pt\/wp-json\/wp\/v2\/users\/33"}],"replies":[{"embeddable":true,"href":"https:\/\/www.focolare.org\/pt-pt\/wp-json\/wp\/v2\/comments?post=401671"}],"version-history":[{"count":3,"href":"https:\/\/www.focolare.org\/pt-pt\/wp-json\/wp\/v2\/posts\/401671\/revisions"}],"predecessor-version":[{"id":401986,"href":"https:\/\/www.focolare.org\/pt-pt\/wp-json\/wp\/v2\/posts\/401671\/revisions\/401986"}],"wp:featuredmedia":[{"embeddable":true,"href":"https:\/\/www.focolare.org\/pt-pt\/wp-json\/wp\/v2\/media\/401974"}],"wp:attachment":[{"href":"https:\/\/www.focolare.org\/pt-pt\/wp-json\/wp\/v2\/media?parent=401671"}],"wp:term":[{"taxonomy":"category","embeddable":true,"href":"https:\/\/www.focolare.org\/pt-pt\/wp-json\/wp\/v2\/categories?post=401671"},{"taxonomy":"post_tag","embeddable":true,"href":"https:\/\/www.focolare.org\/pt-pt\/wp-json\/wp\/v2\/tags?post=401671"}],"curies":[{"name":"wp","href":"https:\/\/api.w.org\/{rel}","templated":true}]}}