{"id":401897,"date":"2026-04-28T15:45:00","date_gmt":"2026-04-28T13:45:00","guid":{"rendered":"https:\/\/www.focolare.org\/?p=401897"},"modified":"2026-04-28T15:04:24","modified_gmt":"2026-04-28T13:04:24","slug":"semana-mundo-unido-2026-dar-voz-ao-dialogo","status":"publish","type":"post","link":"https:\/\/www.focolare.org\/pt-pt\/semana-mundo-unido-2026-dar-voz-ao-dialogo\/","title":{"rendered":"Semana Mundo Unido 2026: dar voz ao di\u00e1logo"},"content":{"rendered":"\n<p>A\u00e7\u00f5es, iniciativas, atividades e eventos mundiais para gerar uma rede capaz de viver e testemunhar que a fraternidade universal \u00e9 realmente poss\u00edvel. \u00c9 esse o impulso que anima a Semana Mundo Unido (SMU). Com o apoio de <strong>United World Project <\/strong>com o <strong>Movimento dos Focolares<\/strong> e <strong>Youth for a United World (Y4UW),<\/strong> essa a\u00e7\u00e3o global que ocorre todos os anos de 1 a 7 de maio, atravessa os continentes, oceanos e se torna uma ocasi\u00e3o concreta para transformar valores como unidade e paz em experi\u00eancias compartilhadas.  <\/p>\n\n\n\n<p>Pessoas de culturas, idades e contextos diversos, cada um na pr\u00f3pria cidade e comunidade, abra\u00e7am esse convite com o objetivo de criar espa\u00e7os de encontro aut\u00eantico, conectar energias, ideias e testemunhos capazes de gerar uma mudan\u00e7a real.<\/p>\n\n\n\n<p>A edi\u00e7\u00e3o deste ano prop\u00f5e um tema forte e atual: <strong>#ChooseToDialogue<\/strong>. Em um mundo marcado por conflitos e divis\u00f5es crescentes, torna-se ainda mais urgente e significativo redescobrir o valor do encontro, da escuta e da compreens\u00e3o rec\u00edproca. Escolher o \u201cDi\u00e1logo\u201d com coragem hoje significa se opor \u00e0 l\u00f3gica do desencontro e abrir caminhos de paz; superar as dist\u00e2ncias e transformar as diferen\u00e7as em oportunidade de unidade. Qual \u00e9 a proposta desta SMU? Um percurso cotidiano que convida a viver essa escolha em v\u00e1rios \u00e2mbitos:    <\/p>\n\n\n\n<p>\u2022 1\u00b0 de maio \u2013 Intercultura &amp; Di\u00e1logo<\/p>\n\n\n\n<p>\u2022 2 de maio \u2013 Arte &amp; Comprometimento Social<\/p>\n\n\n\n<p>\u2022 3 de maio \u2013 Sa\u00fade, Esporte e Ecologia<\/p>\n\n\n\n<p>\u2022 4 maggio \u2013 Economia e Lavoro + Educazione e Ricerca<\/p>\n\n\n\n<p>\u2022 5 de maio \u2013 Comunica\u00e7\u00e3o e M\u00eddia<\/p>\n\n\n\n<p>\u2022 6 de maio \u2013 Cidadania Ativa e Pol\u00edtica<\/p>\n\n\n\n<p>\u2022 7 de maio \u2013 Paz &amp; Direitos Humanos<\/p>\n\n\n\n<p>S\u00e3o v\u00e1rios os instrumentos e as propostas colocadas \u00e0 disposi\u00e7\u00e3o para realizar tudo isso, desde o <strong>Time-out<\/strong>, o convite para um momento de sil\u00eancio e ora\u00e7\u00e3o compartilhada que une a todos que querem pedir pela paz, at\u00e9 a <strong>Inspiration Box,<\/strong> documento rico de ideias e sugest\u00f5es para fazer durante a semana.<\/p>\n\n\n\n<p>Entre os encontros imperd\u00edveis:<\/p>\n\n\n\n<ul class=\"wp-block-list\">\n<li><strong>Peace Got Talent &#8211; Living Peace<\/strong>, a transmiss\u00e3o de Living Peace International, que poder\u00e1 ser acompanhada a partir das 14h (GMT+1, hor\u00e1rio de Roma) de s\u00e1bado, 02 de maio no YouTube (@unitedworldproject e @livingpeaceinternational), para se deixar inspirar pelos talentos de muitas pessoas e pelas mensagens de unidade e paz compartilhadas pelos jovens de todo o mundo.<\/li>\n\n\n\n<li><strong>Run4Unity<\/strong>: a corrida global pela paz. Ao meio-dia de cada fuso-hor\u00e1rio, os jovens \u201cpassam o bast\u00e3o\u201d ao pa\u00eds seguinte, criando uma onda mundial de unidade que gira o planeta. Muitos pa\u00edses j\u00e1 est\u00e3o organizando suas etapas para fazer parte dessa corrida global, como Brasil, Venezuela, Paraguai, Argentina, Uganda, Burundi, Nova Caled\u00f4nia, It\u00e1lia, Cro\u00e1cia, entre outros.<\/li>\n\n\n\n<li><strong>Primo Maggio Loppiano (It\u00e1lia)<\/strong>. De 01 a 03 de maio, a Mari\u00e1polis permanente internacional do Movimento dos Focolares pr\u00f3xima a Floren\u00e7a recebe uma nova edi\u00e7\u00e3o do Primo Maggio di Loppiano, o festival da fraternidade dedicado aos jovens. <strong>ROOTS (ra\u00edzes), \u00e0 descoberta daquilo que nos une <\/strong>\u00e9 o t\u00edtulo da manifesta\u00e7\u00e3o: tr\u00eas dias de encontro, hist\u00f3rias, reflex\u00f5es, workshops, exposi\u00e7\u00f5es, atividades educativas e esportivas dedicadas ao tema das ra\u00edzes e da diversidade cultural. Um convite a se aprofundar, a redescobrir as pr\u00f3prias origens culturais e espirituais como ponto de partida para o encontro com o outro.<\/li>\n\n\n\n<li>Tamb\u00e9m em <strong>Portugal<\/strong>, na <strong>Mari\u00e1polis Arco-\u00cdris<\/strong> em Abrigada (Alenquer), o <strong>1\u00b0 de maio <\/strong>ser\u00e1 uma ocasi\u00e3o de festa e de comprometimento em construir um mundo melhor. Promovido pelos <strong>Youth for a United World<\/strong>, o evento, com momentos de partilha e workshops, reunir\u00e1 pessoas provenientes de todo o pa\u00eds e convidados de diversos continentes que acreditam que a fraternidade n\u00e3o \u00e9 s\u00f3 um sonho, mas uma realidade que se constr\u00f3i dia ap\u00f3s dia, com gestos concretos de solidariedade, di\u00e1logo e esperan\u00e7a. O t\u00edtulo do evento \u00e9: \u201cConecta-te. Tens coragem de construir pontes?\u201d.<\/li>\n<\/ul>\n\n\n\n<div style=\"height:20px\" aria-hidden=\"true\" class=\"wp-block-spacer\"><\/div>\n\n\n\n<div class=\"wp-block-group is-layout-constrained wp-block-group-is-layout-constrained\">\n<p class=\"has-black-color has-text-color has-background has-link-color wp-elements-c7f42324761b6a12b1e4b4f8da630a27\" style=\"background-color:#91a3f2c2\"><strong>Como organizar eventos, compartilhar hist\u00f3rias e aderir \u00e0 Semana Mundo Unido 2026?<\/strong><\/p>\n\n\n\n<p class=\"has-black-color has-text-color has-background has-link-color wp-elements-f58c510086b67b5e2934fde60e409d24\" style=\"background-color:#91a3f2c2\">\u00c9 muito simples! Visite o site <a href=\"http:\/\/www.unitedworldproject.org\"><strong>www.unitedworldproject.org<\/strong>,<\/a> d\u00ea uma olhada na se\u00e7\u00e3o oficial da <a href=\"https:\/\/www.unitedworldproject.org\/it\/week\/\"><strong>Semana<\/strong> <strong>Mundo <\/strong><\/a>e siga as redes sociais de United World Project, focolare.org, Youth for a United World ou escreva para o contato <a href=\"mailto:week@unitedworldproject.org\">week@unitedworldproject.org<\/a>.<a href=\"mailto:week@unitedworldproject.org\"><\/a><\/p>\n<\/div>\n\n\n\n<div style=\"height:20px\" aria-hidden=\"true\" class=\"wp-block-spacer\"><\/div>\n\n\n\n<p class=\"has-text-align-right\"><em>Por Maria Grazia Berretta<\/em><\/p>\n\n\n\n<div style=\"height:112px\" aria-hidden=\"true\" class=\"wp-block-spacer\"><\/div>\n","protected":false},"excerpt":{"rendered":"<p>#ChooseToDialogue \u00e9 o chamado global da Semana Mundo Unido 2026. Uma proposta para construir espa\u00e7os de encontro e compartilhar hist\u00f3rias impactantes por meio de um instrumento potente e necess\u00e1rio: o di\u00e1logo. <\/p>\n","protected":false},"author":33,"featured_media":401896,"comment_status":"open","ping_status":"open","sticky":false,"template":"","format":"standard","meta":{"give_campaign_id":0,"_seopress_robots_primary_cat":"","_seopress_titles_title":"","_seopress_titles_desc":"","_seopress_robots_index":"","_et_pb_use_builder":"","_et_pb_old_content":"","_et_gb_content_width":"","footnotes":""},"categories":[2945,3176,3288],"tags":[3391,3347,3198],"class_list":["post-401897","post","type-post","status-publish","format-standard","has-post-thumbnail","hentry","category-nuove-generazioni-3","category-social","category-testimonianze-di-vita-pt-pt","tag-jovens","tag-notifiche-pt-pt","tag-ppg-pt-pt"],"_links":{"self":[{"href":"https:\/\/www.focolare.org\/pt-pt\/wp-json\/wp\/v2\/posts\/401897","targetHints":{"allow":["GET"]}}],"collection":[{"href":"https:\/\/www.focolare.org\/pt-pt\/wp-json\/wp\/v2\/posts"}],"about":[{"href":"https:\/\/www.focolare.org\/pt-pt\/wp-json\/wp\/v2\/types\/post"}],"author":[{"embeddable":true,"href":"https:\/\/www.focolare.org\/pt-pt\/wp-json\/wp\/v2\/users\/33"}],"replies":[{"embeddable":true,"href":"https:\/\/www.focolare.org\/pt-pt\/wp-json\/wp\/v2\/comments?post=401897"}],"version-history":[{"count":4,"href":"https:\/\/www.focolare.org\/pt-pt\/wp-json\/wp\/v2\/posts\/401897\/revisions"}],"predecessor-version":[{"id":401910,"href":"https:\/\/www.focolare.org\/pt-pt\/wp-json\/wp\/v2\/posts\/401897\/revisions\/401910"}],"wp:featuredmedia":[{"embeddable":true,"href":"https:\/\/www.focolare.org\/pt-pt\/wp-json\/wp\/v2\/media\/401896"}],"wp:attachment":[{"href":"https:\/\/www.focolare.org\/pt-pt\/wp-json\/wp\/v2\/media?parent=401897"}],"wp:term":[{"taxonomy":"category","embeddable":true,"href":"https:\/\/www.focolare.org\/pt-pt\/wp-json\/wp\/v2\/categories?post=401897"},{"taxonomy":"post_tag","embeddable":true,"href":"https:\/\/www.focolare.org\/pt-pt\/wp-json\/wp\/v2\/tags?post=401897"}],"curies":[{"name":"wp","href":"https:\/\/api.w.org\/{rel}","templated":true}]}}