{"id":401966,"date":"2026-05-01T05:00:00","date_gmt":"2026-05-01T03:00:00","guid":{"rendered":"https:\/\/www.focolare.org\/?p=401966"},"modified":"2026-04-30T14:47:20","modified_gmt":"2026-04-30T12:47:20","slug":"um-olhar-que-transforma","status":"publish","type":"post","link":"https:\/\/www.focolare.org\/pt-pt\/um-olhar-que-transforma\/","title":{"rendered":"Um olhar que transforma"},"content":{"rendered":"\n<p>Nos momentos da vida em que nos sentimos desanimados em rela\u00e7\u00e3o ao futuro ou decepcionados com as pessoas mais pr\u00f3ximas, pode acontecer algo repentino e inesperado, capaz de dar sentido a tudo e transformar esse desencanto em alegria e at\u00e9 mesmo em uma nova paz dentro e fora de n\u00f3s.<\/p>\n\n<p>\u00c0s vezes, trata-se de uma experi\u00eancia t\u00e3o pessoal e profunda que nos d\u00e1 a coragem de sair de n\u00f3s mesmos e compartilhar com as pessoas o motivo da nossa alegria, como se quis\u00e9ssemos encoraj\u00e1-lasa reviv\u00ea-la, n\u00e3o apenas individualmente, mas tamb\u00e9m como grupo. Talvez essa possa ser a nossa miss\u00e3o: levar a alegria que \u00e9 fruto de uma transforma\u00e7\u00e3o interior e que, por sua vez, transforma o nosso ambiente, renovando-o. <\/p>\n\n<p>No entanto, diante do impulso inicial, daquela sensa\u00e7\u00e3o de poder \u201cconquistar o mundo\u201d, \u00e9 dif\u00edcil enfrentar a realidade e manter os compromissos. Onde encontrar a for\u00e7a para n\u00e3o desistir e ser sempre portadores de alegria e paz? Como n\u00e3o se deixar vencer quando, ao nosso redor, parece que a humanidade falhou como tal?  <\/p>\n\n<p>Olhar para todas as situa\u00e7\u00f5es de maneira diferente \u2013 o que significa procurar tudo o que h\u00e1 de positivo nas circunst\u00e2ncias, sem ingenuidade, mas indo al\u00e9m das apar\u00eancias e encontrando a for\u00e7a para n\u00e3o nos desanimarmos \u2013, pode nos ajudar. Descobriremos que, se mudarmos a maneira como vemos as coisas, as coisas que vemos tamb\u00e9m mudam. Trata-se de nos empenharmos em uma luta di\u00e1ria pelo ideal de um mundo renovado.  <\/p>\n\n<p>Podemos encontrar for\u00e7a unindo-nos \u00e0s pessoas que, assim como n\u00f3s, n\u00e3o se resignam ao status quo, mas se unem para serem instrumentos de mudan\u00e7a.<\/p>\n\n<p>Especialmente neste momento hist\u00f3rico, \u00e9 fundamental olhar, antes de tudo, para dentro de n\u00f3s mesmos, ouvir a nossa consci\u00eancia, que a cada momento nos sugerir\u00e1 como agir ou quais palavras compartilhar, a fim de que o fato de nos aproximarmos dos outros, compartilhando as suas aspira\u00e7\u00f5es, abra novos caminhos para a renova\u00e7\u00e3o da sociedade.<\/p>\n\n<p><\/p>\n\n<p><\/p>\n\n<p>Fotos: \u00a9Mircea Iancu &#8211; Pixabay<\/p>\n","protected":false},"excerpt":{"rendered":"<p>Ideia do M\u00eas &#8211; Maio 2026<\/p>\n","protected":false},"author":33,"featured_media":401672,"comment_status":"open","ping_status":"open","sticky":false,"template":"","format":"standard","meta":{"give_campaign_id":0,"_seopress_robots_primary_cat":"","_seopress_titles_title":"","_seopress_titles_desc":"","_seopress_robots_index":"","_et_pb_use_builder":"","_et_pb_old_content":"","_et_gb_content_width":"","footnotes":""},"categories":[3435],"tags":[3347,3198],"class_list":["post-401966","post","type-post","status-publish","format-standard","has-post-thumbnail","hentry","category-ideia-do-mes","tag-notifiche-pt-pt","tag-ppg-pt-pt"],"_links":{"self":[{"href":"https:\/\/www.focolare.org\/pt-pt\/wp-json\/wp\/v2\/posts\/401966","targetHints":{"allow":["GET"]}}],"collection":[{"href":"https:\/\/www.focolare.org\/pt-pt\/wp-json\/wp\/v2\/posts"}],"about":[{"href":"https:\/\/www.focolare.org\/pt-pt\/wp-json\/wp\/v2\/types\/post"}],"author":[{"embeddable":true,"href":"https:\/\/www.focolare.org\/pt-pt\/wp-json\/wp\/v2\/users\/33"}],"replies":[{"embeddable":true,"href":"https:\/\/www.focolare.org\/pt-pt\/wp-json\/wp\/v2\/comments?post=401966"}],"version-history":[{"count":1,"href":"https:\/\/www.focolare.org\/pt-pt\/wp-json\/wp\/v2\/posts\/401966\/revisions"}],"predecessor-version":[{"id":401967,"href":"https:\/\/www.focolare.org\/pt-pt\/wp-json\/wp\/v2\/posts\/401966\/revisions\/401967"}],"wp:featuredmedia":[{"embeddable":true,"href":"https:\/\/www.focolare.org\/pt-pt\/wp-json\/wp\/v2\/media\/401672"}],"wp:attachment":[{"href":"https:\/\/www.focolare.org\/pt-pt\/wp-json\/wp\/v2\/media?parent=401966"}],"wp:term":[{"taxonomy":"category","embeddable":true,"href":"https:\/\/www.focolare.org\/pt-pt\/wp-json\/wp\/v2\/categories?post=401966"},{"taxonomy":"post_tag","embeddable":true,"href":"https:\/\/www.focolare.org\/pt-pt\/wp-json\/wp\/v2\/tags?post=401966"}],"curies":[{"name":"wp","href":"https:\/\/api.w.org\/{rel}","templated":true}]}}