{"id":406730,"date":"2026-09-01T05:10:00","date_gmt":"2026-09-01T03:10:00","guid":{"rendered":"https:\/\/www.focolare.org\/?p=406730"},"modified":"2026-08-28T11:26:44","modified_gmt":"2026-08-28T09:26:44","slug":"a-regra-de-platino","status":"publish","type":"post","link":"https:\/\/www.focolare.org\/pt-pt\/a-regra-de-platino\/","title":{"rendered":"A Regra de platino"},"content":{"rendered":"\n<p class=\"wp-block-paragraph\">Chamam-na de \u201cRegra de platino\u201d. Todos conhecem a grandeza da Regra de Ouro (\u201cfa\u00e7a ao outro o que voc\u00ea gostaria que fizessem a voc\u00ea\u201d) e \u00e9 justamente dela que surge o que pode ser considerado uma evolu\u00e7\u00e3o ainda mais universal: \u201cesforce-se para compreender o que o outro gostaria que fizessem a ele: e, consequentemente, atue\u201d.  <\/p>\n\n<p class=\"wp-block-paragraph\">Talvez seja justamente aqui que possamos reconhecer uma das formas mais aut\u00eanticas do amor: encontrarmo-nos de igual para igual, cada um com suas for\u00e7as e suas fragilidades, em uma rela\u00e7\u00e3o de reciprocidade e respeito, reconhecendo o valor e a dignidade de cada vida, mesmo nos contextos mais dif\u00edceis. Trata-se de olhar com aten\u00e7\u00e3o para quem est\u00e1 ao nosso lado, sem ignor\u00e1-lo. <\/p>\n\n<p class=\"wp-block-paragraph\"> \u201cO verdadeiro amor ao pr\u00f3ximo \u2013 afirma Chiara Lubich \u2013 n\u00e3o pratica mal algum <a href=\"#_ftn1\" id=\"_ftnref1\">[1]<\/a>\u201d, de fato, amando, evitamos toda forma de mal, tanto para conosco quanto para com nossos irm\u00e3os e irm\u00e3s. O primeiro passo no amor ao pr\u00f3ximo \u00e9, justamente, n\u00e3o lhe fazer nada de mal. Mas, para chegar a amar plenamente, \u00e9 preciso tornar-se criativo no amor: o Papa Francisco nos lembrou que n\u00e3o \u00e9 suficiente n\u00e3o praticar o mal contra o pr\u00f3ximo, mas \u00e9 necess\u00e1rio escolher fazer o bem, aproveitando as ocasi\u00f5es que se apresentam.   <\/p>\n\n<p class=\"wp-block-paragraph\">Sabemos disso: nenhum de n\u00f3s pode dar o que n\u00e3o tem. Somente reconhecendo que fomos, antes de tudo, amados \u00e9 que podemos compartilhar plenamente os nossos dons com os outros.<\/p>\n\n<p class=\"wp-block-paragraph\">Como viver, ent\u00e3o, essa Ideia do M\u00eas? Recoloquemos o amor no centro da nossa vida. Amemos os outros concretamente, com criatividade e imagina\u00e7\u00e3o e, acima de tudo, com uma escuta profunda, que vem \u201cde dentro\u201d, do cora\u00e7\u00e3o.  <\/p>\n\n<p class=\"wp-block-paragraph\">Doris, uma jovem escocesa, nos conta: \u201cDurante nossas visitas regulares a um abrigo para moradores de rua, eu entro em um mundo muito diferente do meu. Sei que o que importa n\u00e3o \u00e9 tanto como me sinto, mas sim como amo. Um dia, um homem com uma profunda tristeza no rosto me confidenciou que se sentia disposto a acabar com tudo, que at\u00e9 queria morrer. Eu fiquei simplesmente escutando, depois compartilhamos um sandu\u00edche e um caf\u00e9. E entendi que ouvir e estar presente j\u00e1 era uma forma de demonstrar amor. Quando chegou a hora de ir embora, ele me deu um forte abra\u00e7o e sorriu para mim, dizendo que aquilo que est\u00e1vamos fazendo era muito importante, n\u00e3o s\u00f3 para ele, mas para todos os que estavam ali. Senti o incr\u00edvel poder do amor. N\u00e3o sei se consegui \u2018salv\u00e1-lo\u2019, mas a gratid\u00e3o dele me encheu de alegria, e isso, por si s\u00f3, j\u00e1 \u00e9 uma experi\u00eancia muito forte.\u201d<\/p>\n\n<div style=\"height:100px\" aria-hidden=\"true\" class=\"wp-block-spacer\"><\/div>\n\n<p class=\"has-small-font-size wp-block-paragraph\"><a href=\"#_ftnref1\" id=\"_ftn1\">[1]<\/a> C. Lubich, Parola di vita settembre 1993, in eadem, Parole di Vita, a cura di Fabio Ciardi, (Opere di Chiara Lubich 5), Citt\u00e0 Nuova, Roma 2017, p. 531.<\/p>\n\n<p class=\"has-small-font-size wp-block-paragraph\">Foto \u00a9 Myriams fotos &#8211; Pixabay <\/p>\n\n<div style=\"height:80px\" aria-hidden=\"true\" class=\"wp-block-spacer\"><\/div>\n\n<p class=\"has-small-font-size wp-block-paragraph\">A IDEIA DO M\u00caS, \u00e9 preparada pelo \u201cCentro do Di\u00e1logo com pessoas de convic\u00e7\u00f5es n\u00e3o religiosas\u201d do Movimento dos Focolares. \u00c9 uma iniciativa que nasceu no Uruguai em 2014 para compartilhar com os amigos que n\u00e3o creem em Deus os valores da Palavra de Vida, uma frase da Escritura que os membros do Movimento se comprometem a colocar em pr\u00e1tica. Atualmente, A IDEIA DO M\u00caS \u00e9 traduzida em doze idiomas e distribu\u00edda em mais de 25 pa\u00edses, adaptada em alguns deles segundo as exig\u00eancias culturais.   www. dialogue4unity.focolare.org<\/p>\n\n<div style=\"height:100px\" aria-hidden=\"true\" class=\"wp-block-spacer\"><\/div>\n\n<hr class=\"wp-block-separator has-alpha-channel-opacity\"\/>\n\n<p class=\"wp-block-paragraph\"><\/p>\n","protected":false},"excerpt":{"rendered":"<p>Ideia do M\u00eas &#8211; Setembro De 2026<\/p>\n","protected":false},"author":33,"featured_media":406729,"comment_status":"open","ping_status":"open","sticky":false,"template":"","format":"standard","meta":{"give_campaign_id":0,"_seopress_titles_title":"","_seopress_titles_desc":"","_seopress_robots_index":"","_seopress_robots_follow":"","_seopress_robots_imageindex":"","_seopress_robots_snippet":"","_seopress_robots_primary_cat":"","_seopress_robots_breadcrumbs":"","_seopress_robots_freeze_modified_date":"","_seopress_robots_custom_modified_date":"","_seopress_robots_canonical":"","_seopress_social_fb_title":"","_seopress_social_fb_desc":"","_seopress_social_fb_img":"","_seopress_social_fb_img_attachment_id":0,"_seopress_social_fb_img_width":0,"_seopress_social_fb_img_height":0,"_seopress_social_twitter_title":"","_seopress_social_twitter_desc":"","_seopress_social_twitter_img":"","_seopress_social_twitter_img_attachment_id":0,"_seopress_social_twitter_img_width":0,"_seopress_social_twitter_img_height":0,"_seopress_redirections_value":"","_seopress_redirections_enabled":"","_seopress_redirections_enabled_regex":"","_seopress_redirections_logged_status":"","_seopress_redirections_param":"","_seopress_redirections_type":0,"_seopress_analysis_target_kw":"","_seopress_news_disabled":"","_seopress_video_disabled":"","_seopress_video":[],"_seopress_pro_schemas_manual":[],"_seopress_pro_rich_snippets_disable_all":"","_seopress_pro_rich_snippets_disable":[],"_seopress_pro_schemas":[],"_et_pb_use_builder":"","_et_pb_old_content":"","_et_gb_content_width":"","footnotes":""},"categories":[3435],"tags":[3347,3198],"class_list":["post-406730","post","type-post","status-publish","format-standard","has-post-thumbnail","hentry","category-ideia-do-mes","tag-notifiche-pt-pt","tag-ppg-pt-pt"],"_links":{"self":[{"href":"https:\/\/www.focolare.org\/pt-pt\/wp-json\/wp\/v2\/posts\/406730","targetHints":{"allow":["GET"]}}],"collection":[{"href":"https:\/\/www.focolare.org\/pt-pt\/wp-json\/wp\/v2\/posts"}],"about":[{"href":"https:\/\/www.focolare.org\/pt-pt\/wp-json\/wp\/v2\/types\/post"}],"author":[{"embeddable":true,"href":"https:\/\/www.focolare.org\/pt-pt\/wp-json\/wp\/v2\/users\/33"}],"replies":[{"embeddable":true,"href":"https:\/\/www.focolare.org\/pt-pt\/wp-json\/wp\/v2\/comments?post=406730"}],"version-history":[{"count":5,"href":"https:\/\/www.focolare.org\/pt-pt\/wp-json\/wp\/v2\/posts\/406730\/revisions"}],"predecessor-version":[{"id":406771,"href":"https:\/\/www.focolare.org\/pt-pt\/wp-json\/wp\/v2\/posts\/406730\/revisions\/406771"}],"wp:featuredmedia":[{"embeddable":true,"href":"https:\/\/www.focolare.org\/pt-pt\/wp-json\/wp\/v2\/media\/406729"}],"wp:attachment":[{"href":"https:\/\/www.focolare.org\/pt-pt\/wp-json\/wp\/v2\/media?parent=406730"}],"wp:term":[{"taxonomy":"category","embeddable":true,"href":"https:\/\/www.focolare.org\/pt-pt\/wp-json\/wp\/v2\/categories?post=406730"},{"taxonomy":"post_tag","embeddable":true,"href":"https:\/\/www.focolare.org\/pt-pt\/wp-json\/wp\/v2\/tags?post=406730"}],"curies":[{"name":"wp","href":"https:\/\/api.w.org\/{rel}","templated":true}]}}